{"id":46816,"date":"2023-09-30T08:31:55","date_gmt":"2023-09-30T06:31:55","guid":{"rendered":"https:\/\/gronau-inside.de\/eig_news\/entdeckt-den-herbst-in-seiner-vollen-pracht-z-b-mit-den-eleganten-anzuegen-i"},"modified":"2023-09-30T08:31:55","modified_gmt":"2023-09-30T06:31:55","slug":"entdeckt-den-herbst-in-seiner-vollen-pracht-z-b-mit-den-eleganten-anzuegen-i","status":"publish","type":"eig_news","link":"https:\/\/gronau-inside.de\/en\/eig_news\/entdeckt-den-herbst-in-seiner-vollen-pracht-z-b-mit-den-eleganten-anzuegen-i","title":{"rendered":"Entdeckt den Herbst in seiner vollen Pracht, z.B. mit den eleganten Anz\u00fcgen i&#8230;"},"content":{"rendered":"<p>Entdeckt den Herbst in seiner vollen Pracht, z.B. mit den eleganten Anz\u00fcgen in sch\u00f6nen Herbstfarben bei Theo Dreier in Gronau!\ud83c\udf42 \ud83c\udf41 Stilvoll und chic \u2013 die perfekte Wahl, f\u00fcr jeden Anlass.<\/p>\n","protected":false},"featured_media":46813,"template":"","categories":[],"class_list":["post-46816","eig_news","type-eig_news","status-publish","has-post-thumbnail","hentry"],"acf":[],"yoast_head":"<!-- This site is optimized with the Yoast SEO plugin v27.5 - https:\/\/yoast.com\/product\/yoast-seo-wordpress\/ -->\n<title>Entdeckt den Herbst in seiner vollen Pracht, z.B. mit den eleganten Anz\u00fcgen i... - Gronau Inside<\/title>\n<meta name=\"robots\" content=\"index, follow, max-snippet:-1, max-image-preview:large, max-video-preview:-1\" \/>\n<link rel=\"canonical\" href=\"https:\/\/gronau-inside.de\/en\/eig_news\/entdeckt-den-herbst-in-seiner-vollen-pracht-z-b-mit-den-eleganten-anzuegen-i\" \/>\n<meta property=\"og:locale\" content=\"en_US\" \/>\n<meta property=\"og:type\" content=\"article\" \/>\n<meta property=\"og:title\" content=\"Entdeckt den Herbst in seiner vollen Pracht, z.B. mit den eleganten Anz\u00fcgen i... - Gronau Inside\" \/>\n<meta property=\"og:description\" content=\"Entdeckt den Herbst in seiner vollen Pracht, z.B. mit den eleganten Anz\u00fcgen in sch\u00f6nen Herbstfarben bei Theo Dreier in Gronau!\ud83c\udf42 \ud83c\udf41 Stilvoll und chic \u2013 die perfekte Wahl, f\u00fcr jeden [&hellip;]\" \/>\n<meta property=\"og:url\" content=\"https:\/\/gronau-inside.de\/en\/eig_news\/entdeckt-den-herbst-in-seiner-vollen-pracht-z-b-mit-den-eleganten-anzuegen-i\" \/>\n<meta property=\"og:site_name\" content=\"Gronau Inside\" \/>\n<meta property=\"og:image\" content=\"https:\/\/gronau-inside.de\/wp-content\/uploads\/2023\/09\/384483091_822331993230904_7026981571955201722_n.jpg\" \/>\n\t<meta property=\"og:image:width\" content=\"720\" \/>\n\t<meta property=\"og:image:height\" content=\"900\" \/>\n\t<meta property=\"og:image:type\" content=\"image\/jpeg\" \/>\n<meta name=\"twitter:card\" content=\"summary_large_image\" \/>\n<script type=\"application\/ld+json\" class=\"yoast-schema-graph\">{\"@context\":\"https:\\\/\\\/schema.org\",\"@graph\":[{\"@type\":\"WebPage\",\"@id\":\"https:\\\/\\\/gronau-inside.de\\\/en\\\/eig_news\\\/entdeckt-den-herbst-in-seiner-vollen-pracht-z-b-mit-den-eleganten-anzuegen-i\",\"url\":\"https:\\\/\\\/gronau-inside.de\\\/en\\\/eig_news\\\/entdeckt-den-herbst-in-seiner-vollen-pracht-z-b-mit-den-eleganten-anzuegen-i\",\"name\":\"Entdeckt den Herbst in seiner vollen Pracht, z.B. mit den eleganten Anz\u00fcgen i... - Gronau Inside\",\"isPartOf\":{\"@id\":\"https:\\\/\\\/gronau-inside.de\\\/en#website\"},\"primaryImageOfPage\":{\"@id\":\"https:\\\/\\\/gronau-inside.de\\\/en\\\/eig_news\\\/entdeckt-den-herbst-in-seiner-vollen-pracht-z-b-mit-den-eleganten-anzuegen-i#primaryimage\"},\"image\":{\"@id\":\"https:\\\/\\\/gronau-inside.de\\\/en\\\/eig_news\\\/entdeckt-den-herbst-in-seiner-vollen-pracht-z-b-mit-den-eleganten-anzuegen-i#primaryimage\"},\"thumbnailUrl\":\"https:\\\/\\\/gronau-inside.de\\\/wp-content\\\/uploads\\\/2023\\\/09\\\/384483091_822331993230904_7026981571955201722_n.jpg\",\"datePublished\":\"2023-09-30T06:31:55+00:00\",\"breadcrumb\":{\"@id\":\"https:\\\/\\\/gronau-inside.de\\\/en\\\/eig_news\\\/entdeckt-den-herbst-in-seiner-vollen-pracht-z-b-mit-den-eleganten-anzuegen-i#breadcrumb\"},\"inLanguage\":\"en-US\",\"potentialAction\":[{\"@type\":\"ReadAction\",\"target\":[\"https:\\\/\\\/gronau-inside.de\\\/en\\\/eig_news\\\/entdeckt-den-herbst-in-seiner-vollen-pracht-z-b-mit-den-eleganten-anzuegen-i\"]}]},{\"@type\":\"ImageObject\",\"inLanguage\":\"en-US\",\"@id\":\"https:\\\/\\\/gronau-inside.de\\\/en\\\/eig_news\\\/entdeckt-den-herbst-in-seiner-vollen-pracht-z-b-mit-den-eleganten-anzuegen-i#primaryimage\",\"url\":\"https:\\\/\\\/gronau-inside.de\\\/wp-content\\\/uploads\\\/2023\\\/09\\\/384483091_822331993230904_7026981571955201722_n.jpg\",\"contentUrl\":\"https:\\\/\\\/gronau-inside.de\\\/wp-content\\\/uploads\\\/2023\\\/09\\\/384483091_822331993230904_7026981571955201722_n.jpg\",\"width\":720,\"height\":900},{\"@type\":\"BreadcrumbList\",\"@id\":\"https:\\\/\\\/gronau-inside.de\\\/en\\\/eig_news\\\/entdeckt-den-herbst-in-seiner-vollen-pracht-z-b-mit-den-eleganten-anzuegen-i#breadcrumb\",\"itemListElement\":[{\"@type\":\"ListItem\",\"position\":1,\"name\":\"Startseite\",\"item\":\"https:\\\/\\\/gronau-inside.de\\\/en\\\/home-page\"},{\"@type\":\"ListItem\",\"position\":2,\"name\":\"Entdeckt den Herbst in seiner vollen Pracht, z.B. mit den eleganten Anz\u00fcgen i&#8230;\"}]},{\"@type\":\"WebSite\",\"@id\":\"https:\\\/\\\/gronau-inside.de\\\/en#website\",\"url\":\"https:\\\/\\\/gronau-inside.de\\\/en\",\"name\":\"Gronau Inside\",\"description\":\"Musikstadt im Gr\u00fcnen\",\"publisher\":{\"@id\":\"https:\\\/\\\/gronau-inside.de\\\/en#organization\"},\"potentialAction\":[{\"@type\":\"SearchAction\",\"target\":{\"@type\":\"EntryPoint\",\"urlTemplate\":\"https:\\\/\\\/gronau-inside.de\\\/en?s={search_term_string}\"},\"query-input\":{\"@type\":\"PropertyValueSpecification\",\"valueRequired\":true,\"valueName\":\"search_term_string\"}}],\"inLanguage\":\"en-US\"},{\"@type\":\"Organization\",\"@id\":\"https:\\\/\\\/gronau-inside.de\\\/en#organization\",\"name\":\"Gronau Inside\",\"url\":\"https:\\\/\\\/gronau-inside.de\\\/en\",\"logo\":{\"@type\":\"ImageObject\",\"inLanguage\":\"en-US\",\"@id\":\"https:\\\/\\\/gronau-inside.de\\\/en#\\\/schema\\\/logo\\\/image\\\/\",\"url\":\"https:\\\/\\\/gronau-inside.de\\\/wp-content\\\/uploads\\\/2020\\\/10\\\/01_gronau-logo_weissaufweiss_Schriftzug-1.png\",\"contentUrl\":\"https:\\\/\\\/gronau-inside.de\\\/wp-content\\\/uploads\\\/2020\\\/10\\\/01_gronau-logo_weissaufweiss_Schriftzug-1.png\",\"width\":254,\"height\":246,\"caption\":\"Gronau Inside\"},\"image\":{\"@id\":\"https:\\\/\\\/gronau-inside.de\\\/en#\\\/schema\\\/logo\\\/image\\\/\"}}]}<\/script>\n<!-- \/ Yoast SEO plugin. -->","yoast_head_json":{"title":"Entdeckt den Herbst in seiner vollen Pracht, z.B. mit den eleganten Anz\u00fcgen i... - Gronau Inside","robots":{"index":"index","follow":"follow","max-snippet":"max-snippet:-1","max-image-preview":"max-image-preview:large","max-video-preview":"max-video-preview:-1"},"canonical":"https:\/\/gronau-inside.de\/en\/eig_news\/entdeckt-den-herbst-in-seiner-vollen-pracht-z-b-mit-den-eleganten-anzuegen-i","og_locale":"en_US","og_type":"article","og_title":"Entdeckt den Herbst in seiner vollen Pracht, z.B. mit den eleganten Anz\u00fcgen i... - Gronau Inside","og_description":"Entdeckt den Herbst in seiner vollen Pracht, z.B. mit den eleganten Anz\u00fcgen in sch\u00f6nen Herbstfarben bei Theo Dreier in Gronau!\ud83c\udf42 \ud83c\udf41 Stilvoll und chic \u2013 die perfekte Wahl, f\u00fcr jeden [&hellip;]","og_url":"https:\/\/gronau-inside.de\/en\/eig_news\/entdeckt-den-herbst-in-seiner-vollen-pracht-z-b-mit-den-eleganten-anzuegen-i","og_site_name":"Gronau Inside","og_image":[{"width":720,"height":900,"url":"https:\/\/gronau-inside.de\/wp-content\/uploads\/2023\/09\/384483091_822331993230904_7026981571955201722_n.jpg","type":"image\/jpeg"}],"twitter_card":"summary_large_image","schema":{"@context":"https:\/\/schema.org","@graph":[{"@type":"WebPage","@id":"https:\/\/gronau-inside.de\/en\/eig_news\/entdeckt-den-herbst-in-seiner-vollen-pracht-z-b-mit-den-eleganten-anzuegen-i","url":"https:\/\/gronau-inside.de\/en\/eig_news\/entdeckt-den-herbst-in-seiner-vollen-pracht-z-b-mit-den-eleganten-anzuegen-i","name":"Entdeckt den Herbst in seiner vollen Pracht, z.B. mit den eleganten Anz\u00fcgen i... - Gronau Inside","isPartOf":{"@id":"https:\/\/gronau-inside.de\/en#website"},"primaryImageOfPage":{"@id":"https:\/\/gronau-inside.de\/en\/eig_news\/entdeckt-den-herbst-in-seiner-vollen-pracht-z-b-mit-den-eleganten-anzuegen-i#primaryimage"},"image":{"@id":"https:\/\/gronau-inside.de\/en\/eig_news\/entdeckt-den-herbst-in-seiner-vollen-pracht-z-b-mit-den-eleganten-anzuegen-i#primaryimage"},"thumbnailUrl":"https:\/\/gronau-inside.de\/wp-content\/uploads\/2023\/09\/384483091_822331993230904_7026981571955201722_n.jpg","datePublished":"2023-09-30T06:31:55+00:00","breadcrumb":{"@id":"https:\/\/gronau-inside.de\/en\/eig_news\/entdeckt-den-herbst-in-seiner-vollen-pracht-z-b-mit-den-eleganten-anzuegen-i#breadcrumb"},"inLanguage":"en-US","potentialAction":[{"@type":"ReadAction","target":["https:\/\/gronau-inside.de\/en\/eig_news\/entdeckt-den-herbst-in-seiner-vollen-pracht-z-b-mit-den-eleganten-anzuegen-i"]}]},{"@type":"ImageObject","inLanguage":"en-US","@id":"https:\/\/gronau-inside.de\/en\/eig_news\/entdeckt-den-herbst-in-seiner-vollen-pracht-z-b-mit-den-eleganten-anzuegen-i#primaryimage","url":"https:\/\/gronau-inside.de\/wp-content\/uploads\/2023\/09\/384483091_822331993230904_7026981571955201722_n.jpg","contentUrl":"https:\/\/gronau-inside.de\/wp-content\/uploads\/2023\/09\/384483091_822331993230904_7026981571955201722_n.jpg","width":720,"height":900},{"@type":"BreadcrumbList","@id":"https:\/\/gronau-inside.de\/en\/eig_news\/entdeckt-den-herbst-in-seiner-vollen-pracht-z-b-mit-den-eleganten-anzuegen-i#breadcrumb","itemListElement":[{"@type":"ListItem","position":1,"name":"Startseite","item":"https:\/\/gronau-inside.de\/en\/home-page"},{"@type":"ListItem","position":2,"name":"Entdeckt den Herbst in seiner vollen Pracht, z.B. mit den eleganten Anz\u00fcgen i&#8230;"}]},{"@type":"WebSite","@id":"https:\/\/gronau-inside.de\/en#website","url":"https:\/\/gronau-inside.de\/en","name":"Gronau Inside","description":"Musikstadt im Gr\u00fcnen","publisher":{"@id":"https:\/\/gronau-inside.de\/en#organization"},"potentialAction":[{"@type":"SearchAction","target":{"@type":"EntryPoint","urlTemplate":"https:\/\/gronau-inside.de\/en?s={search_term_string}"},"query-input":{"@type":"PropertyValueSpecification","valueRequired":true,"valueName":"search_term_string"}}],"inLanguage":"en-US"},{"@type":"Organization","@id":"https:\/\/gronau-inside.de\/en#organization","name":"Gronau Inside","url":"https:\/\/gronau-inside.de\/en","logo":{"@type":"ImageObject","inLanguage":"en-US","@id":"https:\/\/gronau-inside.de\/en#\/schema\/logo\/image\/","url":"https:\/\/gronau-inside.de\/wp-content\/uploads\/2020\/10\/01_gronau-logo_weissaufweiss_Schriftzug-1.png","contentUrl":"https:\/\/gronau-inside.de\/wp-content\/uploads\/2020\/10\/01_gronau-logo_weissaufweiss_Schriftzug-1.png","width":254,"height":246,"caption":"Gronau Inside"},"image":{"@id":"https:\/\/gronau-inside.de\/en#\/schema\/logo\/image\/"}}]}},"_links":{"self":[{"href":"https:\/\/gronau-inside.de\/en\/wp-json\/wp\/v2\/eig_news\/46816","targetHints":{"allow":["GET"]}}],"collection":[{"href":"https:\/\/gronau-inside.de\/en\/wp-json\/wp\/v2\/eig_news"}],"about":[{"href":"https:\/\/gronau-inside.de\/en\/wp-json\/wp\/v2\/types\/eig_news"}],"wp:featuredmedia":[{"embeddable":true,"href":"https:\/\/gronau-inside.de\/en\/wp-json\/wp\/v2\/media\/46813"}],"wp:attachment":[{"href":"https:\/\/gronau-inside.de\/en\/wp-json\/wp\/v2\/media?parent=46816"}],"wp:term":[{"taxonomy":"category","embeddable":true,"href":"https:\/\/gronau-inside.de\/en\/wp-json\/wp\/v2\/categories?post=46816"}],"curies":[{"name":"wp","href":"https:\/\/api.w.org\/{rel}","templated":true}]}}