{"id":61753,"date":"2024-03-29T10:32:26","date_gmt":"2024-03-29T09:32:26","guid":{"rendered":"https:\/\/gronau-inside.de\/eig_news\/fruehlingsfarben-zum-verlieben-bei-theo-dreier-%f0%9f%8c%b7%f0%9f%92%9awenn-ihr-ein-tolles-outfit"},"modified":"2024-03-29T10:32:26","modified_gmt":"2024-03-29T09:32:26","slug":"fruehlingsfarben-zum-verlieben-bei-theo-dreier-%f0%9f%8c%b7%f0%9f%92%9awenn-ihr-ein-tolles-outfit","status":"publish","type":"eig_news","link":"https:\/\/gronau-inside.de\/en\/eig_news\/fruehlingsfarben-zum-verlieben-bei-theo-dreier-%f0%9f%8c%b7%f0%9f%92%9awenn-ihr-ein-tolles-outfit","title":{"rendered":"Fr\u00fchlingsfarben zum verlieben bei Theo Dreier \ud83c\udf37\ud83d\udc9a!\n\nWenn ihr ein tolles Outfit&#8230;"},"content":{"rendered":"<p>Fr\u00fchlingsfarben zum verlieben bei Theo Dreier \ud83c\udf37\ud83d\udc9a!<\/p>\n<p>Wenn ihr ein tolles Outfit sucht, nutzt auf jeden Fall morgen noch einmal die Gelegenheit einen Gutschein im Gesch\u00e4ft zu finden und beim Kauf direkt einzul\u00f6sen. Passend zu Ostern verteilt Theo Dreier f\u00fcr euch am 30.03 n\u00e4mlich keine Ostereier, sondern 5\u20ac Gutscheine!\ud83d\udc30\ud83e\udeba<br \/>\nAlso, viel Gl\u00fcck bei der Suche und viel Spa\u00df beim shoppen!\ud83c\udf40<\/p>\n","protected":false},"featured_media":61750,"template":"","categories":[],"class_list":["post-61753","eig_news","type-eig_news","status-publish","has-post-thumbnail","hentry"],"acf":[],"yoast_head":"<!-- This site is optimized with the Yoast SEO plugin v27.5 - https:\/\/yoast.com\/product\/yoast-seo-wordpress\/ -->\n<title>Fr\u00fchlingsfarben zum verlieben bei Theo Dreier \ud83c\udf37\ud83d\udc9a! Wenn ihr ein tolles Outfit... - Gronau Inside<\/title>\n<meta name=\"robots\" content=\"index, follow, max-snippet:-1, max-image-preview:large, max-video-preview:-1\" \/>\n<link rel=\"canonical\" href=\"https:\/\/gronau-inside.de\/en\/eig_news\/fruehlingsfarben-zum-verlieben-bei-theo-dreier-%f0%9f%8c%b7%f0%9f%92%9awenn-ihr-ein-tolles-outfit\" \/>\n<meta property=\"og:locale\" content=\"en_US\" \/>\n<meta property=\"og:type\" content=\"article\" \/>\n<meta property=\"og:title\" content=\"Fr\u00fchlingsfarben zum verlieben bei Theo Dreier \ud83c\udf37\ud83d\udc9a! Wenn ihr ein tolles Outfit... - Gronau Inside\" \/>\n<meta property=\"og:description\" content=\"Fr\u00fchlingsfarben zum verlieben bei Theo Dreier \ud83c\udf37\ud83d\udc9a! Wenn ihr ein tolles Outfit sucht, nutzt auf jeden Fall morgen noch einmal die Gelegenheit einen Gutschein im Gesch\u00e4ft zu finden und beim [&hellip;]\" \/>\n<meta property=\"og:url\" content=\"https:\/\/gronau-inside.de\/en\/eig_news\/fruehlingsfarben-zum-verlieben-bei-theo-dreier-%f0%9f%8c%b7%f0%9f%92%9awenn-ihr-ein-tolles-outfit\" \/>\n<meta property=\"og:site_name\" content=\"Gronau Inside\" \/>\n<meta name=\"twitter:card\" content=\"summary_large_image\" \/>\n<script type=\"application\/ld+json\" class=\"yoast-schema-graph\">{\"@context\":\"https:\\\/\\\/schema.org\",\"@graph\":[{\"@type\":\"WebPage\",\"@id\":\"https:\\\/\\\/gronau-inside.de\\\/en\\\/eig_news\\\/fruehlingsfarben-zum-verlieben-bei-theo-dreier-%f0%9f%8c%b7%f0%9f%92%9awenn-ihr-ein-tolles-outfit\",\"url\":\"https:\\\/\\\/gronau-inside.de\\\/en\\\/eig_news\\\/fruehlingsfarben-zum-verlieben-bei-theo-dreier-%f0%9f%8c%b7%f0%9f%92%9awenn-ihr-ein-tolles-outfit\",\"name\":\"Fr\u00fchlingsfarben zum verlieben bei Theo Dreier \ud83c\udf37\ud83d\udc9a! Wenn ihr ein tolles Outfit... - Gronau Inside\",\"isPartOf\":{\"@id\":\"https:\\\/\\\/gronau-inside.de\\\/en#website\"},\"primaryImageOfPage\":{\"@id\":\"https:\\\/\\\/gronau-inside.de\\\/en\\\/eig_news\\\/fruehlingsfarben-zum-verlieben-bei-theo-dreier-%f0%9f%8c%b7%f0%9f%92%9awenn-ihr-ein-tolles-outfit#primaryimage\"},\"image\":{\"@id\":\"https:\\\/\\\/gronau-inside.de\\\/en\\\/eig_news\\\/fruehlingsfarben-zum-verlieben-bei-theo-dreier-%f0%9f%8c%b7%f0%9f%92%9awenn-ihr-ein-tolles-outfit#primaryimage\"},\"thumbnailUrl\":\"https:\\\/\\\/gronau-inside.de\\\/wp-content\\\/uploads\\\/2024\\\/03\\\/434399284_954199503377485_6391169016394507052_n.jpg\",\"datePublished\":\"2024-03-29T09:32:26+00:00\",\"breadcrumb\":{\"@id\":\"https:\\\/\\\/gronau-inside.de\\\/en\\\/eig_news\\\/fruehlingsfarben-zum-verlieben-bei-theo-dreier-%f0%9f%8c%b7%f0%9f%92%9awenn-ihr-ein-tolles-outfit#breadcrumb\"},\"inLanguage\":\"en-US\",\"potentialAction\":[{\"@type\":\"ReadAction\",\"target\":[\"https:\\\/\\\/gronau-inside.de\\\/en\\\/eig_news\\\/fruehlingsfarben-zum-verlieben-bei-theo-dreier-%f0%9f%8c%b7%f0%9f%92%9awenn-ihr-ein-tolles-outfit\"]}]},{\"@type\":\"ImageObject\",\"inLanguage\":\"en-US\",\"@id\":\"https:\\\/\\\/gronau-inside.de\\\/en\\\/eig_news\\\/fruehlingsfarben-zum-verlieben-bei-theo-dreier-%f0%9f%8c%b7%f0%9f%92%9awenn-ihr-ein-tolles-outfit#primaryimage\",\"url\":\"https:\\\/\\\/gronau-inside.de\\\/wp-content\\\/uploads\\\/2024\\\/03\\\/434399284_954199503377485_6391169016394507052_n.jpg\",\"contentUrl\":\"https:\\\/\\\/gronau-inside.de\\\/wp-content\\\/uploads\\\/2024\\\/03\\\/434399284_954199503377485_6391169016394507052_n.jpg\",\"width\":720,\"height\":720},{\"@type\":\"BreadcrumbList\",\"@id\":\"https:\\\/\\\/gronau-inside.de\\\/en\\\/eig_news\\\/fruehlingsfarben-zum-verlieben-bei-theo-dreier-%f0%9f%8c%b7%f0%9f%92%9awenn-ihr-ein-tolles-outfit#breadcrumb\",\"itemListElement\":[{\"@type\":\"ListItem\",\"position\":1,\"name\":\"Startseite\",\"item\":\"https:\\\/\\\/gronau-inside.de\\\/en\\\/home-page\"},{\"@type\":\"ListItem\",\"position\":2,\"name\":\"Fr\u00fchlingsfarben zum verlieben bei Theo Dreier \ud83c\udf37\ud83d\udc9a! Wenn ihr ein tolles Outfit&#8230;\"}]},{\"@type\":\"WebSite\",\"@id\":\"https:\\\/\\\/gronau-inside.de\\\/en#website\",\"url\":\"https:\\\/\\\/gronau-inside.de\\\/en\",\"name\":\"Gronau Inside\",\"description\":\"Musikstadt im Gr\u00fcnen\",\"publisher\":{\"@id\":\"https:\\\/\\\/gronau-inside.de\\\/en#organization\"},\"potentialAction\":[{\"@type\":\"SearchAction\",\"target\":{\"@type\":\"EntryPoint\",\"urlTemplate\":\"https:\\\/\\\/gronau-inside.de\\\/en?s={search_term_string}\"},\"query-input\":{\"@type\":\"PropertyValueSpecification\",\"valueRequired\":true,\"valueName\":\"search_term_string\"}}],\"inLanguage\":\"en-US\"},{\"@type\":\"Organization\",\"@id\":\"https:\\\/\\\/gronau-inside.de\\\/en#organization\",\"name\":\"Gronau Inside\",\"url\":\"https:\\\/\\\/gronau-inside.de\\\/en\",\"logo\":{\"@type\":\"ImageObject\",\"inLanguage\":\"en-US\",\"@id\":\"https:\\\/\\\/gronau-inside.de\\\/en#\\\/schema\\\/logo\\\/image\\\/\",\"url\":\"https:\\\/\\\/gronau-inside.de\\\/wp-content\\\/uploads\\\/2020\\\/10\\\/01_gronau-logo_weissaufweiss_Schriftzug-1.png\",\"contentUrl\":\"https:\\\/\\\/gronau-inside.de\\\/wp-content\\\/uploads\\\/2020\\\/10\\\/01_gronau-logo_weissaufweiss_Schriftzug-1.png\",\"width\":254,\"height\":246,\"caption\":\"Gronau Inside\"},\"image\":{\"@id\":\"https:\\\/\\\/gronau-inside.de\\\/en#\\\/schema\\\/logo\\\/image\\\/\"}}]}<\/script>\n<!-- \/ Yoast SEO plugin. -->","yoast_head_json":{"title":"Fr\u00fchlingsfarben zum verlieben bei Theo Dreier \ud83c\udf37\ud83d\udc9a! Wenn ihr ein tolles Outfit... - Gronau Inside","robots":{"index":"index","follow":"follow","max-snippet":"max-snippet:-1","max-image-preview":"max-image-preview:large","max-video-preview":"max-video-preview:-1"},"canonical":"https:\/\/gronau-inside.de\/en\/eig_news\/fruehlingsfarben-zum-verlieben-bei-theo-dreier-%f0%9f%8c%b7%f0%9f%92%9awenn-ihr-ein-tolles-outfit","og_locale":"en_US","og_type":"article","og_title":"Fr\u00fchlingsfarben zum verlieben bei Theo Dreier \ud83c\udf37\ud83d\udc9a! Wenn ihr ein tolles Outfit... - Gronau Inside","og_description":"Fr\u00fchlingsfarben zum verlieben bei Theo Dreier \ud83c\udf37\ud83d\udc9a! Wenn ihr ein tolles Outfit sucht, nutzt auf jeden Fall morgen noch einmal die Gelegenheit einen Gutschein im Gesch\u00e4ft zu finden und beim [&hellip;]","og_url":"https:\/\/gronau-inside.de\/en\/eig_news\/fruehlingsfarben-zum-verlieben-bei-theo-dreier-%f0%9f%8c%b7%f0%9f%92%9awenn-ihr-ein-tolles-outfit","og_site_name":"Gronau Inside","twitter_card":"summary_large_image","schema":{"@context":"https:\/\/schema.org","@graph":[{"@type":"WebPage","@id":"https:\/\/gronau-inside.de\/en\/eig_news\/fruehlingsfarben-zum-verlieben-bei-theo-dreier-%f0%9f%8c%b7%f0%9f%92%9awenn-ihr-ein-tolles-outfit","url":"https:\/\/gronau-inside.de\/en\/eig_news\/fruehlingsfarben-zum-verlieben-bei-theo-dreier-%f0%9f%8c%b7%f0%9f%92%9awenn-ihr-ein-tolles-outfit","name":"Fr\u00fchlingsfarben zum verlieben bei Theo Dreier \ud83c\udf37\ud83d\udc9a! Wenn ihr ein tolles Outfit... - Gronau Inside","isPartOf":{"@id":"https:\/\/gronau-inside.de\/en#website"},"primaryImageOfPage":{"@id":"https:\/\/gronau-inside.de\/en\/eig_news\/fruehlingsfarben-zum-verlieben-bei-theo-dreier-%f0%9f%8c%b7%f0%9f%92%9awenn-ihr-ein-tolles-outfit#primaryimage"},"image":{"@id":"https:\/\/gronau-inside.de\/en\/eig_news\/fruehlingsfarben-zum-verlieben-bei-theo-dreier-%f0%9f%8c%b7%f0%9f%92%9awenn-ihr-ein-tolles-outfit#primaryimage"},"thumbnailUrl":"https:\/\/gronau-inside.de\/wp-content\/uploads\/2024\/03\/434399284_954199503377485_6391169016394507052_n.jpg","datePublished":"2024-03-29T09:32:26+00:00","breadcrumb":{"@id":"https:\/\/gronau-inside.de\/en\/eig_news\/fruehlingsfarben-zum-verlieben-bei-theo-dreier-%f0%9f%8c%b7%f0%9f%92%9awenn-ihr-ein-tolles-outfit#breadcrumb"},"inLanguage":"en-US","potentialAction":[{"@type":"ReadAction","target":["https:\/\/gronau-inside.de\/en\/eig_news\/fruehlingsfarben-zum-verlieben-bei-theo-dreier-%f0%9f%8c%b7%f0%9f%92%9awenn-ihr-ein-tolles-outfit"]}]},{"@type":"ImageObject","inLanguage":"en-US","@id":"https:\/\/gronau-inside.de\/en\/eig_news\/fruehlingsfarben-zum-verlieben-bei-theo-dreier-%f0%9f%8c%b7%f0%9f%92%9awenn-ihr-ein-tolles-outfit#primaryimage","url":"https:\/\/gronau-inside.de\/wp-content\/uploads\/2024\/03\/434399284_954199503377485_6391169016394507052_n.jpg","contentUrl":"https:\/\/gronau-inside.de\/wp-content\/uploads\/2024\/03\/434399284_954199503377485_6391169016394507052_n.jpg","width":720,"height":720},{"@type":"BreadcrumbList","@id":"https:\/\/gronau-inside.de\/en\/eig_news\/fruehlingsfarben-zum-verlieben-bei-theo-dreier-%f0%9f%8c%b7%f0%9f%92%9awenn-ihr-ein-tolles-outfit#breadcrumb","itemListElement":[{"@type":"ListItem","position":1,"name":"Startseite","item":"https:\/\/gronau-inside.de\/en\/home-page"},{"@type":"ListItem","position":2,"name":"Fr\u00fchlingsfarben zum verlieben bei Theo Dreier \ud83c\udf37\ud83d\udc9a! Wenn ihr ein tolles Outfit&#8230;"}]},{"@type":"WebSite","@id":"https:\/\/gronau-inside.de\/en#website","url":"https:\/\/gronau-inside.de\/en","name":"Gronau Inside","description":"Musikstadt im Gr\u00fcnen","publisher":{"@id":"https:\/\/gronau-inside.de\/en#organization"},"potentialAction":[{"@type":"SearchAction","target":{"@type":"EntryPoint","urlTemplate":"https:\/\/gronau-inside.de\/en?s={search_term_string}"},"query-input":{"@type":"PropertyValueSpecification","valueRequired":true,"valueName":"search_term_string"}}],"inLanguage":"en-US"},{"@type":"Organization","@id":"https:\/\/gronau-inside.de\/en#organization","name":"Gronau Inside","url":"https:\/\/gronau-inside.de\/en","logo":{"@type":"ImageObject","inLanguage":"en-US","@id":"https:\/\/gronau-inside.de\/en#\/schema\/logo\/image\/","url":"https:\/\/gronau-inside.de\/wp-content\/uploads\/2020\/10\/01_gronau-logo_weissaufweiss_Schriftzug-1.png","contentUrl":"https:\/\/gronau-inside.de\/wp-content\/uploads\/2020\/10\/01_gronau-logo_weissaufweiss_Schriftzug-1.png","width":254,"height":246,"caption":"Gronau Inside"},"image":{"@id":"https:\/\/gronau-inside.de\/en#\/schema\/logo\/image\/"}}]}},"_links":{"self":[{"href":"https:\/\/gronau-inside.de\/en\/wp-json\/wp\/v2\/eig_news\/61753","targetHints":{"allow":["GET"]}}],"collection":[{"href":"https:\/\/gronau-inside.de\/en\/wp-json\/wp\/v2\/eig_news"}],"about":[{"href":"https:\/\/gronau-inside.de\/en\/wp-json\/wp\/v2\/types\/eig_news"}],"wp:featuredmedia":[{"embeddable":true,"href":"https:\/\/gronau-inside.de\/en\/wp-json\/wp\/v2\/media\/61750"}],"wp:attachment":[{"href":"https:\/\/gronau-inside.de\/en\/wp-json\/wp\/v2\/media?parent=61753"}],"wp:term":[{"taxonomy":"category","embeddable":true,"href":"https:\/\/gronau-inside.de\/en\/wp-json\/wp\/v2\/categories?post=61753"}],"curies":[{"name":"wp","href":"https:\/\/api.w.org\/{rel}","templated":true}]}}