{"id":52951,"date":"2023-12-08T14:48:50","date_gmt":"2023-12-08T13:48:50","guid":{"rendered":"https:\/\/gronau-inside.de\/wow-was-fuer-eine-ehre-gemeinsam-mit-dem-rocknpopmuseum-haben-wir-beim-medie"},"modified":"2023-12-08T14:48:50","modified_gmt":"2023-12-08T13:48:50","slug":"wow-was-fuer-eine-ehre-gemeinsam-mit-dem-rocknpopmuseum-haben-wir-beim-medie","status":"publish","type":"post","link":"https:\/\/gronau-inside.de\/en\/wow-was-fuer-eine-ehre-gemeinsam-mit-dem-rocknpopmuseum-haben-wir-beim-medie","title":{"rendered":"Wow, was f\u00fcr eine Ehre! Gemeinsam mit dem Rocknpopmuseum haben wir beim Medie&#8230;"},"content":{"rendered":"<p>Wow, was f\u00fcr eine Ehre! Gemeinsam mit dem Rocknpopmuseum haben wir beim Medienpreis M\u00fcnsterland einen Sonderpreis f\u00fcr das Video &#8220;Udo Lindenberg wird 75 &#8211; und ganz Gronau gratuliert&#8221; erhalten! \ud83d\ude0d\ud83d\ude4c<\/p>\n<p>Mit dem Medienpreis honorieren der M\u00fcnsterland e.V. (M\u00fcnsterland. DAS GUTE LEBEN.  ) und der Presseverein M\u00fcnster-M\u00fcnsterland E.V. zusammen mit der Sparkasse M\u00fcnsterland Ost  als F\u00f6rderer alle 2 Jahre die besten Medienbeitr\u00e4ge aus der Region, \u00fcber die Region und zu Menschen in der Region. Dieses Jahr stand die Auszeichnung erstmals unter dem Motto &#8220;Buntes M\u00fcnsterland&#8221;.<\/p>\n<p>Wir sind ehrlich, gro\u00dfe Chancen haben wir uns bei den gro\u00dfartigen journalistischen Beitr\u00e4gen der Nominierten nicht ausgerechnet. Mit gro\u00dfer \u00dcberraschung gab es dann den Sonderpreis f\u00fcr den ungew\u00f6hnlichen Weg unserem Ehrenb\u00fcrger Udo Lindenberg  zu gratulieren. Vielen Dank f\u00fcr diese Wertsch\u00e4tzung &#038; Gl\u00fcckwunsch<br \/>\nan die Gewinner und Gewinnerinnen. \ud83d\ude0a<\/p>\n<p>https:\/\/www.muensterland.com\/presse\/medienpreis-muensterland\/<\/p>\n<p>Ihr wollt euch das Video nochmal anschauen? Das findet ihr hier: https:\/\/www.youtube.com\/watch?v=aXG1DOSUfaQ&#038;t=3s<\/p>\n<p>Foto: M\u00fcnsterland e.V.\/Arne P\u00f6hnert<\/p>\n","protected":false},"excerpt":{"rendered":"<p>Wow, was f\u00fcr eine Ehre! Gemeinsam mit dem Rocknpopmuseum haben wir beim Medienpreis M\u00fcnsterland einen Sonderpreis f\u00fcr das Video &#8220;Udo Lindenberg wird 75 &#8211; und ganz Gronau gratuliert&#8221; erhalten! \ud83d\ude0d\ud83d\ude4c [&hellip;]<\/p>\n","protected":false},"author":2,"featured_media":52948,"comment_status":"","ping_status":"open","sticky":false,"template":"","format":"standard","meta":{"_acf_changed":false,"_price":"","_stock":"","_tribe_ticket_header":"","_tribe_default_ticket_provider":"","_tribe_ticket_capacity":"","_ticket_start_date":"","_ticket_end_date":"","_tribe_ticket_show_description":"","_tribe_ticket_show_not_going":false,"_tribe_ticket_use_global_stock":"","_tribe_ticket_global_stock_level":"","_global_stock_mode":"","_global_stock_cap":"","_tribe_rsvp_for_event":"","_tribe_ticket_going_count":"","_tribe_ticket_not_going_count":"","_tribe_tickets_list":"[]","_tribe_ticket_has_attendee_info_fields":false,"footnotes":""},"categories":[21],"tags":[],"class_list":["post-52951","post","type-post","status-publish","format-standard","has-post-thumbnail","hentry","category-angesagt"],"acf":[],"yoast_head":"<!-- This site is optimized with the Yoast SEO plugin v27.5 - https:\/\/yoast.com\/product\/yoast-seo-wordpress\/ -->\n<title>Wow, was f\u00fcr eine Ehre! Gemeinsam mit dem Rocknpopmuseum haben wir beim Medie... - Gronau Inside<\/title>\n<meta name=\"robots\" content=\"index, follow, max-snippet:-1, max-image-preview:large, max-video-preview:-1\" \/>\n<link rel=\"canonical\" href=\"https:\/\/gronau-inside.de\/en\/wow-was-fuer-eine-ehre-gemeinsam-mit-dem-rocknpopmuseum-haben-wir-beim-medie\" \/>\n<meta property=\"og:locale\" content=\"en_US\" \/>\n<meta property=\"og:type\" content=\"article\" \/>\n<meta property=\"og:title\" content=\"Wow, was f\u00fcr eine Ehre! Gemeinsam mit dem Rocknpopmuseum haben wir beim Medie... - Gronau Inside\" \/>\n<meta property=\"og:description\" content=\"Wow, was f\u00fcr eine Ehre! Gemeinsam mit dem Rocknpopmuseum haben wir beim Medienpreis M\u00fcnsterland einen Sonderpreis f\u00fcr das Video &#8220;Udo Lindenberg wird 75 &#8211; und ganz Gronau gratuliert&#8221; erhalten! \ud83d\ude0d\ud83d\ude4c [&hellip;]\" \/>\n<meta property=\"og:url\" content=\"https:\/\/gronau-inside.de\/en\/wow-was-fuer-eine-ehre-gemeinsam-mit-dem-rocknpopmuseum-haben-wir-beim-medie\" \/>\n<meta property=\"og:site_name\" content=\"Gronau Inside\" \/>\n<meta property=\"article:published_time\" content=\"2023-12-08T13:48:50+00:00\" \/>\n<meta property=\"og:image\" content=\"https:\/\/gronau-inside.de\/wp-content\/uploads\/2023\/12\/408964796_839343784863056_864217485275427332_n.jpg\" \/>\n\t<meta property=\"og:image:width\" content=\"1079\" \/>\n\t<meta property=\"og:image:height\" content=\"720\" \/>\n\t<meta property=\"og:image:type\" content=\"image\/jpeg\" \/>\n<meta name=\"author\" content=\"Gronau Inside\" \/>\n<meta name=\"twitter:card\" content=\"summary_large_image\" \/>\n<meta name=\"twitter:label1\" content=\"Written by\" \/>\n\t<meta name=\"twitter:data1\" content=\"Gronau Inside\" \/>\n\t<meta name=\"twitter:label2\" content=\"Est. reading time\" \/>\n\t<meta name=\"twitter:data2\" content=\"1 minute\" \/>\n<script type=\"application\/ld+json\" class=\"yoast-schema-graph\">{\"@context\":\"https:\\\/\\\/schema.org\",\"@graph\":[{\"@type\":\"Article\",\"@id\":\"https:\\\/\\\/gronau-inside.de\\\/en\\\/wow-was-fuer-eine-ehre-gemeinsam-mit-dem-rocknpopmuseum-haben-wir-beim-medie#article\",\"isPartOf\":{\"@id\":\"https:\\\/\\\/gronau-inside.de\\\/en\\\/wow-was-fuer-eine-ehre-gemeinsam-mit-dem-rocknpopmuseum-haben-wir-beim-medie\"},\"author\":{\"name\":\"Gronau Inside\",\"@id\":\"https:\\\/\\\/gronau-inside.de\\\/en#\\\/schema\\\/person\\\/f2e1f5c91cd43ca8b12ddf26d7546e29\"},\"headline\":\"Wow, was f\u00fcr eine Ehre! Gemeinsam mit dem Rocknpopmuseum haben wir beim Medie&#8230;\",\"datePublished\":\"2023-12-08T13:48:50+00:00\",\"mainEntityOfPage\":{\"@id\":\"https:\\\/\\\/gronau-inside.de\\\/en\\\/wow-was-fuer-eine-ehre-gemeinsam-mit-dem-rocknpopmuseum-haben-wir-beim-medie\"},\"wordCount\":198,\"publisher\":{\"@id\":\"https:\\\/\\\/gronau-inside.de\\\/en#organization\"},\"image\":{\"@id\":\"https:\\\/\\\/gronau-inside.de\\\/en\\\/wow-was-fuer-eine-ehre-gemeinsam-mit-dem-rocknpopmuseum-haben-wir-beim-medie#primaryimage\"},\"thumbnailUrl\":\"https:\\\/\\\/gronau-inside.de\\\/wp-content\\\/uploads\\\/2023\\\/12\\\/408964796_839343784863056_864217485275427332_n.jpg\",\"articleSection\":[\"#ANGESAGT\"],\"inLanguage\":\"en-US\"},{\"@type\":\"WebPage\",\"@id\":\"https:\\\/\\\/gronau-inside.de\\\/en\\\/wow-was-fuer-eine-ehre-gemeinsam-mit-dem-rocknpopmuseum-haben-wir-beim-medie\",\"url\":\"https:\\\/\\\/gronau-inside.de\\\/en\\\/wow-was-fuer-eine-ehre-gemeinsam-mit-dem-rocknpopmuseum-haben-wir-beim-medie\",\"name\":\"Wow, was f\u00fcr eine Ehre! Gemeinsam mit dem Rocknpopmuseum haben wir beim Medie... - Gronau Inside\",\"isPartOf\":{\"@id\":\"https:\\\/\\\/gronau-inside.de\\\/en#website\"},\"primaryImageOfPage\":{\"@id\":\"https:\\\/\\\/gronau-inside.de\\\/en\\\/wow-was-fuer-eine-ehre-gemeinsam-mit-dem-rocknpopmuseum-haben-wir-beim-medie#primaryimage\"},\"image\":{\"@id\":\"https:\\\/\\\/gronau-inside.de\\\/en\\\/wow-was-fuer-eine-ehre-gemeinsam-mit-dem-rocknpopmuseum-haben-wir-beim-medie#primaryimage\"},\"thumbnailUrl\":\"https:\\\/\\\/gronau-inside.de\\\/wp-content\\\/uploads\\\/2023\\\/12\\\/408964796_839343784863056_864217485275427332_n.jpg\",\"datePublished\":\"2023-12-08T13:48:50+00:00\",\"breadcrumb\":{\"@id\":\"https:\\\/\\\/gronau-inside.de\\\/en\\\/wow-was-fuer-eine-ehre-gemeinsam-mit-dem-rocknpopmuseum-haben-wir-beim-medie#breadcrumb\"},\"inLanguage\":\"en-US\",\"potentialAction\":[{\"@type\":\"ReadAction\",\"target\":[\"https:\\\/\\\/gronau-inside.de\\\/en\\\/wow-was-fuer-eine-ehre-gemeinsam-mit-dem-rocknpopmuseum-haben-wir-beim-medie\"]}]},{\"@type\":\"ImageObject\",\"inLanguage\":\"en-US\",\"@id\":\"https:\\\/\\\/gronau-inside.de\\\/en\\\/wow-was-fuer-eine-ehre-gemeinsam-mit-dem-rocknpopmuseum-haben-wir-beim-medie#primaryimage\",\"url\":\"https:\\\/\\\/gronau-inside.de\\\/wp-content\\\/uploads\\\/2023\\\/12\\\/408964796_839343784863056_864217485275427332_n.jpg\",\"contentUrl\":\"https:\\\/\\\/gronau-inside.de\\\/wp-content\\\/uploads\\\/2023\\\/12\\\/408964796_839343784863056_864217485275427332_n.jpg\",\"width\":1079,\"height\":720},{\"@type\":\"BreadcrumbList\",\"@id\":\"https:\\\/\\\/gronau-inside.de\\\/en\\\/wow-was-fuer-eine-ehre-gemeinsam-mit-dem-rocknpopmuseum-haben-wir-beim-medie#breadcrumb\",\"itemListElement\":[{\"@type\":\"ListItem\",\"position\":1,\"name\":\"Startseite\",\"item\":\"https:\\\/\\\/gronau-inside.de\\\/en\\\/home-page\"},{\"@type\":\"ListItem\",\"position\":2,\"name\":\"Wow, was f\u00fcr eine Ehre! Gemeinsam mit dem Rocknpopmuseum haben wir beim Medie&#8230;\"}]},{\"@type\":\"WebSite\",\"@id\":\"https:\\\/\\\/gronau-inside.de\\\/en#website\",\"url\":\"https:\\\/\\\/gronau-inside.de\\\/en\",\"name\":\"Gronau Inside\",\"description\":\"Musikstadt im Gr\u00fcnen\",\"publisher\":{\"@id\":\"https:\\\/\\\/gronau-inside.de\\\/en#organization\"},\"potentialAction\":[{\"@type\":\"SearchAction\",\"target\":{\"@type\":\"EntryPoint\",\"urlTemplate\":\"https:\\\/\\\/gronau-inside.de\\\/en?s={search_term_string}\"},\"query-input\":{\"@type\":\"PropertyValueSpecification\",\"valueRequired\":true,\"valueName\":\"search_term_string\"}}],\"inLanguage\":\"en-US\"},{\"@type\":\"Organization\",\"@id\":\"https:\\\/\\\/gronau-inside.de\\\/en#organization\",\"name\":\"Gronau Inside\",\"url\":\"https:\\\/\\\/gronau-inside.de\\\/en\",\"logo\":{\"@type\":\"ImageObject\",\"inLanguage\":\"en-US\",\"@id\":\"https:\\\/\\\/gronau-inside.de\\\/en#\\\/schema\\\/logo\\\/image\\\/\",\"url\":\"https:\\\/\\\/gronau-inside.de\\\/wp-content\\\/uploads\\\/2020\\\/10\\\/01_gronau-logo_weissaufweiss_Schriftzug-1.png\",\"contentUrl\":\"https:\\\/\\\/gronau-inside.de\\\/wp-content\\\/uploads\\\/2020\\\/10\\\/01_gronau-logo_weissaufweiss_Schriftzug-1.png\",\"width\":254,\"height\":246,\"caption\":\"Gronau Inside\"},\"image\":{\"@id\":\"https:\\\/\\\/gronau-inside.de\\\/en#\\\/schema\\\/logo\\\/image\\\/\"}},{\"@type\":\"Person\",\"@id\":\"https:\\\/\\\/gronau-inside.de\\\/en#\\\/schema\\\/person\\\/f2e1f5c91cd43ca8b12ddf26d7546e29\",\"name\":\"Gronau Inside\"}]}<\/script>\n<!-- \/ Yoast SEO plugin. -->","yoast_head_json":{"title":"Wow, was f\u00fcr eine Ehre! Gemeinsam mit dem Rocknpopmuseum haben wir beim Medie... - Gronau Inside","robots":{"index":"index","follow":"follow","max-snippet":"max-snippet:-1","max-image-preview":"max-image-preview:large","max-video-preview":"max-video-preview:-1"},"canonical":"https:\/\/gronau-inside.de\/en\/wow-was-fuer-eine-ehre-gemeinsam-mit-dem-rocknpopmuseum-haben-wir-beim-medie","og_locale":"en_US","og_type":"article","og_title":"Wow, was f\u00fcr eine Ehre! Gemeinsam mit dem Rocknpopmuseum haben wir beim Medie... - Gronau Inside","og_description":"Wow, was f\u00fcr eine Ehre! Gemeinsam mit dem Rocknpopmuseum haben wir beim Medienpreis M\u00fcnsterland einen Sonderpreis f\u00fcr das Video &#8220;Udo Lindenberg wird 75 &#8211; und ganz Gronau gratuliert&#8221; erhalten! \ud83d\ude0d\ud83d\ude4c [&hellip;]","og_url":"https:\/\/gronau-inside.de\/en\/wow-was-fuer-eine-ehre-gemeinsam-mit-dem-rocknpopmuseum-haben-wir-beim-medie","og_site_name":"Gronau Inside","article_published_time":"2023-12-08T13:48:50+00:00","og_image":[{"width":1079,"height":720,"url":"https:\/\/gronau-inside.de\/wp-content\/uploads\/2023\/12\/408964796_839343784863056_864217485275427332_n.jpg","type":"image\/jpeg"}],"author":"Gronau Inside","twitter_card":"summary_large_image","twitter_misc":{"Written by":"Gronau Inside","Est. reading time":"1 minute"},"schema":{"@context":"https:\/\/schema.org","@graph":[{"@type":"Article","@id":"https:\/\/gronau-inside.de\/en\/wow-was-fuer-eine-ehre-gemeinsam-mit-dem-rocknpopmuseum-haben-wir-beim-medie#article","isPartOf":{"@id":"https:\/\/gronau-inside.de\/en\/wow-was-fuer-eine-ehre-gemeinsam-mit-dem-rocknpopmuseum-haben-wir-beim-medie"},"author":{"name":"Gronau Inside","@id":"https:\/\/gronau-inside.de\/en#\/schema\/person\/f2e1f5c91cd43ca8b12ddf26d7546e29"},"headline":"Wow, was f\u00fcr eine Ehre! Gemeinsam mit dem Rocknpopmuseum haben wir beim Medie&#8230;","datePublished":"2023-12-08T13:48:50+00:00","mainEntityOfPage":{"@id":"https:\/\/gronau-inside.de\/en\/wow-was-fuer-eine-ehre-gemeinsam-mit-dem-rocknpopmuseum-haben-wir-beim-medie"},"wordCount":198,"publisher":{"@id":"https:\/\/gronau-inside.de\/en#organization"},"image":{"@id":"https:\/\/gronau-inside.de\/en\/wow-was-fuer-eine-ehre-gemeinsam-mit-dem-rocknpopmuseum-haben-wir-beim-medie#primaryimage"},"thumbnailUrl":"https:\/\/gronau-inside.de\/wp-content\/uploads\/2023\/12\/408964796_839343784863056_864217485275427332_n.jpg","articleSection":["#ANGESAGT"],"inLanguage":"en-US"},{"@type":"WebPage","@id":"https:\/\/gronau-inside.de\/en\/wow-was-fuer-eine-ehre-gemeinsam-mit-dem-rocknpopmuseum-haben-wir-beim-medie","url":"https:\/\/gronau-inside.de\/en\/wow-was-fuer-eine-ehre-gemeinsam-mit-dem-rocknpopmuseum-haben-wir-beim-medie","name":"Wow, was f\u00fcr eine Ehre! Gemeinsam mit dem Rocknpopmuseum haben wir beim Medie... - Gronau Inside","isPartOf":{"@id":"https:\/\/gronau-inside.de\/en#website"},"primaryImageOfPage":{"@id":"https:\/\/gronau-inside.de\/en\/wow-was-fuer-eine-ehre-gemeinsam-mit-dem-rocknpopmuseum-haben-wir-beim-medie#primaryimage"},"image":{"@id":"https:\/\/gronau-inside.de\/en\/wow-was-fuer-eine-ehre-gemeinsam-mit-dem-rocknpopmuseum-haben-wir-beim-medie#primaryimage"},"thumbnailUrl":"https:\/\/gronau-inside.de\/wp-content\/uploads\/2023\/12\/408964796_839343784863056_864217485275427332_n.jpg","datePublished":"2023-12-08T13:48:50+00:00","breadcrumb":{"@id":"https:\/\/gronau-inside.de\/en\/wow-was-fuer-eine-ehre-gemeinsam-mit-dem-rocknpopmuseum-haben-wir-beim-medie#breadcrumb"},"inLanguage":"en-US","potentialAction":[{"@type":"ReadAction","target":["https:\/\/gronau-inside.de\/en\/wow-was-fuer-eine-ehre-gemeinsam-mit-dem-rocknpopmuseum-haben-wir-beim-medie"]}]},{"@type":"ImageObject","inLanguage":"en-US","@id":"https:\/\/gronau-inside.de\/en\/wow-was-fuer-eine-ehre-gemeinsam-mit-dem-rocknpopmuseum-haben-wir-beim-medie#primaryimage","url":"https:\/\/gronau-inside.de\/wp-content\/uploads\/2023\/12\/408964796_839343784863056_864217485275427332_n.jpg","contentUrl":"https:\/\/gronau-inside.de\/wp-content\/uploads\/2023\/12\/408964796_839343784863056_864217485275427332_n.jpg","width":1079,"height":720},{"@type":"BreadcrumbList","@id":"https:\/\/gronau-inside.de\/en\/wow-was-fuer-eine-ehre-gemeinsam-mit-dem-rocknpopmuseum-haben-wir-beim-medie#breadcrumb","itemListElement":[{"@type":"ListItem","position":1,"name":"Startseite","item":"https:\/\/gronau-inside.de\/en\/home-page"},{"@type":"ListItem","position":2,"name":"Wow, was f\u00fcr eine Ehre! Gemeinsam mit dem Rocknpopmuseum haben wir beim Medie&#8230;"}]},{"@type":"WebSite","@id":"https:\/\/gronau-inside.de\/en#website","url":"https:\/\/gronau-inside.de\/en","name":"Gronau Inside","description":"Musikstadt im Gr\u00fcnen","publisher":{"@id":"https:\/\/gronau-inside.de\/en#organization"},"potentialAction":[{"@type":"SearchAction","target":{"@type":"EntryPoint","urlTemplate":"https:\/\/gronau-inside.de\/en?s={search_term_string}"},"query-input":{"@type":"PropertyValueSpecification","valueRequired":true,"valueName":"search_term_string"}}],"inLanguage":"en-US"},{"@type":"Organization","@id":"https:\/\/gronau-inside.de\/en#organization","name":"Gronau Inside","url":"https:\/\/gronau-inside.de\/en","logo":{"@type":"ImageObject","inLanguage":"en-US","@id":"https:\/\/gronau-inside.de\/en#\/schema\/logo\/image\/","url":"https:\/\/gronau-inside.de\/wp-content\/uploads\/2020\/10\/01_gronau-logo_weissaufweiss_Schriftzug-1.png","contentUrl":"https:\/\/gronau-inside.de\/wp-content\/uploads\/2020\/10\/01_gronau-logo_weissaufweiss_Schriftzug-1.png","width":254,"height":246,"caption":"Gronau Inside"},"image":{"@id":"https:\/\/gronau-inside.de\/en#\/schema\/logo\/image\/"}},{"@type":"Person","@id":"https:\/\/gronau-inside.de\/en#\/schema\/person\/f2e1f5c91cd43ca8b12ddf26d7546e29","name":"Gronau Inside"}]}},"_links":{"self":[{"href":"https:\/\/gronau-inside.de\/en\/wp-json\/wp\/v2\/posts\/52951","targetHints":{"allow":["GET"]}}],"collection":[{"href":"https:\/\/gronau-inside.de\/en\/wp-json\/wp\/v2\/posts"}],"about":[{"href":"https:\/\/gronau-inside.de\/en\/wp-json\/wp\/v2\/types\/post"}],"author":[{"embeddable":true,"href":"https:\/\/gronau-inside.de\/en\/wp-json\/wp\/v2\/users\/2"}],"replies":[{"embeddable":true,"href":"https:\/\/gronau-inside.de\/en\/wp-json\/wp\/v2\/comments?post=52951"}],"version-history":[{"count":0,"href":"https:\/\/gronau-inside.de\/en\/wp-json\/wp\/v2\/posts\/52951\/revisions"}],"wp:featuredmedia":[{"embeddable":true,"href":"https:\/\/gronau-inside.de\/en\/wp-json\/wp\/v2\/media\/52948"}],"wp:attachment":[{"href":"https:\/\/gronau-inside.de\/en\/wp-json\/wp\/v2\/media?parent=52951"}],"wp:term":[{"taxonomy":"category","embeddable":true,"href":"https:\/\/gronau-inside.de\/en\/wp-json\/wp\/v2\/categories?post=52951"},{"taxonomy":"post_tag","embeddable":true,"href":"https:\/\/gronau-inside.de\/en\/wp-json\/wp\/v2\/tags?post=52951"}],"curies":[{"name":"wp","href":"https:\/\/api.w.org\/{rel}","templated":true}]}}