{"id":53835,"date":"2023-12-19T10:02:32","date_gmt":"2023-12-19T09:02:32","guid":{"rendered":"https:\/\/gronau-inside.de\/i-believe-id-rather-fall-asleep-than-fall-in-love-na-kommt-euch-der-s"},"modified":"2023-12-19T10:02:32","modified_gmt":"2023-12-19T09:02:32","slug":"i-believe-id-rather-fall-asleep-than-fall-in-love-na-kommt-euch-der-s","status":"publish","type":"post","link":"https:\/\/gronau-inside.de\/en\/i-believe-id-rather-fall-asleep-than-fall-in-love-na-kommt-euch-der-s","title":{"rendered":"&#8220;I believe I&#8217;d rather fall asleep than fall in love&#8230;&#8221;, na, kommt euch der S&#8230;"},"content":{"rendered":"<p>&#8220;I believe I&#8217;d rather fall asleep than fall in love&#8230;&#8221;, na, kommt euch der Song bekannt vor? Ein richtiger Ohrwurm von Kamrad! \ud83d\ude0d<\/p>\n<p>Der deutsche Singer-Songwriter z\u00e4hlt aktuell europaweit zu den absoluten Chartst\u00fcrmern und am 3. Mai ist er im Rahmen des 36. Jazzfest Gronau bei uns in der B\u00fcrgerhalle. Dort pr\u00e4sentiert er uns weitere aktuelle Hits wie &#8220;Feel Alive&#8221; oder &#8220;I hope you end up alone&#8221;. <\/p>\n<p>Nat\u00fcrlich d\u00fcrft ihr euch wie immer auf einen zweiten K\u00fcnstler am Abend freuen: Gregor Meyle unplugged mit Band. \ud83d\ude4c<\/p>\n<p>Tickets sind bei uns in der Touristinfo, bei allen bekannten VVK-Stellen sowie online \u00fcber www.eventim.de erh\u00e4ltlich. <\/p>\n<p>Foto: Fabian Su\u0308ggeler for MIGHTKILLYA<\/p>\n","protected":false},"excerpt":{"rendered":"<p>&#8220;I believe I&#8217;d rather fall asleep than fall in love&#8230;&#8221;, na, kommt euch der Song bekannt vor? Ein richtiger Ohrwurm von Kamrad! \ud83d\ude0d Der deutsche Singer-Songwriter z\u00e4hlt aktuell europaweit zu [&hellip;]<\/p>\n","protected":false},"author":2,"featured_media":53832,"comment_status":"","ping_status":"open","sticky":false,"template":"","format":"standard","meta":{"_acf_changed":false,"_price":"","_stock":"","_tribe_ticket_header":"","_tribe_default_ticket_provider":"","_tribe_ticket_capacity":"","_ticket_start_date":"","_ticket_end_date":"","_tribe_ticket_show_description":"","_tribe_ticket_show_not_going":false,"_tribe_ticket_use_global_stock":"","_tribe_ticket_global_stock_level":"","_global_stock_mode":"","_global_stock_cap":"","_tribe_rsvp_for_event":"","_tribe_ticket_going_count":"","_tribe_ticket_not_going_count":"","_tribe_tickets_list":"[]","_tribe_ticket_has_attendee_info_fields":false,"footnotes":""},"categories":[21],"tags":[],"class_list":["post-53835","post","type-post","status-publish","format-standard","has-post-thumbnail","hentry","category-angesagt"],"acf":[],"yoast_head":"<!-- This site is optimized with the Yoast SEO plugin v27.4 - https:\/\/yoast.com\/product\/yoast-seo-wordpress\/ -->\n<title>&quot;I believe I&#039;d rather fall asleep than fall in love...&quot;, na, kommt euch der S... - Gronau Inside<\/title>\n<meta name=\"robots\" content=\"index, follow, max-snippet:-1, max-image-preview:large, max-video-preview:-1\" \/>\n<link rel=\"canonical\" href=\"https:\/\/gronau-inside.de\/en\/i-believe-id-rather-fall-asleep-than-fall-in-love-na-kommt-euch-der-s\" \/>\n<meta property=\"og:locale\" content=\"en_US\" \/>\n<meta property=\"og:type\" content=\"article\" \/>\n<meta property=\"og:title\" content=\"&quot;I believe I&#039;d rather fall asleep than fall in love...&quot;, na, kommt euch der S... - Gronau Inside\" \/>\n<meta property=\"og:description\" content=\"&#8220;I believe I&#8217;d rather fall asleep than fall in love&#8230;&#8221;, na, kommt euch der Song bekannt vor? Ein richtiger Ohrwurm von Kamrad! \ud83d\ude0d Der deutsche Singer-Songwriter z\u00e4hlt aktuell europaweit zu [&hellip;]\" \/>\n<meta property=\"og:url\" content=\"https:\/\/gronau-inside.de\/en\/i-believe-id-rather-fall-asleep-than-fall-in-love-na-kommt-euch-der-s\" \/>\n<meta property=\"og:site_name\" content=\"Gronau Inside\" \/>\n<meta property=\"article:published_time\" content=\"2023-12-19T09:02:32+00:00\" \/>\n<meta property=\"og:image\" content=\"https:\/\/gronau-inside.de\/wp-content\/uploads\/2023\/12\/411019828_846202370843864_4748123487557433748_n.jpg\" \/>\n\t<meta property=\"og:image:width\" content=\"720\" \/>\n\t<meta property=\"og:image:height\" content=\"900\" \/>\n\t<meta property=\"og:image:type\" content=\"image\/jpeg\" \/>\n<meta name=\"author\" content=\"Gronau Inside\" \/>\n<meta name=\"twitter:card\" content=\"summary_large_image\" \/>\n<meta name=\"twitter:label1\" content=\"Written by\" \/>\n\t<meta name=\"twitter:data1\" content=\"Gronau Inside\" \/>\n\t<meta name=\"twitter:label2\" content=\"Est. reading time\" \/>\n\t<meta name=\"twitter:data2\" content=\"1 minute\" \/>\n<script type=\"application\/ld+json\" class=\"yoast-schema-graph\">{\"@context\":\"https:\\\/\\\/schema.org\",\"@graph\":[{\"@type\":\"Article\",\"@id\":\"https:\\\/\\\/gronau-inside.de\\\/en\\\/i-believe-id-rather-fall-asleep-than-fall-in-love-na-kommt-euch-der-s#article\",\"isPartOf\":{\"@id\":\"https:\\\/\\\/gronau-inside.de\\\/en\\\/i-believe-id-rather-fall-asleep-than-fall-in-love-na-kommt-euch-der-s\"},\"author\":{\"name\":\"Gronau Inside\",\"@id\":\"https:\\\/\\\/gronau-inside.de\\\/en#\\\/schema\\\/person\\\/f2e1f5c91cd43ca8b12ddf26d7546e29\"},\"headline\":\"&#8220;I believe I&#8217;d rather fall asleep than fall in love&#8230;&#8221;, na, kommt euch der S&#8230;\",\"datePublished\":\"2023-12-19T09:02:32+00:00\",\"mainEntityOfPage\":{\"@id\":\"https:\\\/\\\/gronau-inside.de\\\/en\\\/i-believe-id-rather-fall-asleep-than-fall-in-love-na-kommt-euch-der-s\"},\"wordCount\":131,\"publisher\":{\"@id\":\"https:\\\/\\\/gronau-inside.de\\\/en#organization\"},\"image\":{\"@id\":\"https:\\\/\\\/gronau-inside.de\\\/en\\\/i-believe-id-rather-fall-asleep-than-fall-in-love-na-kommt-euch-der-s#primaryimage\"},\"thumbnailUrl\":\"https:\\\/\\\/gronau-inside.de\\\/wp-content\\\/uploads\\\/2023\\\/12\\\/411019828_846202370843864_4748123487557433748_n.jpg\",\"articleSection\":[\"#ANGESAGT\"],\"inLanguage\":\"en-US\"},{\"@type\":\"WebPage\",\"@id\":\"https:\\\/\\\/gronau-inside.de\\\/en\\\/i-believe-id-rather-fall-asleep-than-fall-in-love-na-kommt-euch-der-s\",\"url\":\"https:\\\/\\\/gronau-inside.de\\\/en\\\/i-believe-id-rather-fall-asleep-than-fall-in-love-na-kommt-euch-der-s\",\"name\":\"\\\"I believe I'd rather fall asleep than fall in love...\\\", na, kommt euch der S... - Gronau Inside\",\"isPartOf\":{\"@id\":\"https:\\\/\\\/gronau-inside.de\\\/en#website\"},\"primaryImageOfPage\":{\"@id\":\"https:\\\/\\\/gronau-inside.de\\\/en\\\/i-believe-id-rather-fall-asleep-than-fall-in-love-na-kommt-euch-der-s#primaryimage\"},\"image\":{\"@id\":\"https:\\\/\\\/gronau-inside.de\\\/en\\\/i-believe-id-rather-fall-asleep-than-fall-in-love-na-kommt-euch-der-s#primaryimage\"},\"thumbnailUrl\":\"https:\\\/\\\/gronau-inside.de\\\/wp-content\\\/uploads\\\/2023\\\/12\\\/411019828_846202370843864_4748123487557433748_n.jpg\",\"datePublished\":\"2023-12-19T09:02:32+00:00\",\"breadcrumb\":{\"@id\":\"https:\\\/\\\/gronau-inside.de\\\/en\\\/i-believe-id-rather-fall-asleep-than-fall-in-love-na-kommt-euch-der-s#breadcrumb\"},\"inLanguage\":\"en-US\",\"potentialAction\":[{\"@type\":\"ReadAction\",\"target\":[\"https:\\\/\\\/gronau-inside.de\\\/en\\\/i-believe-id-rather-fall-asleep-than-fall-in-love-na-kommt-euch-der-s\"]}]},{\"@type\":\"ImageObject\",\"inLanguage\":\"en-US\",\"@id\":\"https:\\\/\\\/gronau-inside.de\\\/en\\\/i-believe-id-rather-fall-asleep-than-fall-in-love-na-kommt-euch-der-s#primaryimage\",\"url\":\"https:\\\/\\\/gronau-inside.de\\\/wp-content\\\/uploads\\\/2023\\\/12\\\/411019828_846202370843864_4748123487557433748_n.jpg\",\"contentUrl\":\"https:\\\/\\\/gronau-inside.de\\\/wp-content\\\/uploads\\\/2023\\\/12\\\/411019828_846202370843864_4748123487557433748_n.jpg\",\"width\":720,\"height\":900},{\"@type\":\"BreadcrumbList\",\"@id\":\"https:\\\/\\\/gronau-inside.de\\\/en\\\/i-believe-id-rather-fall-asleep-than-fall-in-love-na-kommt-euch-der-s#breadcrumb\",\"itemListElement\":[{\"@type\":\"ListItem\",\"position\":1,\"name\":\"Startseite\",\"item\":\"https:\\\/\\\/gronau-inside.de\\\/en\\\/home-page\"},{\"@type\":\"ListItem\",\"position\":2,\"name\":\"&#8220;I believe I&#8217;d rather fall asleep than fall in love&#8230;&#8221;, na, kommt euch der S&#8230;\"}]},{\"@type\":\"WebSite\",\"@id\":\"https:\\\/\\\/gronau-inside.de\\\/en#website\",\"url\":\"https:\\\/\\\/gronau-inside.de\\\/en\",\"name\":\"Gronau Inside\",\"description\":\"Musikstadt im Gr\u00fcnen\",\"publisher\":{\"@id\":\"https:\\\/\\\/gronau-inside.de\\\/en#organization\"},\"potentialAction\":[{\"@type\":\"SearchAction\",\"target\":{\"@type\":\"EntryPoint\",\"urlTemplate\":\"https:\\\/\\\/gronau-inside.de\\\/en?s={search_term_string}\"},\"query-input\":{\"@type\":\"PropertyValueSpecification\",\"valueRequired\":true,\"valueName\":\"search_term_string\"}}],\"inLanguage\":\"en-US\"},{\"@type\":\"Organization\",\"@id\":\"https:\\\/\\\/gronau-inside.de\\\/en#organization\",\"name\":\"Gronau Inside\",\"url\":\"https:\\\/\\\/gronau-inside.de\\\/en\",\"logo\":{\"@type\":\"ImageObject\",\"inLanguage\":\"en-US\",\"@id\":\"https:\\\/\\\/gronau-inside.de\\\/en#\\\/schema\\\/logo\\\/image\\\/\",\"url\":\"https:\\\/\\\/gronau-inside.de\\\/wp-content\\\/uploads\\\/2020\\\/10\\\/01_gronau-logo_weissaufweiss_Schriftzug-1.png\",\"contentUrl\":\"https:\\\/\\\/gronau-inside.de\\\/wp-content\\\/uploads\\\/2020\\\/10\\\/01_gronau-logo_weissaufweiss_Schriftzug-1.png\",\"width\":254,\"height\":246,\"caption\":\"Gronau Inside\"},\"image\":{\"@id\":\"https:\\\/\\\/gronau-inside.de\\\/en#\\\/schema\\\/logo\\\/image\\\/\"}},{\"@type\":\"Person\",\"@id\":\"https:\\\/\\\/gronau-inside.de\\\/en#\\\/schema\\\/person\\\/f2e1f5c91cd43ca8b12ddf26d7546e29\",\"name\":\"Gronau Inside\"}]}<\/script>\n<!-- \/ Yoast SEO plugin. -->","yoast_head_json":{"title":"\"I believe I'd rather fall asleep than fall in love...\", na, kommt euch der S... - Gronau Inside","robots":{"index":"index","follow":"follow","max-snippet":"max-snippet:-1","max-image-preview":"max-image-preview:large","max-video-preview":"max-video-preview:-1"},"canonical":"https:\/\/gronau-inside.de\/en\/i-believe-id-rather-fall-asleep-than-fall-in-love-na-kommt-euch-der-s","og_locale":"en_US","og_type":"article","og_title":"\"I believe I'd rather fall asleep than fall in love...\", na, kommt euch der S... - Gronau Inside","og_description":"&#8220;I believe I&#8217;d rather fall asleep than fall in love&#8230;&#8221;, na, kommt euch der Song bekannt vor? Ein richtiger Ohrwurm von Kamrad! \ud83d\ude0d Der deutsche Singer-Songwriter z\u00e4hlt aktuell europaweit zu [&hellip;]","og_url":"https:\/\/gronau-inside.de\/en\/i-believe-id-rather-fall-asleep-than-fall-in-love-na-kommt-euch-der-s","og_site_name":"Gronau Inside","article_published_time":"2023-12-19T09:02:32+00:00","og_image":[{"width":720,"height":900,"url":"https:\/\/gronau-inside.de\/wp-content\/uploads\/2023\/12\/411019828_846202370843864_4748123487557433748_n.jpg","type":"image\/jpeg"}],"author":"Gronau Inside","twitter_card":"summary_large_image","twitter_misc":{"Written by":"Gronau Inside","Est. reading time":"1 minute"},"schema":{"@context":"https:\/\/schema.org","@graph":[{"@type":"Article","@id":"https:\/\/gronau-inside.de\/en\/i-believe-id-rather-fall-asleep-than-fall-in-love-na-kommt-euch-der-s#article","isPartOf":{"@id":"https:\/\/gronau-inside.de\/en\/i-believe-id-rather-fall-asleep-than-fall-in-love-na-kommt-euch-der-s"},"author":{"name":"Gronau Inside","@id":"https:\/\/gronau-inside.de\/en#\/schema\/person\/f2e1f5c91cd43ca8b12ddf26d7546e29"},"headline":"&#8220;I believe I&#8217;d rather fall asleep than fall in love&#8230;&#8221;, na, kommt euch der S&#8230;","datePublished":"2023-12-19T09:02:32+00:00","mainEntityOfPage":{"@id":"https:\/\/gronau-inside.de\/en\/i-believe-id-rather-fall-asleep-than-fall-in-love-na-kommt-euch-der-s"},"wordCount":131,"publisher":{"@id":"https:\/\/gronau-inside.de\/en#organization"},"image":{"@id":"https:\/\/gronau-inside.de\/en\/i-believe-id-rather-fall-asleep-than-fall-in-love-na-kommt-euch-der-s#primaryimage"},"thumbnailUrl":"https:\/\/gronau-inside.de\/wp-content\/uploads\/2023\/12\/411019828_846202370843864_4748123487557433748_n.jpg","articleSection":["#ANGESAGT"],"inLanguage":"en-US"},{"@type":"WebPage","@id":"https:\/\/gronau-inside.de\/en\/i-believe-id-rather-fall-asleep-than-fall-in-love-na-kommt-euch-der-s","url":"https:\/\/gronau-inside.de\/en\/i-believe-id-rather-fall-asleep-than-fall-in-love-na-kommt-euch-der-s","name":"\"I believe I'd rather fall asleep than fall in love...\", na, kommt euch der S... - Gronau Inside","isPartOf":{"@id":"https:\/\/gronau-inside.de\/en#website"},"primaryImageOfPage":{"@id":"https:\/\/gronau-inside.de\/en\/i-believe-id-rather-fall-asleep-than-fall-in-love-na-kommt-euch-der-s#primaryimage"},"image":{"@id":"https:\/\/gronau-inside.de\/en\/i-believe-id-rather-fall-asleep-than-fall-in-love-na-kommt-euch-der-s#primaryimage"},"thumbnailUrl":"https:\/\/gronau-inside.de\/wp-content\/uploads\/2023\/12\/411019828_846202370843864_4748123487557433748_n.jpg","datePublished":"2023-12-19T09:02:32+00:00","breadcrumb":{"@id":"https:\/\/gronau-inside.de\/en\/i-believe-id-rather-fall-asleep-than-fall-in-love-na-kommt-euch-der-s#breadcrumb"},"inLanguage":"en-US","potentialAction":[{"@type":"ReadAction","target":["https:\/\/gronau-inside.de\/en\/i-believe-id-rather-fall-asleep-than-fall-in-love-na-kommt-euch-der-s"]}]},{"@type":"ImageObject","inLanguage":"en-US","@id":"https:\/\/gronau-inside.de\/en\/i-believe-id-rather-fall-asleep-than-fall-in-love-na-kommt-euch-der-s#primaryimage","url":"https:\/\/gronau-inside.de\/wp-content\/uploads\/2023\/12\/411019828_846202370843864_4748123487557433748_n.jpg","contentUrl":"https:\/\/gronau-inside.de\/wp-content\/uploads\/2023\/12\/411019828_846202370843864_4748123487557433748_n.jpg","width":720,"height":900},{"@type":"BreadcrumbList","@id":"https:\/\/gronau-inside.de\/en\/i-believe-id-rather-fall-asleep-than-fall-in-love-na-kommt-euch-der-s#breadcrumb","itemListElement":[{"@type":"ListItem","position":1,"name":"Startseite","item":"https:\/\/gronau-inside.de\/en\/home-page"},{"@type":"ListItem","position":2,"name":"&#8220;I believe I&#8217;d rather fall asleep than fall in love&#8230;&#8221;, na, kommt euch der S&#8230;"}]},{"@type":"WebSite","@id":"https:\/\/gronau-inside.de\/en#website","url":"https:\/\/gronau-inside.de\/en","name":"Gronau Inside","description":"Musikstadt im Gr\u00fcnen","publisher":{"@id":"https:\/\/gronau-inside.de\/en#organization"},"potentialAction":[{"@type":"SearchAction","target":{"@type":"EntryPoint","urlTemplate":"https:\/\/gronau-inside.de\/en?s={search_term_string}"},"query-input":{"@type":"PropertyValueSpecification","valueRequired":true,"valueName":"search_term_string"}}],"inLanguage":"en-US"},{"@type":"Organization","@id":"https:\/\/gronau-inside.de\/en#organization","name":"Gronau Inside","url":"https:\/\/gronau-inside.de\/en","logo":{"@type":"ImageObject","inLanguage":"en-US","@id":"https:\/\/gronau-inside.de\/en#\/schema\/logo\/image\/","url":"https:\/\/gronau-inside.de\/wp-content\/uploads\/2020\/10\/01_gronau-logo_weissaufweiss_Schriftzug-1.png","contentUrl":"https:\/\/gronau-inside.de\/wp-content\/uploads\/2020\/10\/01_gronau-logo_weissaufweiss_Schriftzug-1.png","width":254,"height":246,"caption":"Gronau Inside"},"image":{"@id":"https:\/\/gronau-inside.de\/en#\/schema\/logo\/image\/"}},{"@type":"Person","@id":"https:\/\/gronau-inside.de\/en#\/schema\/person\/f2e1f5c91cd43ca8b12ddf26d7546e29","name":"Gronau Inside"}]}},"_links":{"self":[{"href":"https:\/\/gronau-inside.de\/en\/wp-json\/wp\/v2\/posts\/53835","targetHints":{"allow":["GET"]}}],"collection":[{"href":"https:\/\/gronau-inside.de\/en\/wp-json\/wp\/v2\/posts"}],"about":[{"href":"https:\/\/gronau-inside.de\/en\/wp-json\/wp\/v2\/types\/post"}],"author":[{"embeddable":true,"href":"https:\/\/gronau-inside.de\/en\/wp-json\/wp\/v2\/users\/2"}],"replies":[{"embeddable":true,"href":"https:\/\/gronau-inside.de\/en\/wp-json\/wp\/v2\/comments?post=53835"}],"version-history":[{"count":0,"href":"https:\/\/gronau-inside.de\/en\/wp-json\/wp\/v2\/posts\/53835\/revisions"}],"wp:featuredmedia":[{"embeddable":true,"href":"https:\/\/gronau-inside.de\/en\/wp-json\/wp\/v2\/media\/53832"}],"wp:attachment":[{"href":"https:\/\/gronau-inside.de\/en\/wp-json\/wp\/v2\/media?parent=53835"}],"wp:term":[{"taxonomy":"category","embeddable":true,"href":"https:\/\/gronau-inside.de\/en\/wp-json\/wp\/v2\/categories?post=53835"},{"taxonomy":"post_tag","embeddable":true,"href":"https:\/\/gronau-inside.de\/en\/wp-json\/wp\/v2\/tags?post=53835"}],"curies":[{"name":"wp","href":"https:\/\/api.w.org\/{rel}","templated":true}]}}