{"id":55653,"date":"2024-01-27T10:07:49","date_gmt":"2024-01-27T09:07:49","guid":{"rendered":"https:\/\/gronau-inside.de\/vereine-einrichtungen-initiativen-aufgepasst-%f0%9f%98%8aim-maerz-kann-wieder-die-f"},"modified":"2024-01-27T10:07:49","modified_gmt":"2024-01-27T09:07:49","slug":"vereine-einrichtungen-initiativen-aufgepasst-%f0%9f%98%8aim-maerz-kann-wieder-die-f","status":"publish","type":"post","link":"https:\/\/gronau-inside.de\/en\/vereine-einrichtungen-initiativen-aufgepasst-%f0%9f%98%8aim-maerz-kann-wieder-die-f","title":{"rendered":"Vereine, Einrichtungen &#038; Initiativen aufgepasst! \ud83d\ude0a\n\nIm M\u00e4rz kann wieder die F&#8230;"},"content":{"rendered":"<p>Vereine, Einrichtungen &#038; Initiativen aufgepasst! \ud83d\ude0a<\/p>\n<p>Im M\u00e4rz kann wieder die F\u00f6rderung f\u00fcr Kleinprojekte beantragt werden. Als LEADER-Region stehen Ahaus, Gronau, Heek, Legden und Sch\u00f6ppingen bis 2029 F\u00f6rdermittel aus dem EU-LEADER.Schwerpunkt zur Entwicklung des l\u00e4ndlichen Raumes und aus dem NRW-Haushalt zur Verf\u00fcgung. Getreu dem Motto \u201eWir gestalten HIER!\u201c sollen kreative und nachhaltige Projekte entwickelt werden, die zur St\u00e4rkung der Region, der Kommunen und der B\u00fcrger:innen beitragen.<\/p>\n<p>Das Regionalbudget ist auf Ma\u00dfnahmen ausgerichtet, die nicht mehr als 20.000 Euro kosten und zwischen Mitte Mai und Mitte November umsetzbar sind. Falls es zur F\u00f6rderung kommt, winken den Antragsteller:innen bis zu 80 % an F\u00f6rdermitteln.<br \/>\nWer auf die F\u00f6rderung zugreifen m\u00f6chte, muss sich bewerben und einen F\u00f6rderantrag an das Regionalmanagement der LEADER-Region im Bewerbungszeitraum vom 01. bis 31. M\u00e4rz 2024 stellen. <\/p>\n<p>Damit die Bedingungen des Wettbewerbs und die einzureichenden Unterlagen schnell verstanden werden k\u00f6nnen, bietet das Regionalmanagement der LEADER-Region als Hilfestellung vorab eine Informationsveranstaltung rund um das Thema Kleinprojektf\u00f6rderung an. Die Veranstaltung findet digital via Zoom statt am Donnerstag, den 08. Februar 2024 um 19 Uhr. Eine Anmeldung ist nicht erforderlich, der Link ist auf der Vereinshomepage eingestellt oder kann per E-Mail angefordert werden. <\/p>\n<p>Weitere Informationen gibt es auf der Vereins-Homepage der LEADER-Region unter www.leader-wml.de. Dort befinden sich auch der aktuelle F\u00f6rderaufruf und alle ben\u00f6tigen Unterlagen f\u00fcr die Beantragung<\/p>\n<p>Ansprechperson: Regionalmanager Dominik Olbrich<br \/>\nTel.: 0251 48 400 \u2013 19<br \/>\nE-Mail: regionalmanagement@leader-wml.de<\/p>\n","protected":false},"excerpt":{"rendered":"<p>Vereine, Einrichtungen &#038; Initiativen aufgepasst! \ud83d\ude0a Im M\u00e4rz kann wieder die F\u00f6rderung f\u00fcr Kleinprojekte beantragt werden. Als LEADER-Region stehen Ahaus, Gronau, Heek, Legden und Sch\u00f6ppingen bis 2029 F\u00f6rdermittel aus dem [&hellip;]<\/p>\n","protected":false},"author":2,"featured_media":55650,"comment_status":"","ping_status":"open","sticky":false,"template":"","format":"standard","meta":{"_acf_changed":false,"_price":"","_stock":"","_tribe_ticket_header":"","_tribe_default_ticket_provider":"","_tribe_ticket_capacity":"","_ticket_start_date":"","_ticket_end_date":"","_tribe_ticket_show_description":"","_tribe_ticket_show_not_going":false,"_tribe_ticket_use_global_stock":"","_tribe_ticket_global_stock_level":"","_global_stock_mode":"","_global_stock_cap":"","_tribe_rsvp_for_event":"","_tribe_ticket_going_count":"","_tribe_ticket_not_going_count":"","_tribe_tickets_list":"[]","_tribe_ticket_has_attendee_info_fields":false,"footnotes":""},"categories":[21],"tags":[],"class_list":["post-55653","post","type-post","status-publish","format-standard","has-post-thumbnail","hentry","category-angesagt"],"acf":[],"yoast_head":"<!-- This site is optimized with the Yoast SEO plugin v27.5 - https:\/\/yoast.com\/product\/yoast-seo-wordpress\/ -->\n<title>Vereine, Einrichtungen &amp; Initiativen aufgepasst! \ud83d\ude0a Im M\u00e4rz kann wieder die F... - Gronau Inside<\/title>\n<meta name=\"robots\" content=\"index, follow, max-snippet:-1, max-image-preview:large, max-video-preview:-1\" \/>\n<link rel=\"canonical\" href=\"https:\/\/gronau-inside.de\/en\/vereine-einrichtungen-initiativen-aufgepasst-%f0%9f%98%8aim-maerz-kann-wieder-die-f\" \/>\n<meta property=\"og:locale\" content=\"en_US\" \/>\n<meta property=\"og:type\" content=\"article\" \/>\n<meta property=\"og:title\" content=\"Vereine, Einrichtungen &amp; Initiativen aufgepasst! \ud83d\ude0a Im M\u00e4rz kann wieder die F... - Gronau Inside\" \/>\n<meta property=\"og:description\" content=\"Vereine, Einrichtungen &#038; Initiativen aufgepasst! \ud83d\ude0a Im M\u00e4rz kann wieder die F\u00f6rderung f\u00fcr Kleinprojekte beantragt werden. Als LEADER-Region stehen Ahaus, Gronau, Heek, Legden und Sch\u00f6ppingen bis 2029 F\u00f6rdermittel aus dem [&hellip;]\" \/>\n<meta property=\"og:url\" content=\"https:\/\/gronau-inside.de\/en\/vereine-einrichtungen-initiativen-aufgepasst-%f0%9f%98%8aim-maerz-kann-wieder-die-f\" \/>\n<meta property=\"og:site_name\" content=\"Gronau Inside\" \/>\n<meta property=\"article:published_time\" content=\"2024-01-27T09:07:49+00:00\" \/>\n<meta property=\"og:image\" content=\"https:\/\/gronau-inside.de\/wp-content\/uploads\/2024\/01\/421978904_871885294942238_4647462486493098028_n.jpg\" \/>\n\t<meta property=\"og:image:width\" content=\"1016\" \/>\n\t<meta property=\"og:image:height\" content=\"720\" \/>\n\t<meta property=\"og:image:type\" content=\"image\/jpeg\" \/>\n<meta name=\"author\" content=\"Gronau Inside\" \/>\n<meta name=\"twitter:card\" content=\"summary_large_image\" \/>\n<meta name=\"twitter:label1\" content=\"Written by\" \/>\n\t<meta name=\"twitter:data1\" content=\"Gronau Inside\" \/>\n\t<meta name=\"twitter:label2\" content=\"Est. reading time\" \/>\n\t<meta name=\"twitter:data2\" content=\"1 minute\" \/>\n<script type=\"application\/ld+json\" class=\"yoast-schema-graph\">{\"@context\":\"https:\\\/\\\/schema.org\",\"@graph\":[{\"@type\":\"Article\",\"@id\":\"https:\\\/\\\/gronau-inside.de\\\/en\\\/vereine-einrichtungen-initiativen-aufgepasst-%f0%9f%98%8aim-maerz-kann-wieder-die-f#article\",\"isPartOf\":{\"@id\":\"https:\\\/\\\/gronau-inside.de\\\/en\\\/vereine-einrichtungen-initiativen-aufgepasst-%f0%9f%98%8aim-maerz-kann-wieder-die-f\"},\"author\":{\"name\":\"Gronau Inside\",\"@id\":\"https:\\\/\\\/gronau-inside.de\\\/en#\\\/schema\\\/person\\\/f2e1f5c91cd43ca8b12ddf26d7546e29\"},\"headline\":\"Vereine, Einrichtungen &#038; Initiativen aufgepasst! \ud83d\ude0a Im M\u00e4rz kann wieder die F&#8230;\",\"datePublished\":\"2024-01-27T09:07:49+00:00\",\"mainEntityOfPage\":{\"@id\":\"https:\\\/\\\/gronau-inside.de\\\/en\\\/vereine-einrichtungen-initiativen-aufgepasst-%f0%9f%98%8aim-maerz-kann-wieder-die-f\"},\"wordCount\":250,\"publisher\":{\"@id\":\"https:\\\/\\\/gronau-inside.de\\\/en#organization\"},\"image\":{\"@id\":\"https:\\\/\\\/gronau-inside.de\\\/en\\\/vereine-einrichtungen-initiativen-aufgepasst-%f0%9f%98%8aim-maerz-kann-wieder-die-f#primaryimage\"},\"thumbnailUrl\":\"https:\\\/\\\/gronau-inside.de\\\/wp-content\\\/uploads\\\/2024\\\/01\\\/421978904_871885294942238_4647462486493098028_n.jpg\",\"articleSection\":[\"#ANGESAGT\"],\"inLanguage\":\"en-US\"},{\"@type\":\"WebPage\",\"@id\":\"https:\\\/\\\/gronau-inside.de\\\/en\\\/vereine-einrichtungen-initiativen-aufgepasst-%f0%9f%98%8aim-maerz-kann-wieder-die-f\",\"url\":\"https:\\\/\\\/gronau-inside.de\\\/en\\\/vereine-einrichtungen-initiativen-aufgepasst-%f0%9f%98%8aim-maerz-kann-wieder-die-f\",\"name\":\"Vereine, Einrichtungen & Initiativen aufgepasst! \ud83d\ude0a Im M\u00e4rz kann wieder die F... - Gronau Inside\",\"isPartOf\":{\"@id\":\"https:\\\/\\\/gronau-inside.de\\\/en#website\"},\"primaryImageOfPage\":{\"@id\":\"https:\\\/\\\/gronau-inside.de\\\/en\\\/vereine-einrichtungen-initiativen-aufgepasst-%f0%9f%98%8aim-maerz-kann-wieder-die-f#primaryimage\"},\"image\":{\"@id\":\"https:\\\/\\\/gronau-inside.de\\\/en\\\/vereine-einrichtungen-initiativen-aufgepasst-%f0%9f%98%8aim-maerz-kann-wieder-die-f#primaryimage\"},\"thumbnailUrl\":\"https:\\\/\\\/gronau-inside.de\\\/wp-content\\\/uploads\\\/2024\\\/01\\\/421978904_871885294942238_4647462486493098028_n.jpg\",\"datePublished\":\"2024-01-27T09:07:49+00:00\",\"breadcrumb\":{\"@id\":\"https:\\\/\\\/gronau-inside.de\\\/en\\\/vereine-einrichtungen-initiativen-aufgepasst-%f0%9f%98%8aim-maerz-kann-wieder-die-f#breadcrumb\"},\"inLanguage\":\"en-US\",\"potentialAction\":[{\"@type\":\"ReadAction\",\"target\":[\"https:\\\/\\\/gronau-inside.de\\\/en\\\/vereine-einrichtungen-initiativen-aufgepasst-%f0%9f%98%8aim-maerz-kann-wieder-die-f\"]}]},{\"@type\":\"ImageObject\",\"inLanguage\":\"en-US\",\"@id\":\"https:\\\/\\\/gronau-inside.de\\\/en\\\/vereine-einrichtungen-initiativen-aufgepasst-%f0%9f%98%8aim-maerz-kann-wieder-die-f#primaryimage\",\"url\":\"https:\\\/\\\/gronau-inside.de\\\/wp-content\\\/uploads\\\/2024\\\/01\\\/421978904_871885294942238_4647462486493098028_n.jpg\",\"contentUrl\":\"https:\\\/\\\/gronau-inside.de\\\/wp-content\\\/uploads\\\/2024\\\/01\\\/421978904_871885294942238_4647462486493098028_n.jpg\",\"width\":1016,\"height\":720},{\"@type\":\"BreadcrumbList\",\"@id\":\"https:\\\/\\\/gronau-inside.de\\\/en\\\/vereine-einrichtungen-initiativen-aufgepasst-%f0%9f%98%8aim-maerz-kann-wieder-die-f#breadcrumb\",\"itemListElement\":[{\"@type\":\"ListItem\",\"position\":1,\"name\":\"Startseite\",\"item\":\"https:\\\/\\\/gronau-inside.de\\\/en\\\/home-page\"},{\"@type\":\"ListItem\",\"position\":2,\"name\":\"Vereine, Einrichtungen &#038; Initiativen aufgepasst! \ud83d\ude0a Im M\u00e4rz kann wieder die F&#8230;\"}]},{\"@type\":\"WebSite\",\"@id\":\"https:\\\/\\\/gronau-inside.de\\\/en#website\",\"url\":\"https:\\\/\\\/gronau-inside.de\\\/en\",\"name\":\"Gronau Inside\",\"description\":\"Musikstadt im Gr\u00fcnen\",\"publisher\":{\"@id\":\"https:\\\/\\\/gronau-inside.de\\\/en#organization\"},\"potentialAction\":[{\"@type\":\"SearchAction\",\"target\":{\"@type\":\"EntryPoint\",\"urlTemplate\":\"https:\\\/\\\/gronau-inside.de\\\/en?s={search_term_string}\"},\"query-input\":{\"@type\":\"PropertyValueSpecification\",\"valueRequired\":true,\"valueName\":\"search_term_string\"}}],\"inLanguage\":\"en-US\"},{\"@type\":\"Organization\",\"@id\":\"https:\\\/\\\/gronau-inside.de\\\/en#organization\",\"name\":\"Gronau Inside\",\"url\":\"https:\\\/\\\/gronau-inside.de\\\/en\",\"logo\":{\"@type\":\"ImageObject\",\"inLanguage\":\"en-US\",\"@id\":\"https:\\\/\\\/gronau-inside.de\\\/en#\\\/schema\\\/logo\\\/image\\\/\",\"url\":\"https:\\\/\\\/gronau-inside.de\\\/wp-content\\\/uploads\\\/2020\\\/10\\\/01_gronau-logo_weissaufweiss_Schriftzug-1.png\",\"contentUrl\":\"https:\\\/\\\/gronau-inside.de\\\/wp-content\\\/uploads\\\/2020\\\/10\\\/01_gronau-logo_weissaufweiss_Schriftzug-1.png\",\"width\":254,\"height\":246,\"caption\":\"Gronau Inside\"},\"image\":{\"@id\":\"https:\\\/\\\/gronau-inside.de\\\/en#\\\/schema\\\/logo\\\/image\\\/\"}},{\"@type\":\"Person\",\"@id\":\"https:\\\/\\\/gronau-inside.de\\\/en#\\\/schema\\\/person\\\/f2e1f5c91cd43ca8b12ddf26d7546e29\",\"name\":\"Gronau Inside\"}]}<\/script>\n<!-- \/ Yoast SEO plugin. -->","yoast_head_json":{"title":"Vereine, Einrichtungen & Initiativen aufgepasst! \ud83d\ude0a Im M\u00e4rz kann wieder die F... - Gronau Inside","robots":{"index":"index","follow":"follow","max-snippet":"max-snippet:-1","max-image-preview":"max-image-preview:large","max-video-preview":"max-video-preview:-1"},"canonical":"https:\/\/gronau-inside.de\/en\/vereine-einrichtungen-initiativen-aufgepasst-%f0%9f%98%8aim-maerz-kann-wieder-die-f","og_locale":"en_US","og_type":"article","og_title":"Vereine, Einrichtungen & Initiativen aufgepasst! \ud83d\ude0a Im M\u00e4rz kann wieder die F... - Gronau Inside","og_description":"Vereine, Einrichtungen &#038; Initiativen aufgepasst! \ud83d\ude0a Im M\u00e4rz kann wieder die F\u00f6rderung f\u00fcr Kleinprojekte beantragt werden. Als LEADER-Region stehen Ahaus, Gronau, Heek, Legden und Sch\u00f6ppingen bis 2029 F\u00f6rdermittel aus dem [&hellip;]","og_url":"https:\/\/gronau-inside.de\/en\/vereine-einrichtungen-initiativen-aufgepasst-%f0%9f%98%8aim-maerz-kann-wieder-die-f","og_site_name":"Gronau Inside","article_published_time":"2024-01-27T09:07:49+00:00","og_image":[{"width":1016,"height":720,"url":"https:\/\/gronau-inside.de\/wp-content\/uploads\/2024\/01\/421978904_871885294942238_4647462486493098028_n.jpg","type":"image\/jpeg"}],"author":"Gronau Inside","twitter_card":"summary_large_image","twitter_misc":{"Written by":"Gronau Inside","Est. reading time":"1 minute"},"schema":{"@context":"https:\/\/schema.org","@graph":[{"@type":"Article","@id":"https:\/\/gronau-inside.de\/en\/vereine-einrichtungen-initiativen-aufgepasst-%f0%9f%98%8aim-maerz-kann-wieder-die-f#article","isPartOf":{"@id":"https:\/\/gronau-inside.de\/en\/vereine-einrichtungen-initiativen-aufgepasst-%f0%9f%98%8aim-maerz-kann-wieder-die-f"},"author":{"name":"Gronau Inside","@id":"https:\/\/gronau-inside.de\/en#\/schema\/person\/f2e1f5c91cd43ca8b12ddf26d7546e29"},"headline":"Vereine, Einrichtungen &#038; Initiativen aufgepasst! \ud83d\ude0a Im M\u00e4rz kann wieder die F&#8230;","datePublished":"2024-01-27T09:07:49+00:00","mainEntityOfPage":{"@id":"https:\/\/gronau-inside.de\/en\/vereine-einrichtungen-initiativen-aufgepasst-%f0%9f%98%8aim-maerz-kann-wieder-die-f"},"wordCount":250,"publisher":{"@id":"https:\/\/gronau-inside.de\/en#organization"},"image":{"@id":"https:\/\/gronau-inside.de\/en\/vereine-einrichtungen-initiativen-aufgepasst-%f0%9f%98%8aim-maerz-kann-wieder-die-f#primaryimage"},"thumbnailUrl":"https:\/\/gronau-inside.de\/wp-content\/uploads\/2024\/01\/421978904_871885294942238_4647462486493098028_n.jpg","articleSection":["#ANGESAGT"],"inLanguage":"en-US"},{"@type":"WebPage","@id":"https:\/\/gronau-inside.de\/en\/vereine-einrichtungen-initiativen-aufgepasst-%f0%9f%98%8aim-maerz-kann-wieder-die-f","url":"https:\/\/gronau-inside.de\/en\/vereine-einrichtungen-initiativen-aufgepasst-%f0%9f%98%8aim-maerz-kann-wieder-die-f","name":"Vereine, Einrichtungen & Initiativen aufgepasst! \ud83d\ude0a Im M\u00e4rz kann wieder die F... - Gronau Inside","isPartOf":{"@id":"https:\/\/gronau-inside.de\/en#website"},"primaryImageOfPage":{"@id":"https:\/\/gronau-inside.de\/en\/vereine-einrichtungen-initiativen-aufgepasst-%f0%9f%98%8aim-maerz-kann-wieder-die-f#primaryimage"},"image":{"@id":"https:\/\/gronau-inside.de\/en\/vereine-einrichtungen-initiativen-aufgepasst-%f0%9f%98%8aim-maerz-kann-wieder-die-f#primaryimage"},"thumbnailUrl":"https:\/\/gronau-inside.de\/wp-content\/uploads\/2024\/01\/421978904_871885294942238_4647462486493098028_n.jpg","datePublished":"2024-01-27T09:07:49+00:00","breadcrumb":{"@id":"https:\/\/gronau-inside.de\/en\/vereine-einrichtungen-initiativen-aufgepasst-%f0%9f%98%8aim-maerz-kann-wieder-die-f#breadcrumb"},"inLanguage":"en-US","potentialAction":[{"@type":"ReadAction","target":["https:\/\/gronau-inside.de\/en\/vereine-einrichtungen-initiativen-aufgepasst-%f0%9f%98%8aim-maerz-kann-wieder-die-f"]}]},{"@type":"ImageObject","inLanguage":"en-US","@id":"https:\/\/gronau-inside.de\/en\/vereine-einrichtungen-initiativen-aufgepasst-%f0%9f%98%8aim-maerz-kann-wieder-die-f#primaryimage","url":"https:\/\/gronau-inside.de\/wp-content\/uploads\/2024\/01\/421978904_871885294942238_4647462486493098028_n.jpg","contentUrl":"https:\/\/gronau-inside.de\/wp-content\/uploads\/2024\/01\/421978904_871885294942238_4647462486493098028_n.jpg","width":1016,"height":720},{"@type":"BreadcrumbList","@id":"https:\/\/gronau-inside.de\/en\/vereine-einrichtungen-initiativen-aufgepasst-%f0%9f%98%8aim-maerz-kann-wieder-die-f#breadcrumb","itemListElement":[{"@type":"ListItem","position":1,"name":"Startseite","item":"https:\/\/gronau-inside.de\/en\/home-page"},{"@type":"ListItem","position":2,"name":"Vereine, Einrichtungen &#038; Initiativen aufgepasst! \ud83d\ude0a Im M\u00e4rz kann wieder die F&#8230;"}]},{"@type":"WebSite","@id":"https:\/\/gronau-inside.de\/en#website","url":"https:\/\/gronau-inside.de\/en","name":"Gronau Inside","description":"Musikstadt im Gr\u00fcnen","publisher":{"@id":"https:\/\/gronau-inside.de\/en#organization"},"potentialAction":[{"@type":"SearchAction","target":{"@type":"EntryPoint","urlTemplate":"https:\/\/gronau-inside.de\/en?s={search_term_string}"},"query-input":{"@type":"PropertyValueSpecification","valueRequired":true,"valueName":"search_term_string"}}],"inLanguage":"en-US"},{"@type":"Organization","@id":"https:\/\/gronau-inside.de\/en#organization","name":"Gronau Inside","url":"https:\/\/gronau-inside.de\/en","logo":{"@type":"ImageObject","inLanguage":"en-US","@id":"https:\/\/gronau-inside.de\/en#\/schema\/logo\/image\/","url":"https:\/\/gronau-inside.de\/wp-content\/uploads\/2020\/10\/01_gronau-logo_weissaufweiss_Schriftzug-1.png","contentUrl":"https:\/\/gronau-inside.de\/wp-content\/uploads\/2020\/10\/01_gronau-logo_weissaufweiss_Schriftzug-1.png","width":254,"height":246,"caption":"Gronau Inside"},"image":{"@id":"https:\/\/gronau-inside.de\/en#\/schema\/logo\/image\/"}},{"@type":"Person","@id":"https:\/\/gronau-inside.de\/en#\/schema\/person\/f2e1f5c91cd43ca8b12ddf26d7546e29","name":"Gronau Inside"}]}},"_links":{"self":[{"href":"https:\/\/gronau-inside.de\/en\/wp-json\/wp\/v2\/posts\/55653","targetHints":{"allow":["GET"]}}],"collection":[{"href":"https:\/\/gronau-inside.de\/en\/wp-json\/wp\/v2\/posts"}],"about":[{"href":"https:\/\/gronau-inside.de\/en\/wp-json\/wp\/v2\/types\/post"}],"author":[{"embeddable":true,"href":"https:\/\/gronau-inside.de\/en\/wp-json\/wp\/v2\/users\/2"}],"replies":[{"embeddable":true,"href":"https:\/\/gronau-inside.de\/en\/wp-json\/wp\/v2\/comments?post=55653"}],"version-history":[{"count":0,"href":"https:\/\/gronau-inside.de\/en\/wp-json\/wp\/v2\/posts\/55653\/revisions"}],"wp:featuredmedia":[{"embeddable":true,"href":"https:\/\/gronau-inside.de\/en\/wp-json\/wp\/v2\/media\/55650"}],"wp:attachment":[{"href":"https:\/\/gronau-inside.de\/en\/wp-json\/wp\/v2\/media?parent=55653"}],"wp:term":[{"taxonomy":"category","embeddable":true,"href":"https:\/\/gronau-inside.de\/en\/wp-json\/wp\/v2\/categories?post=55653"},{"taxonomy":"post_tag","embeddable":true,"href":"https:\/\/gronau-inside.de\/en\/wp-json\/wp\/v2\/tags?post=55653"}],"curies":[{"name":"wp","href":"https:\/\/api.w.org\/{rel}","templated":true}]}}