{"id":58338,"date":"2024-03-05T16:09:57","date_gmt":"2024-03-05T15:09:57","guid":{"rendered":"https:\/\/gronau-inside.de\/am-18-maerz-findet-um-19-uhr-in-der-stadtbuecherei-gronau-ein-vortrag-zum-them"},"modified":"2024-03-05T16:09:57","modified_gmt":"2024-03-05T15:09:57","slug":"am-18-maerz-findet-um-19-uhr-in-der-stadtbuecherei-gronau-ein-vortrag-zum-them","status":"publish","type":"post","link":"https:\/\/gronau-inside.de\/en\/am-18-maerz-findet-um-19-uhr-in-der-stadtbuecherei-gronau-ein-vortrag-zum-them","title":{"rendered":"Am 18. M\u00e4rz findet um 19 Uhr in der Stadtb\u00fccherei Gronau ein Vortrag zum Them&#8230;"},"content":{"rendered":"<p>Am 18. M\u00e4rz findet um 19 Uhr in der Stadtb\u00fccherei Gronau ein Vortrag zum Thema &#8220;Wiedervern\u00e4ssung des H\u00fcndfelder Moores &#8211; ein Biodiversit\u00e4ts- und Klimaschutzprojekt im Kreis Borken&#8221; statt. <\/p>\n<p>Nach den Prognosen der Klimaforscher werden sich die Wetteranomalien zuk\u00fcnftig noch st\u00e4rker auspr\u00e4gen als heute und das hat auch Auswirkungen auf die Schutzgebiete im Kreis Borken. Damit Schutzma\u00dfnahmen zum Erhalt der Biologischen Vielfalt gelingen, muss in erster Linie k\u00fcnftig mehr Wasser in der Landschaft zur\u00fcck gehalten werden. <\/p>\n<p>Ein Vorzeigeprojekt mit Modellcharakter zur Wiedervern\u00e4ssung eines Moorgebietes entsteht zur Zeit im H\u00fcndfelder Moor im n\u00f6rdlichen Kreis Borken an der deutsch-niederl\u00e4ndischen Grenze. Im Vortrag werden die verschiedenen Ma\u00dfnahmen vorgestellt, die beispielgebend auch f\u00fcr weitere Moorgebiete sein k\u00f6nnen. <\/p>\n<p>Der Vortrag ist kistenlos und findet in Zusammenarbeit mit der VHS Gronau statt.<br \/>\nF\u00fcr weitere Informationen und Anmeldungen steht euch die Biologische Station Zwillbrock unter Tel.: 02564\/986020 zur Verf\u00fcgung. www.bszwillbrock.de<\/p>\n<p>Foto: Im H\u00fcndfelder Moor sind Wiedervern\u00e4ssungsma\u00dfnahmen geplant (Foto: Ch. R\u00fcckriem)<\/p>\n","protected":false},"excerpt":{"rendered":"<p>Am 18. M\u00e4rz findet um 19 Uhr in der Stadtb\u00fccherei Gronau ein Vortrag zum Thema &#8220;Wiedervern\u00e4ssung des H\u00fcndfelder Moores &#8211; ein Biodiversit\u00e4ts- und Klimaschutzprojekt im Kreis Borken&#8221; statt. Nach den [&hellip;]<\/p>\n","protected":false},"author":2,"featured_media":58335,"comment_status":"","ping_status":"","sticky":false,"template":"","format":"standard","meta":{"_acf_changed":false,"_price":"","_stock":"","_tribe_ticket_header":"","_tribe_default_ticket_provider":"","_tribe_ticket_capacity":"","_ticket_start_date":"","_ticket_end_date":"","_tribe_ticket_show_description":"","_tribe_ticket_show_not_going":false,"_tribe_ticket_use_global_stock":"","_tribe_ticket_global_stock_level":"","_global_stock_mode":"","_global_stock_cap":"","_tribe_rsvp_for_event":"","_tribe_ticket_going_count":"","_tribe_ticket_not_going_count":"","_tribe_tickets_list":"[]","_tribe_ticket_has_attendee_info_fields":false,"footnotes":""},"categories":[21],"tags":[],"class_list":["post-58338","post","type-post","status-publish","format-standard","has-post-thumbnail","hentry","category-angesagt"],"acf":[],"yoast_head":"<!-- This site is optimized with the Yoast SEO plugin v27.5 - https:\/\/yoast.com\/product\/yoast-seo-wordpress\/ -->\n<title>Am 18. M\u00e4rz findet um 19 Uhr in der Stadtb\u00fccherei Gronau ein Vortrag zum Them... - Gronau Inside<\/title>\n<meta name=\"robots\" content=\"index, follow, max-snippet:-1, max-image-preview:large, max-video-preview:-1\" \/>\n<link rel=\"canonical\" href=\"https:\/\/gronau-inside.de\/en\/am-18-maerz-findet-um-19-uhr-in-der-stadtbuecherei-gronau-ein-vortrag-zum-them\" \/>\n<meta property=\"og:locale\" content=\"en_US\" \/>\n<meta property=\"og:type\" content=\"article\" \/>\n<meta property=\"og:title\" content=\"Am 18. M\u00e4rz findet um 19 Uhr in der Stadtb\u00fccherei Gronau ein Vortrag zum Them... - Gronau Inside\" \/>\n<meta property=\"og:description\" content=\"Am 18. M\u00e4rz findet um 19 Uhr in der Stadtb\u00fccherei Gronau ein Vortrag zum Thema &#8220;Wiedervern\u00e4ssung des H\u00fcndfelder Moores &#8211; ein Biodiversit\u00e4ts- und Klimaschutzprojekt im Kreis Borken&#8221; statt. Nach den [&hellip;]\" \/>\n<meta property=\"og:url\" content=\"https:\/\/gronau-inside.de\/en\/am-18-maerz-findet-um-19-uhr-in-der-stadtbuecherei-gronau-ein-vortrag-zum-them\" \/>\n<meta property=\"og:site_name\" content=\"Gronau Inside\" \/>\n<meta property=\"article:published_time\" content=\"2024-03-05T15:09:57+00:00\" \/>\n<meta property=\"og:image\" content=\"https:\/\/gronau-inside.de\/wp-content\/uploads\/2024\/03\/431070064_898720835592017_950048669954399946_n.jpg\" \/>\n\t<meta property=\"og:image:width\" content=\"1024\" \/>\n\t<meta property=\"og:image:height\" content=\"681\" \/>\n\t<meta property=\"og:image:type\" content=\"image\/jpeg\" \/>\n<meta name=\"author\" content=\"Gronau Inside\" \/>\n<meta name=\"twitter:card\" content=\"summary_large_image\" \/>\n<meta name=\"twitter:label1\" content=\"Written by\" \/>\n\t<meta name=\"twitter:data1\" content=\"Gronau Inside\" \/>\n\t<meta name=\"twitter:label2\" content=\"Est. reading time\" \/>\n\t<meta name=\"twitter:data2\" content=\"1 minute\" \/>\n<script type=\"application\/ld+json\" class=\"yoast-schema-graph\">{\"@context\":\"https:\\\/\\\/schema.org\",\"@graph\":[{\"@type\":\"Article\",\"@id\":\"https:\\\/\\\/gronau-inside.de\\\/en\\\/am-18-maerz-findet-um-19-uhr-in-der-stadtbuecherei-gronau-ein-vortrag-zum-them#article\",\"isPartOf\":{\"@id\":\"https:\\\/\\\/gronau-inside.de\\\/en\\\/am-18-maerz-findet-um-19-uhr-in-der-stadtbuecherei-gronau-ein-vortrag-zum-them\"},\"author\":{\"name\":\"Gronau Inside\",\"@id\":\"https:\\\/\\\/gronau-inside.de\\\/en#\\\/schema\\\/person\\\/f2e1f5c91cd43ca8b12ddf26d7546e29\"},\"headline\":\"Am 18. M\u00e4rz findet um 19 Uhr in der Stadtb\u00fccherei Gronau ein Vortrag zum Them&#8230;\",\"datePublished\":\"2024-03-05T15:09:57+00:00\",\"mainEntityOfPage\":{\"@id\":\"https:\\\/\\\/gronau-inside.de\\\/en\\\/am-18-maerz-findet-um-19-uhr-in-der-stadtbuecherei-gronau-ein-vortrag-zum-them\"},\"wordCount\":190,\"publisher\":{\"@id\":\"https:\\\/\\\/gronau-inside.de\\\/en#organization\"},\"image\":{\"@id\":\"https:\\\/\\\/gronau-inside.de\\\/en\\\/am-18-maerz-findet-um-19-uhr-in-der-stadtbuecherei-gronau-ein-vortrag-zum-them#primaryimage\"},\"thumbnailUrl\":\"https:\\\/\\\/gronau-inside.de\\\/wp-content\\\/uploads\\\/2024\\\/03\\\/431070064_898720835592017_950048669954399946_n.jpg\",\"articleSection\":[\"#ANGESAGT\"],\"inLanguage\":\"en-US\"},{\"@type\":\"WebPage\",\"@id\":\"https:\\\/\\\/gronau-inside.de\\\/en\\\/am-18-maerz-findet-um-19-uhr-in-der-stadtbuecherei-gronau-ein-vortrag-zum-them\",\"url\":\"https:\\\/\\\/gronau-inside.de\\\/en\\\/am-18-maerz-findet-um-19-uhr-in-der-stadtbuecherei-gronau-ein-vortrag-zum-them\",\"name\":\"Am 18. M\u00e4rz findet um 19 Uhr in der Stadtb\u00fccherei Gronau ein Vortrag zum Them... - Gronau Inside\",\"isPartOf\":{\"@id\":\"https:\\\/\\\/gronau-inside.de\\\/en#website\"},\"primaryImageOfPage\":{\"@id\":\"https:\\\/\\\/gronau-inside.de\\\/en\\\/am-18-maerz-findet-um-19-uhr-in-der-stadtbuecherei-gronau-ein-vortrag-zum-them#primaryimage\"},\"image\":{\"@id\":\"https:\\\/\\\/gronau-inside.de\\\/en\\\/am-18-maerz-findet-um-19-uhr-in-der-stadtbuecherei-gronau-ein-vortrag-zum-them#primaryimage\"},\"thumbnailUrl\":\"https:\\\/\\\/gronau-inside.de\\\/wp-content\\\/uploads\\\/2024\\\/03\\\/431070064_898720835592017_950048669954399946_n.jpg\",\"datePublished\":\"2024-03-05T15:09:57+00:00\",\"breadcrumb\":{\"@id\":\"https:\\\/\\\/gronau-inside.de\\\/en\\\/am-18-maerz-findet-um-19-uhr-in-der-stadtbuecherei-gronau-ein-vortrag-zum-them#breadcrumb\"},\"inLanguage\":\"en-US\",\"potentialAction\":[{\"@type\":\"ReadAction\",\"target\":[\"https:\\\/\\\/gronau-inside.de\\\/en\\\/am-18-maerz-findet-um-19-uhr-in-der-stadtbuecherei-gronau-ein-vortrag-zum-them\"]}]},{\"@type\":\"ImageObject\",\"inLanguage\":\"en-US\",\"@id\":\"https:\\\/\\\/gronau-inside.de\\\/en\\\/am-18-maerz-findet-um-19-uhr-in-der-stadtbuecherei-gronau-ein-vortrag-zum-them#primaryimage\",\"url\":\"https:\\\/\\\/gronau-inside.de\\\/wp-content\\\/uploads\\\/2024\\\/03\\\/431070064_898720835592017_950048669954399946_n.jpg\",\"contentUrl\":\"https:\\\/\\\/gronau-inside.de\\\/wp-content\\\/uploads\\\/2024\\\/03\\\/431070064_898720835592017_950048669954399946_n.jpg\",\"width\":1024,\"height\":681},{\"@type\":\"BreadcrumbList\",\"@id\":\"https:\\\/\\\/gronau-inside.de\\\/en\\\/am-18-maerz-findet-um-19-uhr-in-der-stadtbuecherei-gronau-ein-vortrag-zum-them#breadcrumb\",\"itemListElement\":[{\"@type\":\"ListItem\",\"position\":1,\"name\":\"Startseite\",\"item\":\"https:\\\/\\\/gronau-inside.de\\\/en\\\/home-page\"},{\"@type\":\"ListItem\",\"position\":2,\"name\":\"Am 18. M\u00e4rz findet um 19 Uhr in der Stadtb\u00fccherei Gronau ein Vortrag zum Them&#8230;\"}]},{\"@type\":\"WebSite\",\"@id\":\"https:\\\/\\\/gronau-inside.de\\\/en#website\",\"url\":\"https:\\\/\\\/gronau-inside.de\\\/en\",\"name\":\"Gronau Inside\",\"description\":\"Musikstadt im Gr\u00fcnen\",\"publisher\":{\"@id\":\"https:\\\/\\\/gronau-inside.de\\\/en#organization\"},\"potentialAction\":[{\"@type\":\"SearchAction\",\"target\":{\"@type\":\"EntryPoint\",\"urlTemplate\":\"https:\\\/\\\/gronau-inside.de\\\/en?s={search_term_string}\"},\"query-input\":{\"@type\":\"PropertyValueSpecification\",\"valueRequired\":true,\"valueName\":\"search_term_string\"}}],\"inLanguage\":\"en-US\"},{\"@type\":\"Organization\",\"@id\":\"https:\\\/\\\/gronau-inside.de\\\/en#organization\",\"name\":\"Gronau Inside\",\"url\":\"https:\\\/\\\/gronau-inside.de\\\/en\",\"logo\":{\"@type\":\"ImageObject\",\"inLanguage\":\"en-US\",\"@id\":\"https:\\\/\\\/gronau-inside.de\\\/en#\\\/schema\\\/logo\\\/image\\\/\",\"url\":\"https:\\\/\\\/gronau-inside.de\\\/wp-content\\\/uploads\\\/2020\\\/10\\\/01_gronau-logo_weissaufweiss_Schriftzug-1.png\",\"contentUrl\":\"https:\\\/\\\/gronau-inside.de\\\/wp-content\\\/uploads\\\/2020\\\/10\\\/01_gronau-logo_weissaufweiss_Schriftzug-1.png\",\"width\":254,\"height\":246,\"caption\":\"Gronau Inside\"},\"image\":{\"@id\":\"https:\\\/\\\/gronau-inside.de\\\/en#\\\/schema\\\/logo\\\/image\\\/\"}},{\"@type\":\"Person\",\"@id\":\"https:\\\/\\\/gronau-inside.de\\\/en#\\\/schema\\\/person\\\/f2e1f5c91cd43ca8b12ddf26d7546e29\",\"name\":\"Gronau Inside\"}]}<\/script>\n<!-- \/ Yoast SEO plugin. -->","yoast_head_json":{"title":"Am 18. M\u00e4rz findet um 19 Uhr in der Stadtb\u00fccherei Gronau ein Vortrag zum Them... - Gronau Inside","robots":{"index":"index","follow":"follow","max-snippet":"max-snippet:-1","max-image-preview":"max-image-preview:large","max-video-preview":"max-video-preview:-1"},"canonical":"https:\/\/gronau-inside.de\/en\/am-18-maerz-findet-um-19-uhr-in-der-stadtbuecherei-gronau-ein-vortrag-zum-them","og_locale":"en_US","og_type":"article","og_title":"Am 18. M\u00e4rz findet um 19 Uhr in der Stadtb\u00fccherei Gronau ein Vortrag zum Them... - Gronau Inside","og_description":"Am 18. M\u00e4rz findet um 19 Uhr in der Stadtb\u00fccherei Gronau ein Vortrag zum Thema &#8220;Wiedervern\u00e4ssung des H\u00fcndfelder Moores &#8211; ein Biodiversit\u00e4ts- und Klimaschutzprojekt im Kreis Borken&#8221; statt. Nach den [&hellip;]","og_url":"https:\/\/gronau-inside.de\/en\/am-18-maerz-findet-um-19-uhr-in-der-stadtbuecherei-gronau-ein-vortrag-zum-them","og_site_name":"Gronau Inside","article_published_time":"2024-03-05T15:09:57+00:00","og_image":[{"width":1024,"height":681,"url":"https:\/\/gronau-inside.de\/wp-content\/uploads\/2024\/03\/431070064_898720835592017_950048669954399946_n.jpg","type":"image\/jpeg"}],"author":"Gronau Inside","twitter_card":"summary_large_image","twitter_misc":{"Written by":"Gronau Inside","Est. reading time":"1 minute"},"schema":{"@context":"https:\/\/schema.org","@graph":[{"@type":"Article","@id":"https:\/\/gronau-inside.de\/en\/am-18-maerz-findet-um-19-uhr-in-der-stadtbuecherei-gronau-ein-vortrag-zum-them#article","isPartOf":{"@id":"https:\/\/gronau-inside.de\/en\/am-18-maerz-findet-um-19-uhr-in-der-stadtbuecherei-gronau-ein-vortrag-zum-them"},"author":{"name":"Gronau Inside","@id":"https:\/\/gronau-inside.de\/en#\/schema\/person\/f2e1f5c91cd43ca8b12ddf26d7546e29"},"headline":"Am 18. M\u00e4rz findet um 19 Uhr in der Stadtb\u00fccherei Gronau ein Vortrag zum Them&#8230;","datePublished":"2024-03-05T15:09:57+00:00","mainEntityOfPage":{"@id":"https:\/\/gronau-inside.de\/en\/am-18-maerz-findet-um-19-uhr-in-der-stadtbuecherei-gronau-ein-vortrag-zum-them"},"wordCount":190,"publisher":{"@id":"https:\/\/gronau-inside.de\/en#organization"},"image":{"@id":"https:\/\/gronau-inside.de\/en\/am-18-maerz-findet-um-19-uhr-in-der-stadtbuecherei-gronau-ein-vortrag-zum-them#primaryimage"},"thumbnailUrl":"https:\/\/gronau-inside.de\/wp-content\/uploads\/2024\/03\/431070064_898720835592017_950048669954399946_n.jpg","articleSection":["#ANGESAGT"],"inLanguage":"en-US"},{"@type":"WebPage","@id":"https:\/\/gronau-inside.de\/en\/am-18-maerz-findet-um-19-uhr-in-der-stadtbuecherei-gronau-ein-vortrag-zum-them","url":"https:\/\/gronau-inside.de\/en\/am-18-maerz-findet-um-19-uhr-in-der-stadtbuecherei-gronau-ein-vortrag-zum-them","name":"Am 18. M\u00e4rz findet um 19 Uhr in der Stadtb\u00fccherei Gronau ein Vortrag zum Them... - Gronau Inside","isPartOf":{"@id":"https:\/\/gronau-inside.de\/en#website"},"primaryImageOfPage":{"@id":"https:\/\/gronau-inside.de\/en\/am-18-maerz-findet-um-19-uhr-in-der-stadtbuecherei-gronau-ein-vortrag-zum-them#primaryimage"},"image":{"@id":"https:\/\/gronau-inside.de\/en\/am-18-maerz-findet-um-19-uhr-in-der-stadtbuecherei-gronau-ein-vortrag-zum-them#primaryimage"},"thumbnailUrl":"https:\/\/gronau-inside.de\/wp-content\/uploads\/2024\/03\/431070064_898720835592017_950048669954399946_n.jpg","datePublished":"2024-03-05T15:09:57+00:00","breadcrumb":{"@id":"https:\/\/gronau-inside.de\/en\/am-18-maerz-findet-um-19-uhr-in-der-stadtbuecherei-gronau-ein-vortrag-zum-them#breadcrumb"},"inLanguage":"en-US","potentialAction":[{"@type":"ReadAction","target":["https:\/\/gronau-inside.de\/en\/am-18-maerz-findet-um-19-uhr-in-der-stadtbuecherei-gronau-ein-vortrag-zum-them"]}]},{"@type":"ImageObject","inLanguage":"en-US","@id":"https:\/\/gronau-inside.de\/en\/am-18-maerz-findet-um-19-uhr-in-der-stadtbuecherei-gronau-ein-vortrag-zum-them#primaryimage","url":"https:\/\/gronau-inside.de\/wp-content\/uploads\/2024\/03\/431070064_898720835592017_950048669954399946_n.jpg","contentUrl":"https:\/\/gronau-inside.de\/wp-content\/uploads\/2024\/03\/431070064_898720835592017_950048669954399946_n.jpg","width":1024,"height":681},{"@type":"BreadcrumbList","@id":"https:\/\/gronau-inside.de\/en\/am-18-maerz-findet-um-19-uhr-in-der-stadtbuecherei-gronau-ein-vortrag-zum-them#breadcrumb","itemListElement":[{"@type":"ListItem","position":1,"name":"Startseite","item":"https:\/\/gronau-inside.de\/en\/home-page"},{"@type":"ListItem","position":2,"name":"Am 18. M\u00e4rz findet um 19 Uhr in der Stadtb\u00fccherei Gronau ein Vortrag zum Them&#8230;"}]},{"@type":"WebSite","@id":"https:\/\/gronau-inside.de\/en#website","url":"https:\/\/gronau-inside.de\/en","name":"Gronau Inside","description":"Musikstadt im Gr\u00fcnen","publisher":{"@id":"https:\/\/gronau-inside.de\/en#organization"},"potentialAction":[{"@type":"SearchAction","target":{"@type":"EntryPoint","urlTemplate":"https:\/\/gronau-inside.de\/en?s={search_term_string}"},"query-input":{"@type":"PropertyValueSpecification","valueRequired":true,"valueName":"search_term_string"}}],"inLanguage":"en-US"},{"@type":"Organization","@id":"https:\/\/gronau-inside.de\/en#organization","name":"Gronau Inside","url":"https:\/\/gronau-inside.de\/en","logo":{"@type":"ImageObject","inLanguage":"en-US","@id":"https:\/\/gronau-inside.de\/en#\/schema\/logo\/image\/","url":"https:\/\/gronau-inside.de\/wp-content\/uploads\/2020\/10\/01_gronau-logo_weissaufweiss_Schriftzug-1.png","contentUrl":"https:\/\/gronau-inside.de\/wp-content\/uploads\/2020\/10\/01_gronau-logo_weissaufweiss_Schriftzug-1.png","width":254,"height":246,"caption":"Gronau Inside"},"image":{"@id":"https:\/\/gronau-inside.de\/en#\/schema\/logo\/image\/"}},{"@type":"Person","@id":"https:\/\/gronau-inside.de\/en#\/schema\/person\/f2e1f5c91cd43ca8b12ddf26d7546e29","name":"Gronau Inside"}]}},"_links":{"self":[{"href":"https:\/\/gronau-inside.de\/en\/wp-json\/wp\/v2\/posts\/58338","targetHints":{"allow":["GET"]}}],"collection":[{"href":"https:\/\/gronau-inside.de\/en\/wp-json\/wp\/v2\/posts"}],"about":[{"href":"https:\/\/gronau-inside.de\/en\/wp-json\/wp\/v2\/types\/post"}],"author":[{"embeddable":true,"href":"https:\/\/gronau-inside.de\/en\/wp-json\/wp\/v2\/users\/2"}],"replies":[{"embeddable":true,"href":"https:\/\/gronau-inside.de\/en\/wp-json\/wp\/v2\/comments?post=58338"}],"version-history":[{"count":0,"href":"https:\/\/gronau-inside.de\/en\/wp-json\/wp\/v2\/posts\/58338\/revisions"}],"wp:featuredmedia":[{"embeddable":true,"href":"https:\/\/gronau-inside.de\/en\/wp-json\/wp\/v2\/media\/58335"}],"wp:attachment":[{"href":"https:\/\/gronau-inside.de\/en\/wp-json\/wp\/v2\/media?parent=58338"}],"wp:term":[{"taxonomy":"category","embeddable":true,"href":"https:\/\/gronau-inside.de\/en\/wp-json\/wp\/v2\/categories?post=58338"},{"taxonomy":"post_tag","embeddable":true,"href":"https:\/\/gronau-inside.de\/en\/wp-json\/wp\/v2\/tags?post=58338"}],"curies":[{"name":"wp","href":"https:\/\/api.w.org\/{rel}","templated":true}]}}