{"id":61568,"date":"2024-03-27T10:08:51","date_gmt":"2024-03-27T09:08:51","guid":{"rendered":"https:\/\/gronau-inside.de\/auch-mit-dem-michaelismarkt-in-epe-stehen-wir-bereits-in-den-startloechern-%f0%9f%98%8a%f0%9f%91%8f"},"modified":"2024-03-27T10:08:51","modified_gmt":"2024-03-27T09:08:51","slug":"auch-mit-dem-michaelismarkt-in-epe-stehen-wir-bereits-in-den-startloechern-%f0%9f%98%8a%f0%9f%91%8f","status":"publish","type":"post","link":"https:\/\/gronau-inside.de\/en\/auch-mit-dem-michaelismarkt-in-epe-stehen-wir-bereits-in-den-startloechern-%f0%9f%98%8a%f0%9f%91%8f","title":{"rendered":"Auch mit dem Michaelismarkt in Epe stehen wir bereits in den Startl\u00f6chern! \ud83d\ude0a\ud83d\udc4f&#8230;"},"content":{"rendered":"<p>Auch mit dem Michaelismarkt in Epe stehen wir bereits in den Startl\u00f6chern! \ud83d\ude0a\ud83d\udc4f<\/p>\n<p>Am 21. und 22. September findet im Eper Dorfkern der Michaelismarkt statt. Die Radtour mit verschiedenen Stationen pausiert in diesem Jahr, daf\u00fcr steht das Fest unter dem Motto K\u00fcrbis- &#038; Hopfen. \ud83c\udf83\ud83c\udf7b<\/p>\n<p>Freut euch am Samstagabend auf Party auf dem Kirchplatz mit Livemusik und coolen Angeboten zum Schlemmen und Genie\u00dfen. Der Sonntag steht ganz im Zeichen des verkaufsoffenen Sonntages. K\u00fcrbisse schnitzen und kaufen, eine K\u00fcrbis-H\u00fcpfburg f\u00fcr unsere kleinsten Besucher, der traditionelle Handmademarkt und vieles mehr! \ud83d\ude0a<\/p>\n<p>Gemeinsam mit der Volksbank Gronau-Ahaus freuen wir uns auf das Wochenende! <\/p>\n<blockquote class=\"wp-embedded-content\" data-secret=\"nG8LolNq7I\"><p><a href=\"https:\/\/gronau-inside.de\/veranstaltungen\/michaelismarkt\">Michaelismarkt<\/a><\/p><\/blockquote>\n<p><iframe class=\"wp-embedded-content\" sandbox=\"allow-scripts\" security=\"restricted\" style=\"position: absolute; clip: rect(1px, 1px, 1px, 1px);\" title=\"&#8222;Michaelismarkt&#8220; &#8212; Gronau Inside\" src=\"https:\/\/gronau-inside.de\/veranstaltungen\/michaelismarkt\/embed#?secret=nusJhAawuV#?secret=nG8LolNq7I\" data-secret=\"nG8LolNq7I\" width=\"600\" height=\"338\" frameborder=\"0\" marginwidth=\"0\" marginheight=\"0\" scrolling=\"no\"><\/iframe><\/p>\n","protected":false},"excerpt":{"rendered":"<p>Auch mit dem Michaelismarkt in Epe stehen wir bereits in den Startl\u00f6chern! \ud83d\ude0a\ud83d\udc4f Am 21. und 22. September findet im Eper Dorfkern der Michaelismarkt statt. Die Radtour mit verschiedenen Stationen [&hellip;]<\/p>\n","protected":false},"author":2,"featured_media":61565,"comment_status":"","ping_status":"","sticky":false,"template":"","format":"standard","meta":{"_acf_changed":false,"_price":"","_stock":"","_tribe_ticket_header":"","_tribe_default_ticket_provider":"","_tribe_ticket_capacity":"","_ticket_start_date":"","_ticket_end_date":"","_tribe_ticket_show_description":"","_tribe_ticket_show_not_going":false,"_tribe_ticket_use_global_stock":"","_tribe_ticket_global_stock_level":"","_global_stock_mode":"","_global_stock_cap":"","_tribe_rsvp_for_event":"","_tribe_ticket_going_count":"","_tribe_ticket_not_going_count":"","_tribe_tickets_list":"[]","_tribe_ticket_has_attendee_info_fields":false,"footnotes":""},"categories":[21],"tags":[],"class_list":["post-61568","post","type-post","status-publish","format-standard","has-post-thumbnail","hentry","category-angesagt"],"acf":[],"yoast_head":"<!-- This site is optimized with the Yoast SEO plugin v27.5 - https:\/\/yoast.com\/product\/yoast-seo-wordpress\/ -->\n<title>Auch mit dem Michaelismarkt in Epe stehen wir bereits in den Startl\u00f6chern! \ud83d\ude0a\ud83d\udc4f... - Gronau Inside<\/title>\n<meta name=\"robots\" content=\"index, follow, max-snippet:-1, max-image-preview:large, max-video-preview:-1\" \/>\n<link rel=\"canonical\" href=\"https:\/\/gronau-inside.de\/en\/auch-mit-dem-michaelismarkt-in-epe-stehen-wir-bereits-in-den-startloechern-%f0%9f%98%8a%f0%9f%91%8f\" \/>\n<meta property=\"og:locale\" content=\"en_US\" \/>\n<meta property=\"og:type\" content=\"article\" \/>\n<meta property=\"og:title\" content=\"Auch mit dem Michaelismarkt in Epe stehen wir bereits in den Startl\u00f6chern! \ud83d\ude0a\ud83d\udc4f... - Gronau Inside\" \/>\n<meta property=\"og:description\" content=\"Auch mit dem Michaelismarkt in Epe stehen wir bereits in den Startl\u00f6chern! \ud83d\ude0a\ud83d\udc4f Am 21. und 22. September findet im Eper Dorfkern der Michaelismarkt statt. Die Radtour mit verschiedenen Stationen [&hellip;]\" \/>\n<meta property=\"og:url\" content=\"https:\/\/gronau-inside.de\/en\/auch-mit-dem-michaelismarkt-in-epe-stehen-wir-bereits-in-den-startloechern-%f0%9f%98%8a%f0%9f%91%8f\" \/>\n<meta property=\"og:site_name\" content=\"Gronau Inside\" \/>\n<meta property=\"article:published_time\" content=\"2024-03-27T09:08:51+00:00\" \/>\n<meta name=\"author\" content=\"Gronau Inside\" \/>\n<meta name=\"twitter:card\" content=\"summary_large_image\" \/>\n<meta name=\"twitter:label1\" content=\"Written by\" \/>\n\t<meta name=\"twitter:data1\" content=\"Gronau Inside\" \/>\n\t<meta name=\"twitter:label2\" content=\"Est. reading time\" \/>\n\t<meta name=\"twitter:data2\" content=\"1 minute\" \/>\n<script type=\"application\/ld+json\" class=\"yoast-schema-graph\">{\"@context\":\"https:\\\/\\\/schema.org\",\"@graph\":[{\"@type\":\"Article\",\"@id\":\"https:\\\/\\\/gronau-inside.de\\\/en\\\/auch-mit-dem-michaelismarkt-in-epe-stehen-wir-bereits-in-den-startloechern-%f0%9f%98%8a%f0%9f%91%8f#article\",\"isPartOf\":{\"@id\":\"https:\\\/\\\/gronau-inside.de\\\/en\\\/auch-mit-dem-michaelismarkt-in-epe-stehen-wir-bereits-in-den-startloechern-%f0%9f%98%8a%f0%9f%91%8f\"},\"author\":{\"name\":\"Gronau Inside\",\"@id\":\"https:\\\/\\\/gronau-inside.de\\\/en#\\\/schema\\\/person\\\/f2e1f5c91cd43ca8b12ddf26d7546e29\"},\"headline\":\"Auch mit dem Michaelismarkt in Epe stehen wir bereits in den Startl\u00f6chern! \ud83d\ude0a\ud83d\udc4f&#8230;\",\"datePublished\":\"2024-03-27T09:08:51+00:00\",\"mainEntityOfPage\":{\"@id\":\"https:\\\/\\\/gronau-inside.de\\\/en\\\/auch-mit-dem-michaelismarkt-in-epe-stehen-wir-bereits-in-den-startloechern-%f0%9f%98%8a%f0%9f%91%8f\"},\"wordCount\":120,\"publisher\":{\"@id\":\"https:\\\/\\\/gronau-inside.de\\\/en#organization\"},\"image\":{\"@id\":\"https:\\\/\\\/gronau-inside.de\\\/en\\\/auch-mit-dem-michaelismarkt-in-epe-stehen-wir-bereits-in-den-startloechern-%f0%9f%98%8a%f0%9f%91%8f#primaryimage\"},\"thumbnailUrl\":\"https:\\\/\\\/gronau-inside.de\\\/wp-content\\\/uploads\\\/2024\\\/03\\\/433411332_911733627624071_1660176483517536664_n.jpg\",\"articleSection\":[\"#ANGESAGT\"],\"inLanguage\":\"en-US\"},{\"@type\":\"WebPage\",\"@id\":\"https:\\\/\\\/gronau-inside.de\\\/en\\\/auch-mit-dem-michaelismarkt-in-epe-stehen-wir-bereits-in-den-startloechern-%f0%9f%98%8a%f0%9f%91%8f\",\"url\":\"https:\\\/\\\/gronau-inside.de\\\/en\\\/auch-mit-dem-michaelismarkt-in-epe-stehen-wir-bereits-in-den-startloechern-%f0%9f%98%8a%f0%9f%91%8f\",\"name\":\"Auch mit dem Michaelismarkt in Epe stehen wir bereits in den Startl\u00f6chern! \ud83d\ude0a\ud83d\udc4f... - Gronau Inside\",\"isPartOf\":{\"@id\":\"https:\\\/\\\/gronau-inside.de\\\/en#website\"},\"primaryImageOfPage\":{\"@id\":\"https:\\\/\\\/gronau-inside.de\\\/en\\\/auch-mit-dem-michaelismarkt-in-epe-stehen-wir-bereits-in-den-startloechern-%f0%9f%98%8a%f0%9f%91%8f#primaryimage\"},\"image\":{\"@id\":\"https:\\\/\\\/gronau-inside.de\\\/en\\\/auch-mit-dem-michaelismarkt-in-epe-stehen-wir-bereits-in-den-startloechern-%f0%9f%98%8a%f0%9f%91%8f#primaryimage\"},\"thumbnailUrl\":\"https:\\\/\\\/gronau-inside.de\\\/wp-content\\\/uploads\\\/2024\\\/03\\\/433411332_911733627624071_1660176483517536664_n.jpg\",\"datePublished\":\"2024-03-27T09:08:51+00:00\",\"breadcrumb\":{\"@id\":\"https:\\\/\\\/gronau-inside.de\\\/en\\\/auch-mit-dem-michaelismarkt-in-epe-stehen-wir-bereits-in-den-startloechern-%f0%9f%98%8a%f0%9f%91%8f#breadcrumb\"},\"inLanguage\":\"en-US\",\"potentialAction\":[{\"@type\":\"ReadAction\",\"target\":[\"https:\\\/\\\/gronau-inside.de\\\/en\\\/auch-mit-dem-michaelismarkt-in-epe-stehen-wir-bereits-in-den-startloechern-%f0%9f%98%8a%f0%9f%91%8f\"]}]},{\"@type\":\"ImageObject\",\"inLanguage\":\"en-US\",\"@id\":\"https:\\\/\\\/gronau-inside.de\\\/en\\\/auch-mit-dem-michaelismarkt-in-epe-stehen-wir-bereits-in-den-startloechern-%f0%9f%98%8a%f0%9f%91%8f#primaryimage\",\"url\":\"https:\\\/\\\/gronau-inside.de\\\/wp-content\\\/uploads\\\/2024\\\/03\\\/433411332_911733627624071_1660176483517536664_n.jpg\",\"contentUrl\":\"https:\\\/\\\/gronau-inside.de\\\/wp-content\\\/uploads\\\/2024\\\/03\\\/433411332_911733627624071_1660176483517536664_n.jpg\",\"width\":720,\"height\":720},{\"@type\":\"BreadcrumbList\",\"@id\":\"https:\\\/\\\/gronau-inside.de\\\/en\\\/auch-mit-dem-michaelismarkt-in-epe-stehen-wir-bereits-in-den-startloechern-%f0%9f%98%8a%f0%9f%91%8f#breadcrumb\",\"itemListElement\":[{\"@type\":\"ListItem\",\"position\":1,\"name\":\"Startseite\",\"item\":\"https:\\\/\\\/gronau-inside.de\\\/en\\\/home-page\"},{\"@type\":\"ListItem\",\"position\":2,\"name\":\"Auch mit dem Michaelismarkt in Epe stehen wir bereits in den Startl\u00f6chern! \ud83d\ude0a\ud83d\udc4f&#8230;\"}]},{\"@type\":\"WebSite\",\"@id\":\"https:\\\/\\\/gronau-inside.de\\\/en#website\",\"url\":\"https:\\\/\\\/gronau-inside.de\\\/en\",\"name\":\"Gronau Inside\",\"description\":\"Musikstadt im Gr\u00fcnen\",\"publisher\":{\"@id\":\"https:\\\/\\\/gronau-inside.de\\\/en#organization\"},\"potentialAction\":[{\"@type\":\"SearchAction\",\"target\":{\"@type\":\"EntryPoint\",\"urlTemplate\":\"https:\\\/\\\/gronau-inside.de\\\/en?s={search_term_string}\"},\"query-input\":{\"@type\":\"PropertyValueSpecification\",\"valueRequired\":true,\"valueName\":\"search_term_string\"}}],\"inLanguage\":\"en-US\"},{\"@type\":\"Organization\",\"@id\":\"https:\\\/\\\/gronau-inside.de\\\/en#organization\",\"name\":\"Gronau Inside\",\"url\":\"https:\\\/\\\/gronau-inside.de\\\/en\",\"logo\":{\"@type\":\"ImageObject\",\"inLanguage\":\"en-US\",\"@id\":\"https:\\\/\\\/gronau-inside.de\\\/en#\\\/schema\\\/logo\\\/image\\\/\",\"url\":\"https:\\\/\\\/gronau-inside.de\\\/wp-content\\\/uploads\\\/2020\\\/10\\\/01_gronau-logo_weissaufweiss_Schriftzug-1.png\",\"contentUrl\":\"https:\\\/\\\/gronau-inside.de\\\/wp-content\\\/uploads\\\/2020\\\/10\\\/01_gronau-logo_weissaufweiss_Schriftzug-1.png\",\"width\":254,\"height\":246,\"caption\":\"Gronau Inside\"},\"image\":{\"@id\":\"https:\\\/\\\/gronau-inside.de\\\/en#\\\/schema\\\/logo\\\/image\\\/\"}},{\"@type\":\"Person\",\"@id\":\"https:\\\/\\\/gronau-inside.de\\\/en#\\\/schema\\\/person\\\/f2e1f5c91cd43ca8b12ddf26d7546e29\",\"name\":\"Gronau Inside\"}]}<\/script>\n<!-- \/ Yoast SEO plugin. -->","yoast_head_json":{"title":"Auch mit dem Michaelismarkt in Epe stehen wir bereits in den Startl\u00f6chern! \ud83d\ude0a\ud83d\udc4f... - Gronau Inside","robots":{"index":"index","follow":"follow","max-snippet":"max-snippet:-1","max-image-preview":"max-image-preview:large","max-video-preview":"max-video-preview:-1"},"canonical":"https:\/\/gronau-inside.de\/en\/auch-mit-dem-michaelismarkt-in-epe-stehen-wir-bereits-in-den-startloechern-%f0%9f%98%8a%f0%9f%91%8f","og_locale":"en_US","og_type":"article","og_title":"Auch mit dem Michaelismarkt in Epe stehen wir bereits in den Startl\u00f6chern! \ud83d\ude0a\ud83d\udc4f... - Gronau Inside","og_description":"Auch mit dem Michaelismarkt in Epe stehen wir bereits in den Startl\u00f6chern! \ud83d\ude0a\ud83d\udc4f Am 21. und 22. September findet im Eper Dorfkern der Michaelismarkt statt. Die Radtour mit verschiedenen Stationen [&hellip;]","og_url":"https:\/\/gronau-inside.de\/en\/auch-mit-dem-michaelismarkt-in-epe-stehen-wir-bereits-in-den-startloechern-%f0%9f%98%8a%f0%9f%91%8f","og_site_name":"Gronau Inside","article_published_time":"2024-03-27T09:08:51+00:00","author":"Gronau Inside","twitter_card":"summary_large_image","twitter_misc":{"Written by":"Gronau Inside","Est. reading time":"1 minute"},"schema":{"@context":"https:\/\/schema.org","@graph":[{"@type":"Article","@id":"https:\/\/gronau-inside.de\/en\/auch-mit-dem-michaelismarkt-in-epe-stehen-wir-bereits-in-den-startloechern-%f0%9f%98%8a%f0%9f%91%8f#article","isPartOf":{"@id":"https:\/\/gronau-inside.de\/en\/auch-mit-dem-michaelismarkt-in-epe-stehen-wir-bereits-in-den-startloechern-%f0%9f%98%8a%f0%9f%91%8f"},"author":{"name":"Gronau Inside","@id":"https:\/\/gronau-inside.de\/en#\/schema\/person\/f2e1f5c91cd43ca8b12ddf26d7546e29"},"headline":"Auch mit dem Michaelismarkt in Epe stehen wir bereits in den Startl\u00f6chern! \ud83d\ude0a\ud83d\udc4f&#8230;","datePublished":"2024-03-27T09:08:51+00:00","mainEntityOfPage":{"@id":"https:\/\/gronau-inside.de\/en\/auch-mit-dem-michaelismarkt-in-epe-stehen-wir-bereits-in-den-startloechern-%f0%9f%98%8a%f0%9f%91%8f"},"wordCount":120,"publisher":{"@id":"https:\/\/gronau-inside.de\/en#organization"},"image":{"@id":"https:\/\/gronau-inside.de\/en\/auch-mit-dem-michaelismarkt-in-epe-stehen-wir-bereits-in-den-startloechern-%f0%9f%98%8a%f0%9f%91%8f#primaryimage"},"thumbnailUrl":"https:\/\/gronau-inside.de\/wp-content\/uploads\/2024\/03\/433411332_911733627624071_1660176483517536664_n.jpg","articleSection":["#ANGESAGT"],"inLanguage":"en-US"},{"@type":"WebPage","@id":"https:\/\/gronau-inside.de\/en\/auch-mit-dem-michaelismarkt-in-epe-stehen-wir-bereits-in-den-startloechern-%f0%9f%98%8a%f0%9f%91%8f","url":"https:\/\/gronau-inside.de\/en\/auch-mit-dem-michaelismarkt-in-epe-stehen-wir-bereits-in-den-startloechern-%f0%9f%98%8a%f0%9f%91%8f","name":"Auch mit dem Michaelismarkt in Epe stehen wir bereits in den Startl\u00f6chern! \ud83d\ude0a\ud83d\udc4f... - Gronau Inside","isPartOf":{"@id":"https:\/\/gronau-inside.de\/en#website"},"primaryImageOfPage":{"@id":"https:\/\/gronau-inside.de\/en\/auch-mit-dem-michaelismarkt-in-epe-stehen-wir-bereits-in-den-startloechern-%f0%9f%98%8a%f0%9f%91%8f#primaryimage"},"image":{"@id":"https:\/\/gronau-inside.de\/en\/auch-mit-dem-michaelismarkt-in-epe-stehen-wir-bereits-in-den-startloechern-%f0%9f%98%8a%f0%9f%91%8f#primaryimage"},"thumbnailUrl":"https:\/\/gronau-inside.de\/wp-content\/uploads\/2024\/03\/433411332_911733627624071_1660176483517536664_n.jpg","datePublished":"2024-03-27T09:08:51+00:00","breadcrumb":{"@id":"https:\/\/gronau-inside.de\/en\/auch-mit-dem-michaelismarkt-in-epe-stehen-wir-bereits-in-den-startloechern-%f0%9f%98%8a%f0%9f%91%8f#breadcrumb"},"inLanguage":"en-US","potentialAction":[{"@type":"ReadAction","target":["https:\/\/gronau-inside.de\/en\/auch-mit-dem-michaelismarkt-in-epe-stehen-wir-bereits-in-den-startloechern-%f0%9f%98%8a%f0%9f%91%8f"]}]},{"@type":"ImageObject","inLanguage":"en-US","@id":"https:\/\/gronau-inside.de\/en\/auch-mit-dem-michaelismarkt-in-epe-stehen-wir-bereits-in-den-startloechern-%f0%9f%98%8a%f0%9f%91%8f#primaryimage","url":"https:\/\/gronau-inside.de\/wp-content\/uploads\/2024\/03\/433411332_911733627624071_1660176483517536664_n.jpg","contentUrl":"https:\/\/gronau-inside.de\/wp-content\/uploads\/2024\/03\/433411332_911733627624071_1660176483517536664_n.jpg","width":720,"height":720},{"@type":"BreadcrumbList","@id":"https:\/\/gronau-inside.de\/en\/auch-mit-dem-michaelismarkt-in-epe-stehen-wir-bereits-in-den-startloechern-%f0%9f%98%8a%f0%9f%91%8f#breadcrumb","itemListElement":[{"@type":"ListItem","position":1,"name":"Startseite","item":"https:\/\/gronau-inside.de\/en\/home-page"},{"@type":"ListItem","position":2,"name":"Auch mit dem Michaelismarkt in Epe stehen wir bereits in den Startl\u00f6chern! \ud83d\ude0a\ud83d\udc4f&#8230;"}]},{"@type":"WebSite","@id":"https:\/\/gronau-inside.de\/en#website","url":"https:\/\/gronau-inside.de\/en","name":"Gronau Inside","description":"Musikstadt im Gr\u00fcnen","publisher":{"@id":"https:\/\/gronau-inside.de\/en#organization"},"potentialAction":[{"@type":"SearchAction","target":{"@type":"EntryPoint","urlTemplate":"https:\/\/gronau-inside.de\/en?s={search_term_string}"},"query-input":{"@type":"PropertyValueSpecification","valueRequired":true,"valueName":"search_term_string"}}],"inLanguage":"en-US"},{"@type":"Organization","@id":"https:\/\/gronau-inside.de\/en#organization","name":"Gronau Inside","url":"https:\/\/gronau-inside.de\/en","logo":{"@type":"ImageObject","inLanguage":"en-US","@id":"https:\/\/gronau-inside.de\/en#\/schema\/logo\/image\/","url":"https:\/\/gronau-inside.de\/wp-content\/uploads\/2020\/10\/01_gronau-logo_weissaufweiss_Schriftzug-1.png","contentUrl":"https:\/\/gronau-inside.de\/wp-content\/uploads\/2020\/10\/01_gronau-logo_weissaufweiss_Schriftzug-1.png","width":254,"height":246,"caption":"Gronau Inside"},"image":{"@id":"https:\/\/gronau-inside.de\/en#\/schema\/logo\/image\/"}},{"@type":"Person","@id":"https:\/\/gronau-inside.de\/en#\/schema\/person\/f2e1f5c91cd43ca8b12ddf26d7546e29","name":"Gronau Inside"}]}},"_links":{"self":[{"href":"https:\/\/gronau-inside.de\/en\/wp-json\/wp\/v2\/posts\/61568","targetHints":{"allow":["GET"]}}],"collection":[{"href":"https:\/\/gronau-inside.de\/en\/wp-json\/wp\/v2\/posts"}],"about":[{"href":"https:\/\/gronau-inside.de\/en\/wp-json\/wp\/v2\/types\/post"}],"author":[{"embeddable":true,"href":"https:\/\/gronau-inside.de\/en\/wp-json\/wp\/v2\/users\/2"}],"replies":[{"embeddable":true,"href":"https:\/\/gronau-inside.de\/en\/wp-json\/wp\/v2\/comments?post=61568"}],"version-history":[{"count":0,"href":"https:\/\/gronau-inside.de\/en\/wp-json\/wp\/v2\/posts\/61568\/revisions"}],"wp:featuredmedia":[{"embeddable":true,"href":"https:\/\/gronau-inside.de\/en\/wp-json\/wp\/v2\/media\/61565"}],"wp:attachment":[{"href":"https:\/\/gronau-inside.de\/en\/wp-json\/wp\/v2\/media?parent=61568"}],"wp:term":[{"taxonomy":"category","embeddable":true,"href":"https:\/\/gronau-inside.de\/en\/wp-json\/wp\/v2\/categories?post=61568"},{"taxonomy":"post_tag","embeddable":true,"href":"https:\/\/gronau-inside.de\/en\/wp-json\/wp\/v2\/tags?post=61568"}],"curies":[{"name":"wp","href":"https:\/\/api.w.org\/{rel}","templated":true}]}}