{"id":68782,"date":"2024-09-12T18:04:33","date_gmt":"2024-09-12T16:04:33","guid":{"rendered":"https:\/\/gronau-inside.de\/den-stationaeren-handel-staerken-wird-immer-wichtiger-deshalb-hat-die-ihk-nor"},"modified":"2024-09-12T18:04:33","modified_gmt":"2024-09-12T16:04:33","slug":"den-stationaeren-handel-staerken-wird-immer-wichtiger-deshalb-hat-die-ihk-nor","status":"publish","type":"post","link":"https:\/\/gronau-inside.de\/en\/den-stationaeren-handel-staerken-wird-immer-wichtiger-deshalb-hat-die-ihk-nor","title":{"rendered":"Den station\u00e4ren Handel st\u00e4rken wird immer wichtiger &#038; deshalb hat die IHK Nor&#8230;"},"content":{"rendered":"<p>Den station\u00e4ren Handel st\u00e4rken wird immer wichtiger &#038; deshalb hat die IHK Nord Westfalen die &#8220;Heimat shoppen&#8221;-Aktionstage am 13. und 14. September ins Leben gerufen. \ud83d\udcaa<\/p>\n<p>Gronau und Epe sind dabei und pr\u00e4sentieren sich an diesen Tagen und zus\u00e4tzlich an den verkaufsoffenen Sonntagen in Gronau (am 15. September) und in Epe (22. September) mit vielen Aktionen! Seid dabei &#038; unterst\u00fctzt den Handel, nat\u00fcrlich auch au\u00dferhalb der Tage! \ud83d\ude0a<\/p>\n","protected":false},"excerpt":{"rendered":"<p>Den station\u00e4ren Handel st\u00e4rken wird immer wichtiger &#038; deshalb hat die IHK Nord Westfalen die &#8220;Heimat shoppen&#8221;-Aktionstage am 13. und 14. September ins Leben gerufen. \ud83d\udcaa Gronau und Epe sind [&hellip;]<\/p>\n","protected":false},"author":2,"featured_media":68779,"comment_status":"","ping_status":"","sticky":false,"template":"","format":"standard","meta":{"_acf_changed":false,"_price":"","_stock":"","_tribe_ticket_header":"","_tribe_default_ticket_provider":"","_tribe_ticket_capacity":"","_ticket_start_date":"","_ticket_end_date":"","_tribe_ticket_show_description":"","_tribe_ticket_show_not_going":false,"_tribe_ticket_use_global_stock":"","_tribe_ticket_global_stock_level":"","_global_stock_mode":"","_global_stock_cap":"","_tribe_rsvp_for_event":"","_tribe_ticket_going_count":"","_tribe_ticket_not_going_count":"","_tribe_tickets_list":"[]","_tribe_ticket_has_attendee_info_fields":false,"footnotes":""},"categories":[21],"tags":[],"class_list":["post-68782","post","type-post","status-publish","format-standard","has-post-thumbnail","hentry","category-angesagt"],"acf":[],"yoast_head":"<!-- This site is optimized with the Yoast SEO plugin v27.5 - https:\/\/yoast.com\/product\/yoast-seo-wordpress\/ -->\n<title>Den station\u00e4ren Handel st\u00e4rken wird immer wichtiger &amp; deshalb hat die IHK Nor... - Gronau Inside<\/title>\n<meta name=\"robots\" content=\"index, follow, max-snippet:-1, max-image-preview:large, max-video-preview:-1\" \/>\n<link rel=\"canonical\" href=\"https:\/\/gronau-inside.de\/en\/den-stationaeren-handel-staerken-wird-immer-wichtiger-deshalb-hat-die-ihk-nor\" \/>\n<meta property=\"og:locale\" content=\"en_US\" \/>\n<meta property=\"og:type\" content=\"article\" \/>\n<meta property=\"og:title\" content=\"Den station\u00e4ren Handel st\u00e4rken wird immer wichtiger &amp; deshalb hat die IHK Nor... - Gronau Inside\" \/>\n<meta property=\"og:description\" content=\"Den station\u00e4ren Handel st\u00e4rken wird immer wichtiger &#038; deshalb hat die IHK Nord Westfalen die &#8220;Heimat shoppen&#8221;-Aktionstage am 13. und 14. September ins Leben gerufen. \ud83d\udcaa Gronau und Epe sind [&hellip;]\" \/>\n<meta property=\"og:url\" content=\"https:\/\/gronau-inside.de\/en\/den-stationaeren-handel-staerken-wird-immer-wichtiger-deshalb-hat-die-ihk-nor\" \/>\n<meta property=\"og:site_name\" content=\"Gronau Inside\" \/>\n<meta property=\"article:published_time\" content=\"2024-09-12T16:04:33+00:00\" \/>\n<meta name=\"author\" content=\"Gronau Inside\" \/>\n<meta name=\"twitter:card\" content=\"summary_large_image\" \/>\n<meta name=\"twitter:label1\" content=\"Written by\" \/>\n\t<meta name=\"twitter:data1\" content=\"Gronau Inside\" \/>\n<script type=\"application\/ld+json\" class=\"yoast-schema-graph\">{\"@context\":\"https:\\\/\\\/schema.org\",\"@graph\":[{\"@type\":\"Article\",\"@id\":\"https:\\\/\\\/gronau-inside.de\\\/en\\\/den-stationaeren-handel-staerken-wird-immer-wichtiger-deshalb-hat-die-ihk-nor#article\",\"isPartOf\":{\"@id\":\"https:\\\/\\\/gronau-inside.de\\\/en\\\/den-stationaeren-handel-staerken-wird-immer-wichtiger-deshalb-hat-die-ihk-nor\"},\"author\":{\"name\":\"Gronau Inside\",\"@id\":\"https:\\\/\\\/gronau-inside.de\\\/en#\\\/schema\\\/person\\\/f2e1f5c91cd43ca8b12ddf26d7546e29\"},\"headline\":\"Den station\u00e4ren Handel st\u00e4rken wird immer wichtiger &#038; deshalb hat die IHK Nor&#8230;\",\"datePublished\":\"2024-09-12T16:04:33+00:00\",\"mainEntityOfPage\":{\"@id\":\"https:\\\/\\\/gronau-inside.de\\\/en\\\/den-stationaeren-handel-staerken-wird-immer-wichtiger-deshalb-hat-die-ihk-nor\"},\"wordCount\":82,\"publisher\":{\"@id\":\"https:\\\/\\\/gronau-inside.de\\\/en#organization\"},\"image\":{\"@id\":\"https:\\\/\\\/gronau-inside.de\\\/en\\\/den-stationaeren-handel-staerken-wird-immer-wichtiger-deshalb-hat-die-ihk-nor#primaryimage\"},\"thumbnailUrl\":\"https:\\\/\\\/gronau-inside.de\\\/wp-content\\\/uploads\\\/2024\\\/09\\\/459097361_1030693402394759_8394450359372176264_n.jpg\",\"articleSection\":[\"#ANGESAGT\"],\"inLanguage\":\"en-US\"},{\"@type\":\"WebPage\",\"@id\":\"https:\\\/\\\/gronau-inside.de\\\/en\\\/den-stationaeren-handel-staerken-wird-immer-wichtiger-deshalb-hat-die-ihk-nor\",\"url\":\"https:\\\/\\\/gronau-inside.de\\\/en\\\/den-stationaeren-handel-staerken-wird-immer-wichtiger-deshalb-hat-die-ihk-nor\",\"name\":\"Den station\u00e4ren Handel st\u00e4rken wird immer wichtiger & deshalb hat die IHK Nor... - Gronau Inside\",\"isPartOf\":{\"@id\":\"https:\\\/\\\/gronau-inside.de\\\/en#website\"},\"primaryImageOfPage\":{\"@id\":\"https:\\\/\\\/gronau-inside.de\\\/en\\\/den-stationaeren-handel-staerken-wird-immer-wichtiger-deshalb-hat-die-ihk-nor#primaryimage\"},\"image\":{\"@id\":\"https:\\\/\\\/gronau-inside.de\\\/en\\\/den-stationaeren-handel-staerken-wird-immer-wichtiger-deshalb-hat-die-ihk-nor#primaryimage\"},\"thumbnailUrl\":\"https:\\\/\\\/gronau-inside.de\\\/wp-content\\\/uploads\\\/2024\\\/09\\\/459097361_1030693402394759_8394450359372176264_n.jpg\",\"datePublished\":\"2024-09-12T16:04:33+00:00\",\"breadcrumb\":{\"@id\":\"https:\\\/\\\/gronau-inside.de\\\/en\\\/den-stationaeren-handel-staerken-wird-immer-wichtiger-deshalb-hat-die-ihk-nor#breadcrumb\"},\"inLanguage\":\"en-US\",\"potentialAction\":[{\"@type\":\"ReadAction\",\"target\":[\"https:\\\/\\\/gronau-inside.de\\\/en\\\/den-stationaeren-handel-staerken-wird-immer-wichtiger-deshalb-hat-die-ihk-nor\"]}]},{\"@type\":\"ImageObject\",\"inLanguage\":\"en-US\",\"@id\":\"https:\\\/\\\/gronau-inside.de\\\/en\\\/den-stationaeren-handel-staerken-wird-immer-wichtiger-deshalb-hat-die-ihk-nor#primaryimage\",\"url\":\"https:\\\/\\\/gronau-inside.de\\\/wp-content\\\/uploads\\\/2024\\\/09\\\/459097361_1030693402394759_8394450359372176264_n.jpg\",\"contentUrl\":\"https:\\\/\\\/gronau-inside.de\\\/wp-content\\\/uploads\\\/2024\\\/09\\\/459097361_1030693402394759_8394450359372176264_n.jpg\",\"width\":960,\"height\":720},{\"@type\":\"BreadcrumbList\",\"@id\":\"https:\\\/\\\/gronau-inside.de\\\/en\\\/den-stationaeren-handel-staerken-wird-immer-wichtiger-deshalb-hat-die-ihk-nor#breadcrumb\",\"itemListElement\":[{\"@type\":\"ListItem\",\"position\":1,\"name\":\"Startseite\",\"item\":\"https:\\\/\\\/gronau-inside.de\\\/en\\\/home-page\"},{\"@type\":\"ListItem\",\"position\":2,\"name\":\"Den station\u00e4ren Handel st\u00e4rken wird immer wichtiger &#038; deshalb hat die IHK Nor&#8230;\"}]},{\"@type\":\"WebSite\",\"@id\":\"https:\\\/\\\/gronau-inside.de\\\/en#website\",\"url\":\"https:\\\/\\\/gronau-inside.de\\\/en\",\"name\":\"Gronau Inside\",\"description\":\"Musikstadt im Gr\u00fcnen\",\"publisher\":{\"@id\":\"https:\\\/\\\/gronau-inside.de\\\/en#organization\"},\"potentialAction\":[{\"@type\":\"SearchAction\",\"target\":{\"@type\":\"EntryPoint\",\"urlTemplate\":\"https:\\\/\\\/gronau-inside.de\\\/en?s={search_term_string}\"},\"query-input\":{\"@type\":\"PropertyValueSpecification\",\"valueRequired\":true,\"valueName\":\"search_term_string\"}}],\"inLanguage\":\"en-US\"},{\"@type\":\"Organization\",\"@id\":\"https:\\\/\\\/gronau-inside.de\\\/en#organization\",\"name\":\"Gronau Inside\",\"url\":\"https:\\\/\\\/gronau-inside.de\\\/en\",\"logo\":{\"@type\":\"ImageObject\",\"inLanguage\":\"en-US\",\"@id\":\"https:\\\/\\\/gronau-inside.de\\\/en#\\\/schema\\\/logo\\\/image\\\/\",\"url\":\"https:\\\/\\\/gronau-inside.de\\\/wp-content\\\/uploads\\\/2020\\\/10\\\/01_gronau-logo_weissaufweiss_Schriftzug-1.png\",\"contentUrl\":\"https:\\\/\\\/gronau-inside.de\\\/wp-content\\\/uploads\\\/2020\\\/10\\\/01_gronau-logo_weissaufweiss_Schriftzug-1.png\",\"width\":254,\"height\":246,\"caption\":\"Gronau Inside\"},\"image\":{\"@id\":\"https:\\\/\\\/gronau-inside.de\\\/en#\\\/schema\\\/logo\\\/image\\\/\"}},{\"@type\":\"Person\",\"@id\":\"https:\\\/\\\/gronau-inside.de\\\/en#\\\/schema\\\/person\\\/f2e1f5c91cd43ca8b12ddf26d7546e29\",\"name\":\"Gronau Inside\"}]}<\/script>\n<!-- \/ Yoast SEO plugin. -->","yoast_head_json":{"title":"Den station\u00e4ren Handel st\u00e4rken wird immer wichtiger & deshalb hat die IHK Nor... - Gronau Inside","robots":{"index":"index","follow":"follow","max-snippet":"max-snippet:-1","max-image-preview":"max-image-preview:large","max-video-preview":"max-video-preview:-1"},"canonical":"https:\/\/gronau-inside.de\/en\/den-stationaeren-handel-staerken-wird-immer-wichtiger-deshalb-hat-die-ihk-nor","og_locale":"en_US","og_type":"article","og_title":"Den station\u00e4ren Handel st\u00e4rken wird immer wichtiger & deshalb hat die IHK Nor... - Gronau Inside","og_description":"Den station\u00e4ren Handel st\u00e4rken wird immer wichtiger &#038; deshalb hat die IHK Nord Westfalen die &#8220;Heimat shoppen&#8221;-Aktionstage am 13. und 14. September ins Leben gerufen. \ud83d\udcaa Gronau und Epe sind [&hellip;]","og_url":"https:\/\/gronau-inside.de\/en\/den-stationaeren-handel-staerken-wird-immer-wichtiger-deshalb-hat-die-ihk-nor","og_site_name":"Gronau Inside","article_published_time":"2024-09-12T16:04:33+00:00","author":"Gronau Inside","twitter_card":"summary_large_image","twitter_misc":{"Written by":"Gronau Inside"},"schema":{"@context":"https:\/\/schema.org","@graph":[{"@type":"Article","@id":"https:\/\/gronau-inside.de\/en\/den-stationaeren-handel-staerken-wird-immer-wichtiger-deshalb-hat-die-ihk-nor#article","isPartOf":{"@id":"https:\/\/gronau-inside.de\/en\/den-stationaeren-handel-staerken-wird-immer-wichtiger-deshalb-hat-die-ihk-nor"},"author":{"name":"Gronau Inside","@id":"https:\/\/gronau-inside.de\/en#\/schema\/person\/f2e1f5c91cd43ca8b12ddf26d7546e29"},"headline":"Den station\u00e4ren Handel st\u00e4rken wird immer wichtiger &#038; deshalb hat die IHK Nor&#8230;","datePublished":"2024-09-12T16:04:33+00:00","mainEntityOfPage":{"@id":"https:\/\/gronau-inside.de\/en\/den-stationaeren-handel-staerken-wird-immer-wichtiger-deshalb-hat-die-ihk-nor"},"wordCount":82,"publisher":{"@id":"https:\/\/gronau-inside.de\/en#organization"},"image":{"@id":"https:\/\/gronau-inside.de\/en\/den-stationaeren-handel-staerken-wird-immer-wichtiger-deshalb-hat-die-ihk-nor#primaryimage"},"thumbnailUrl":"https:\/\/gronau-inside.de\/wp-content\/uploads\/2024\/09\/459097361_1030693402394759_8394450359372176264_n.jpg","articleSection":["#ANGESAGT"],"inLanguage":"en-US"},{"@type":"WebPage","@id":"https:\/\/gronau-inside.de\/en\/den-stationaeren-handel-staerken-wird-immer-wichtiger-deshalb-hat-die-ihk-nor","url":"https:\/\/gronau-inside.de\/en\/den-stationaeren-handel-staerken-wird-immer-wichtiger-deshalb-hat-die-ihk-nor","name":"Den station\u00e4ren Handel st\u00e4rken wird immer wichtiger & deshalb hat die IHK Nor... - Gronau Inside","isPartOf":{"@id":"https:\/\/gronau-inside.de\/en#website"},"primaryImageOfPage":{"@id":"https:\/\/gronau-inside.de\/en\/den-stationaeren-handel-staerken-wird-immer-wichtiger-deshalb-hat-die-ihk-nor#primaryimage"},"image":{"@id":"https:\/\/gronau-inside.de\/en\/den-stationaeren-handel-staerken-wird-immer-wichtiger-deshalb-hat-die-ihk-nor#primaryimage"},"thumbnailUrl":"https:\/\/gronau-inside.de\/wp-content\/uploads\/2024\/09\/459097361_1030693402394759_8394450359372176264_n.jpg","datePublished":"2024-09-12T16:04:33+00:00","breadcrumb":{"@id":"https:\/\/gronau-inside.de\/en\/den-stationaeren-handel-staerken-wird-immer-wichtiger-deshalb-hat-die-ihk-nor#breadcrumb"},"inLanguage":"en-US","potentialAction":[{"@type":"ReadAction","target":["https:\/\/gronau-inside.de\/en\/den-stationaeren-handel-staerken-wird-immer-wichtiger-deshalb-hat-die-ihk-nor"]}]},{"@type":"ImageObject","inLanguage":"en-US","@id":"https:\/\/gronau-inside.de\/en\/den-stationaeren-handel-staerken-wird-immer-wichtiger-deshalb-hat-die-ihk-nor#primaryimage","url":"https:\/\/gronau-inside.de\/wp-content\/uploads\/2024\/09\/459097361_1030693402394759_8394450359372176264_n.jpg","contentUrl":"https:\/\/gronau-inside.de\/wp-content\/uploads\/2024\/09\/459097361_1030693402394759_8394450359372176264_n.jpg","width":960,"height":720},{"@type":"BreadcrumbList","@id":"https:\/\/gronau-inside.de\/en\/den-stationaeren-handel-staerken-wird-immer-wichtiger-deshalb-hat-die-ihk-nor#breadcrumb","itemListElement":[{"@type":"ListItem","position":1,"name":"Startseite","item":"https:\/\/gronau-inside.de\/en\/home-page"},{"@type":"ListItem","position":2,"name":"Den station\u00e4ren Handel st\u00e4rken wird immer wichtiger &#038; deshalb hat die IHK Nor&#8230;"}]},{"@type":"WebSite","@id":"https:\/\/gronau-inside.de\/en#website","url":"https:\/\/gronau-inside.de\/en","name":"Gronau Inside","description":"Musikstadt im Gr\u00fcnen","publisher":{"@id":"https:\/\/gronau-inside.de\/en#organization"},"potentialAction":[{"@type":"SearchAction","target":{"@type":"EntryPoint","urlTemplate":"https:\/\/gronau-inside.de\/en?s={search_term_string}"},"query-input":{"@type":"PropertyValueSpecification","valueRequired":true,"valueName":"search_term_string"}}],"inLanguage":"en-US"},{"@type":"Organization","@id":"https:\/\/gronau-inside.de\/en#organization","name":"Gronau Inside","url":"https:\/\/gronau-inside.de\/en","logo":{"@type":"ImageObject","inLanguage":"en-US","@id":"https:\/\/gronau-inside.de\/en#\/schema\/logo\/image\/","url":"https:\/\/gronau-inside.de\/wp-content\/uploads\/2020\/10\/01_gronau-logo_weissaufweiss_Schriftzug-1.png","contentUrl":"https:\/\/gronau-inside.de\/wp-content\/uploads\/2020\/10\/01_gronau-logo_weissaufweiss_Schriftzug-1.png","width":254,"height":246,"caption":"Gronau Inside"},"image":{"@id":"https:\/\/gronau-inside.de\/en#\/schema\/logo\/image\/"}},{"@type":"Person","@id":"https:\/\/gronau-inside.de\/en#\/schema\/person\/f2e1f5c91cd43ca8b12ddf26d7546e29","name":"Gronau Inside"}]}},"_links":{"self":[{"href":"https:\/\/gronau-inside.de\/en\/wp-json\/wp\/v2\/posts\/68782","targetHints":{"allow":["GET"]}}],"collection":[{"href":"https:\/\/gronau-inside.de\/en\/wp-json\/wp\/v2\/posts"}],"about":[{"href":"https:\/\/gronau-inside.de\/en\/wp-json\/wp\/v2\/types\/post"}],"author":[{"embeddable":true,"href":"https:\/\/gronau-inside.de\/en\/wp-json\/wp\/v2\/users\/2"}],"replies":[{"embeddable":true,"href":"https:\/\/gronau-inside.de\/en\/wp-json\/wp\/v2\/comments?post=68782"}],"version-history":[{"count":0,"href":"https:\/\/gronau-inside.de\/en\/wp-json\/wp\/v2\/posts\/68782\/revisions"}],"wp:featuredmedia":[{"embeddable":true,"href":"https:\/\/gronau-inside.de\/en\/wp-json\/wp\/v2\/media\/68779"}],"wp:attachment":[{"href":"https:\/\/gronau-inside.de\/en\/wp-json\/wp\/v2\/media?parent=68782"}],"wp:term":[{"taxonomy":"category","embeddable":true,"href":"https:\/\/gronau-inside.de\/en\/wp-json\/wp\/v2\/categories?post=68782"},{"taxonomy":"post_tag","embeddable":true,"href":"https:\/\/gronau-inside.de\/en\/wp-json\/wp\/v2\/tags?post=68782"}],"curies":[{"name":"wp","href":"https:\/\/api.w.org\/{rel}","templated":true}]}}