{"id":69534,"date":"2024-09-27T07:41:29","date_gmt":"2024-09-27T05:41:29","guid":{"rendered":"https:\/\/gronau-inside.de\/wochenmarkt-in-epe-jeden-freitag-geniessen-%f0%9f%8c%bf%f0%9f%8d%93der-wochenmarkt-in-epe-laedt"},"modified":"2024-09-27T07:41:29","modified_gmt":"2024-09-27T05:41:29","slug":"wochenmarkt-in-epe-jeden-freitag-geniessen-%f0%9f%8c%bf%f0%9f%8d%93der-wochenmarkt-in-epe-laedt","status":"publish","type":"post","link":"https:\/\/gronau-inside.de\/en\/wochenmarkt-in-epe-jeden-freitag-geniessen-%f0%9f%8c%bf%f0%9f%8d%93der-wochenmarkt-in-epe-laedt","title":{"rendered":"Wochenmarkt in Epe \u2013 Jeden Freitag genie\u00dfen! \ud83c\udf3f\ud83c\udf53\n\nDer Wochenmarkt in Epe l\u00e4dt &#8230;"},"content":{"rendered":"<p>Wochenmarkt in Epe \u2013 Jeden Freitag genie\u00dfen! \ud83c\udf3f\ud83c\udf53<\/p>\n<p>Der Wochenmarkt in Epe l\u00e4dt euch auch heute wieder von 8 bis 13 Uhr in die Merschstra\u00dfe ein! Entdeckt frische, regionale Produkte, leckere Spezialit\u00e4ten und K\u00f6stlichkeiten. Perfekt f\u00fcr euren Wocheneinkauf. \ud83d\udecd<\/p>\n<p>Kommt vorbei, genie\u00dft die Vielfalt und unterst\u00fctzt lokale Anbieter!\ud83c\udf3b\ud83e\udd55\ud83c\udf5e<\/p>\n","protected":false},"excerpt":{"rendered":"<p>Wochenmarkt in Epe \u2013 Jeden Freitag genie\u00dfen! \ud83c\udf3f\ud83c\udf53 Der Wochenmarkt in Epe l\u00e4dt euch auch heute wieder von 8 bis 13 Uhr in die Merschstra\u00dfe ein! Entdeckt frische, regionale Produkte, [&hellip;]<\/p>\n","protected":false},"author":2,"featured_media":69531,"comment_status":"","ping_status":"","sticky":false,"template":"","format":"standard","meta":{"_acf_changed":false,"_price":"","_stock":"","_tribe_ticket_header":"","_tribe_default_ticket_provider":"","_tribe_ticket_capacity":"","_ticket_start_date":"","_ticket_end_date":"","_tribe_ticket_show_description":"","_tribe_ticket_show_not_going":false,"_tribe_ticket_use_global_stock":"","_tribe_ticket_global_stock_level":"","_global_stock_mode":"","_global_stock_cap":"","_tribe_rsvp_for_event":"","_tribe_ticket_going_count":"","_tribe_ticket_not_going_count":"","_tribe_tickets_list":"[]","_tribe_ticket_has_attendee_info_fields":false,"footnotes":""},"categories":[21],"tags":[],"class_list":["post-69534","post","type-post","status-publish","format-standard","has-post-thumbnail","hentry","category-angesagt"],"acf":[],"yoast_head":"<!-- This site is optimized with the Yoast SEO plugin v27.5 - https:\/\/yoast.com\/product\/yoast-seo-wordpress\/ -->\n<title>Wochenmarkt in Epe \u2013 Jeden Freitag genie\u00dfen! \ud83c\udf3f\ud83c\udf53 Der Wochenmarkt in Epe l\u00e4dt ... - Gronau Inside<\/title>\n<meta name=\"robots\" content=\"index, follow, max-snippet:-1, max-image-preview:large, max-video-preview:-1\" \/>\n<link rel=\"canonical\" href=\"https:\/\/gronau-inside.de\/en\/wochenmarkt-in-epe-jeden-freitag-geniessen-%f0%9f%8c%bf%f0%9f%8d%93der-wochenmarkt-in-epe-laedt\" \/>\n<meta property=\"og:locale\" content=\"en_US\" \/>\n<meta property=\"og:type\" content=\"article\" \/>\n<meta property=\"og:title\" content=\"Wochenmarkt in Epe \u2013 Jeden Freitag genie\u00dfen! \ud83c\udf3f\ud83c\udf53 Der Wochenmarkt in Epe l\u00e4dt ... - Gronau Inside\" \/>\n<meta property=\"og:description\" content=\"Wochenmarkt in Epe \u2013 Jeden Freitag genie\u00dfen! \ud83c\udf3f\ud83c\udf53 Der Wochenmarkt in Epe l\u00e4dt euch auch heute wieder von 8 bis 13 Uhr in die Merschstra\u00dfe ein! Entdeckt frische, regionale Produkte, [&hellip;]\" \/>\n<meta property=\"og:url\" content=\"https:\/\/gronau-inside.de\/en\/wochenmarkt-in-epe-jeden-freitag-geniessen-%f0%9f%8c%bf%f0%9f%8d%93der-wochenmarkt-in-epe-laedt\" \/>\n<meta property=\"og:site_name\" content=\"Gronau Inside\" \/>\n<meta property=\"article:published_time\" content=\"2024-09-27T05:41:29+00:00\" \/>\n<meta name=\"author\" content=\"Gronau Inside\" \/>\n<meta name=\"twitter:card\" content=\"summary_large_image\" \/>\n<meta name=\"twitter:label1\" content=\"Written by\" \/>\n\t<meta name=\"twitter:data1\" content=\"Gronau Inside\" \/>\n<script type=\"application\/ld+json\" class=\"yoast-schema-graph\">{\"@context\":\"https:\\\/\\\/schema.org\",\"@graph\":[{\"@type\":\"Article\",\"@id\":\"https:\\\/\\\/gronau-inside.de\\\/en\\\/wochenmarkt-in-epe-jeden-freitag-geniessen-%f0%9f%8c%bf%f0%9f%8d%93der-wochenmarkt-in-epe-laedt#article\",\"isPartOf\":{\"@id\":\"https:\\\/\\\/gronau-inside.de\\\/en\\\/wochenmarkt-in-epe-jeden-freitag-geniessen-%f0%9f%8c%bf%f0%9f%8d%93der-wochenmarkt-in-epe-laedt\"},\"author\":{\"name\":\"Gronau Inside\",\"@id\":\"https:\\\/\\\/gronau-inside.de\\\/en#\\\/schema\\\/person\\\/f2e1f5c91cd43ca8b12ddf26d7546e29\"},\"headline\":\"Wochenmarkt in Epe \u2013 Jeden Freitag genie\u00dfen! \ud83c\udf3f\ud83c\udf53 Der Wochenmarkt in Epe l\u00e4dt &#8230;\",\"datePublished\":\"2024-09-27T05:41:29+00:00\",\"mainEntityOfPage\":{\"@id\":\"https:\\\/\\\/gronau-inside.de\\\/en\\\/wochenmarkt-in-epe-jeden-freitag-geniessen-%f0%9f%8c%bf%f0%9f%8d%93der-wochenmarkt-in-epe-laedt\"},\"wordCount\":64,\"publisher\":{\"@id\":\"https:\\\/\\\/gronau-inside.de\\\/en#organization\"},\"image\":{\"@id\":\"https:\\\/\\\/gronau-inside.de\\\/en\\\/wochenmarkt-in-epe-jeden-freitag-geniessen-%f0%9f%8c%bf%f0%9f%8d%93der-wochenmarkt-in-epe-laedt#primaryimage\"},\"thumbnailUrl\":\"https:\\\/\\\/gronau-inside.de\\\/wp-content\\\/uploads\\\/2024\\\/09\\\/459789041_1034853558645410_3751447357659995888_n.jpg\",\"articleSection\":[\"#ANGESAGT\"],\"inLanguage\":\"en-US\"},{\"@type\":\"WebPage\",\"@id\":\"https:\\\/\\\/gronau-inside.de\\\/en\\\/wochenmarkt-in-epe-jeden-freitag-geniessen-%f0%9f%8c%bf%f0%9f%8d%93der-wochenmarkt-in-epe-laedt\",\"url\":\"https:\\\/\\\/gronau-inside.de\\\/en\\\/wochenmarkt-in-epe-jeden-freitag-geniessen-%f0%9f%8c%bf%f0%9f%8d%93der-wochenmarkt-in-epe-laedt\",\"name\":\"Wochenmarkt in Epe \u2013 Jeden Freitag genie\u00dfen! \ud83c\udf3f\ud83c\udf53 Der Wochenmarkt in Epe l\u00e4dt ... - Gronau Inside\",\"isPartOf\":{\"@id\":\"https:\\\/\\\/gronau-inside.de\\\/en#website\"},\"primaryImageOfPage\":{\"@id\":\"https:\\\/\\\/gronau-inside.de\\\/en\\\/wochenmarkt-in-epe-jeden-freitag-geniessen-%f0%9f%8c%bf%f0%9f%8d%93der-wochenmarkt-in-epe-laedt#primaryimage\"},\"image\":{\"@id\":\"https:\\\/\\\/gronau-inside.de\\\/en\\\/wochenmarkt-in-epe-jeden-freitag-geniessen-%f0%9f%8c%bf%f0%9f%8d%93der-wochenmarkt-in-epe-laedt#primaryimage\"},\"thumbnailUrl\":\"https:\\\/\\\/gronau-inside.de\\\/wp-content\\\/uploads\\\/2024\\\/09\\\/459789041_1034853558645410_3751447357659995888_n.jpg\",\"datePublished\":\"2024-09-27T05:41:29+00:00\",\"breadcrumb\":{\"@id\":\"https:\\\/\\\/gronau-inside.de\\\/en\\\/wochenmarkt-in-epe-jeden-freitag-geniessen-%f0%9f%8c%bf%f0%9f%8d%93der-wochenmarkt-in-epe-laedt#breadcrumb\"},\"inLanguage\":\"en-US\",\"potentialAction\":[{\"@type\":\"ReadAction\",\"target\":[\"https:\\\/\\\/gronau-inside.de\\\/en\\\/wochenmarkt-in-epe-jeden-freitag-geniessen-%f0%9f%8c%bf%f0%9f%8d%93der-wochenmarkt-in-epe-laedt\"]}]},{\"@type\":\"ImageObject\",\"inLanguage\":\"en-US\",\"@id\":\"https:\\\/\\\/gronau-inside.de\\\/en\\\/wochenmarkt-in-epe-jeden-freitag-geniessen-%f0%9f%8c%bf%f0%9f%8d%93der-wochenmarkt-in-epe-laedt#primaryimage\",\"url\":\"https:\\\/\\\/gronau-inside.de\\\/wp-content\\\/uploads\\\/2024\\\/09\\\/459789041_1034853558645410_3751447357659995888_n.jpg\",\"contentUrl\":\"https:\\\/\\\/gronau-inside.de\\\/wp-content\\\/uploads\\\/2024\\\/09\\\/459789041_1034853558645410_3751447357659995888_n.jpg\",\"width\":720,\"height\":720},{\"@type\":\"BreadcrumbList\",\"@id\":\"https:\\\/\\\/gronau-inside.de\\\/en\\\/wochenmarkt-in-epe-jeden-freitag-geniessen-%f0%9f%8c%bf%f0%9f%8d%93der-wochenmarkt-in-epe-laedt#breadcrumb\",\"itemListElement\":[{\"@type\":\"ListItem\",\"position\":1,\"name\":\"Startseite\",\"item\":\"https:\\\/\\\/gronau-inside.de\\\/en\\\/home-page\"},{\"@type\":\"ListItem\",\"position\":2,\"name\":\"Wochenmarkt in Epe \u2013 Jeden Freitag genie\u00dfen! \ud83c\udf3f\ud83c\udf53 Der Wochenmarkt in Epe l\u00e4dt &#8230;\"}]},{\"@type\":\"WebSite\",\"@id\":\"https:\\\/\\\/gronau-inside.de\\\/en#website\",\"url\":\"https:\\\/\\\/gronau-inside.de\\\/en\",\"name\":\"Gronau Inside\",\"description\":\"Musikstadt im Gr\u00fcnen\",\"publisher\":{\"@id\":\"https:\\\/\\\/gronau-inside.de\\\/en#organization\"},\"potentialAction\":[{\"@type\":\"SearchAction\",\"target\":{\"@type\":\"EntryPoint\",\"urlTemplate\":\"https:\\\/\\\/gronau-inside.de\\\/en?s={search_term_string}\"},\"query-input\":{\"@type\":\"PropertyValueSpecification\",\"valueRequired\":true,\"valueName\":\"search_term_string\"}}],\"inLanguage\":\"en-US\"},{\"@type\":\"Organization\",\"@id\":\"https:\\\/\\\/gronau-inside.de\\\/en#organization\",\"name\":\"Gronau Inside\",\"url\":\"https:\\\/\\\/gronau-inside.de\\\/en\",\"logo\":{\"@type\":\"ImageObject\",\"inLanguage\":\"en-US\",\"@id\":\"https:\\\/\\\/gronau-inside.de\\\/en#\\\/schema\\\/logo\\\/image\\\/\",\"url\":\"https:\\\/\\\/gronau-inside.de\\\/wp-content\\\/uploads\\\/2020\\\/10\\\/01_gronau-logo_weissaufweiss_Schriftzug-1.png\",\"contentUrl\":\"https:\\\/\\\/gronau-inside.de\\\/wp-content\\\/uploads\\\/2020\\\/10\\\/01_gronau-logo_weissaufweiss_Schriftzug-1.png\",\"width\":254,\"height\":246,\"caption\":\"Gronau Inside\"},\"image\":{\"@id\":\"https:\\\/\\\/gronau-inside.de\\\/en#\\\/schema\\\/logo\\\/image\\\/\"}},{\"@type\":\"Person\",\"@id\":\"https:\\\/\\\/gronau-inside.de\\\/en#\\\/schema\\\/person\\\/f2e1f5c91cd43ca8b12ddf26d7546e29\",\"name\":\"Gronau Inside\"}]}<\/script>\n<!-- \/ Yoast SEO plugin. -->","yoast_head_json":{"title":"Wochenmarkt in Epe \u2013 Jeden Freitag genie\u00dfen! \ud83c\udf3f\ud83c\udf53 Der Wochenmarkt in Epe l\u00e4dt ... - Gronau Inside","robots":{"index":"index","follow":"follow","max-snippet":"max-snippet:-1","max-image-preview":"max-image-preview:large","max-video-preview":"max-video-preview:-1"},"canonical":"https:\/\/gronau-inside.de\/en\/wochenmarkt-in-epe-jeden-freitag-geniessen-%f0%9f%8c%bf%f0%9f%8d%93der-wochenmarkt-in-epe-laedt","og_locale":"en_US","og_type":"article","og_title":"Wochenmarkt in Epe \u2013 Jeden Freitag genie\u00dfen! \ud83c\udf3f\ud83c\udf53 Der Wochenmarkt in Epe l\u00e4dt ... - Gronau Inside","og_description":"Wochenmarkt in Epe \u2013 Jeden Freitag genie\u00dfen! \ud83c\udf3f\ud83c\udf53 Der Wochenmarkt in Epe l\u00e4dt euch auch heute wieder von 8 bis 13 Uhr in die Merschstra\u00dfe ein! Entdeckt frische, regionale Produkte, [&hellip;]","og_url":"https:\/\/gronau-inside.de\/en\/wochenmarkt-in-epe-jeden-freitag-geniessen-%f0%9f%8c%bf%f0%9f%8d%93der-wochenmarkt-in-epe-laedt","og_site_name":"Gronau Inside","article_published_time":"2024-09-27T05:41:29+00:00","author":"Gronau Inside","twitter_card":"summary_large_image","twitter_misc":{"Written by":"Gronau Inside"},"schema":{"@context":"https:\/\/schema.org","@graph":[{"@type":"Article","@id":"https:\/\/gronau-inside.de\/en\/wochenmarkt-in-epe-jeden-freitag-geniessen-%f0%9f%8c%bf%f0%9f%8d%93der-wochenmarkt-in-epe-laedt#article","isPartOf":{"@id":"https:\/\/gronau-inside.de\/en\/wochenmarkt-in-epe-jeden-freitag-geniessen-%f0%9f%8c%bf%f0%9f%8d%93der-wochenmarkt-in-epe-laedt"},"author":{"name":"Gronau Inside","@id":"https:\/\/gronau-inside.de\/en#\/schema\/person\/f2e1f5c91cd43ca8b12ddf26d7546e29"},"headline":"Wochenmarkt in Epe \u2013 Jeden Freitag genie\u00dfen! \ud83c\udf3f\ud83c\udf53 Der Wochenmarkt in Epe l\u00e4dt &#8230;","datePublished":"2024-09-27T05:41:29+00:00","mainEntityOfPage":{"@id":"https:\/\/gronau-inside.de\/en\/wochenmarkt-in-epe-jeden-freitag-geniessen-%f0%9f%8c%bf%f0%9f%8d%93der-wochenmarkt-in-epe-laedt"},"wordCount":64,"publisher":{"@id":"https:\/\/gronau-inside.de\/en#organization"},"image":{"@id":"https:\/\/gronau-inside.de\/en\/wochenmarkt-in-epe-jeden-freitag-geniessen-%f0%9f%8c%bf%f0%9f%8d%93der-wochenmarkt-in-epe-laedt#primaryimage"},"thumbnailUrl":"https:\/\/gronau-inside.de\/wp-content\/uploads\/2024\/09\/459789041_1034853558645410_3751447357659995888_n.jpg","articleSection":["#ANGESAGT"],"inLanguage":"en-US"},{"@type":"WebPage","@id":"https:\/\/gronau-inside.de\/en\/wochenmarkt-in-epe-jeden-freitag-geniessen-%f0%9f%8c%bf%f0%9f%8d%93der-wochenmarkt-in-epe-laedt","url":"https:\/\/gronau-inside.de\/en\/wochenmarkt-in-epe-jeden-freitag-geniessen-%f0%9f%8c%bf%f0%9f%8d%93der-wochenmarkt-in-epe-laedt","name":"Wochenmarkt in Epe \u2013 Jeden Freitag genie\u00dfen! \ud83c\udf3f\ud83c\udf53 Der Wochenmarkt in Epe l\u00e4dt ... - Gronau Inside","isPartOf":{"@id":"https:\/\/gronau-inside.de\/en#website"},"primaryImageOfPage":{"@id":"https:\/\/gronau-inside.de\/en\/wochenmarkt-in-epe-jeden-freitag-geniessen-%f0%9f%8c%bf%f0%9f%8d%93der-wochenmarkt-in-epe-laedt#primaryimage"},"image":{"@id":"https:\/\/gronau-inside.de\/en\/wochenmarkt-in-epe-jeden-freitag-geniessen-%f0%9f%8c%bf%f0%9f%8d%93der-wochenmarkt-in-epe-laedt#primaryimage"},"thumbnailUrl":"https:\/\/gronau-inside.de\/wp-content\/uploads\/2024\/09\/459789041_1034853558645410_3751447357659995888_n.jpg","datePublished":"2024-09-27T05:41:29+00:00","breadcrumb":{"@id":"https:\/\/gronau-inside.de\/en\/wochenmarkt-in-epe-jeden-freitag-geniessen-%f0%9f%8c%bf%f0%9f%8d%93der-wochenmarkt-in-epe-laedt#breadcrumb"},"inLanguage":"en-US","potentialAction":[{"@type":"ReadAction","target":["https:\/\/gronau-inside.de\/en\/wochenmarkt-in-epe-jeden-freitag-geniessen-%f0%9f%8c%bf%f0%9f%8d%93der-wochenmarkt-in-epe-laedt"]}]},{"@type":"ImageObject","inLanguage":"en-US","@id":"https:\/\/gronau-inside.de\/en\/wochenmarkt-in-epe-jeden-freitag-geniessen-%f0%9f%8c%bf%f0%9f%8d%93der-wochenmarkt-in-epe-laedt#primaryimage","url":"https:\/\/gronau-inside.de\/wp-content\/uploads\/2024\/09\/459789041_1034853558645410_3751447357659995888_n.jpg","contentUrl":"https:\/\/gronau-inside.de\/wp-content\/uploads\/2024\/09\/459789041_1034853558645410_3751447357659995888_n.jpg","width":720,"height":720},{"@type":"BreadcrumbList","@id":"https:\/\/gronau-inside.de\/en\/wochenmarkt-in-epe-jeden-freitag-geniessen-%f0%9f%8c%bf%f0%9f%8d%93der-wochenmarkt-in-epe-laedt#breadcrumb","itemListElement":[{"@type":"ListItem","position":1,"name":"Startseite","item":"https:\/\/gronau-inside.de\/en\/home-page"},{"@type":"ListItem","position":2,"name":"Wochenmarkt in Epe \u2013 Jeden Freitag genie\u00dfen! \ud83c\udf3f\ud83c\udf53 Der Wochenmarkt in Epe l\u00e4dt &#8230;"}]},{"@type":"WebSite","@id":"https:\/\/gronau-inside.de\/en#website","url":"https:\/\/gronau-inside.de\/en","name":"Gronau Inside","description":"Musikstadt im Gr\u00fcnen","publisher":{"@id":"https:\/\/gronau-inside.de\/en#organization"},"potentialAction":[{"@type":"SearchAction","target":{"@type":"EntryPoint","urlTemplate":"https:\/\/gronau-inside.de\/en?s={search_term_string}"},"query-input":{"@type":"PropertyValueSpecification","valueRequired":true,"valueName":"search_term_string"}}],"inLanguage":"en-US"},{"@type":"Organization","@id":"https:\/\/gronau-inside.de\/en#organization","name":"Gronau Inside","url":"https:\/\/gronau-inside.de\/en","logo":{"@type":"ImageObject","inLanguage":"en-US","@id":"https:\/\/gronau-inside.de\/en#\/schema\/logo\/image\/","url":"https:\/\/gronau-inside.de\/wp-content\/uploads\/2020\/10\/01_gronau-logo_weissaufweiss_Schriftzug-1.png","contentUrl":"https:\/\/gronau-inside.de\/wp-content\/uploads\/2020\/10\/01_gronau-logo_weissaufweiss_Schriftzug-1.png","width":254,"height":246,"caption":"Gronau Inside"},"image":{"@id":"https:\/\/gronau-inside.de\/en#\/schema\/logo\/image\/"}},{"@type":"Person","@id":"https:\/\/gronau-inside.de\/en#\/schema\/person\/f2e1f5c91cd43ca8b12ddf26d7546e29","name":"Gronau Inside"}]}},"_links":{"self":[{"href":"https:\/\/gronau-inside.de\/en\/wp-json\/wp\/v2\/posts\/69534","targetHints":{"allow":["GET"]}}],"collection":[{"href":"https:\/\/gronau-inside.de\/en\/wp-json\/wp\/v2\/posts"}],"about":[{"href":"https:\/\/gronau-inside.de\/en\/wp-json\/wp\/v2\/types\/post"}],"author":[{"embeddable":true,"href":"https:\/\/gronau-inside.de\/en\/wp-json\/wp\/v2\/users\/2"}],"replies":[{"embeddable":true,"href":"https:\/\/gronau-inside.de\/en\/wp-json\/wp\/v2\/comments?post=69534"}],"version-history":[{"count":0,"href":"https:\/\/gronau-inside.de\/en\/wp-json\/wp\/v2\/posts\/69534\/revisions"}],"wp:featuredmedia":[{"embeddable":true,"href":"https:\/\/gronau-inside.de\/en\/wp-json\/wp\/v2\/media\/69531"}],"wp:attachment":[{"href":"https:\/\/gronau-inside.de\/en\/wp-json\/wp\/v2\/media?parent=69534"}],"wp:term":[{"taxonomy":"category","embeddable":true,"href":"https:\/\/gronau-inside.de\/en\/wp-json\/wp\/v2\/categories?post=69534"},{"taxonomy":"post_tag","embeddable":true,"href":"https:\/\/gronau-inside.de\/en\/wp-json\/wp\/v2\/tags?post=69534"}],"curies":[{"name":"wp","href":"https:\/\/api.w.org\/{rel}","templated":true}]}}