{"id":69696,"date":"2024-09-30T10:01:33","date_gmt":"2024-09-30T08:01:33","guid":{"rendered":"https:\/\/gronau-inside.de\/hier-laesst-es-sich-gut-leben-eigentlich-sind-sie-zum-urlaub-machen-nach"},"modified":"2024-09-30T10:01:33","modified_gmt":"2024-09-30T08:01:33","slug":"hier-laesst-es-sich-gut-leben-eigentlich-sind-sie-zum-urlaub-machen-nach","status":"publish","type":"post","link":"https:\/\/gronau-inside.de\/en\/hier-laesst-es-sich-gut-leben-eigentlich-sind-sie-zum-urlaub-machen-nach","title":{"rendered":"\u201eHier l\u00e4sst es sich gut leben.\u201c \u2013 Eigentlich sind sie zum Urlaub machen nach &#8230;"},"content":{"rendered":"<p>\u201eHier l\u00e4sst es sich gut leben.\u201c \u2013 Eigentlich sind sie zum Urlaub machen nach Gronau gekommen und dann doch irgendwie geblieben \ud83d\udc9a. Liebe Angelika, lieber Bernd: Wie sch\u00f6n, dass ihr auf dem Gronauer Stadtfest wart und seit \u00fcber 4 Jahren in Gronau wohnt! <\/p>\n<p>Eigentlich kommen die beiden aus Stuttgart, wohnen aber jetzt seit 4 Jahren in unserer Stadt und haben sich sogar nach 18 Jahren gemeinsamer Beziehung im Mai in Gronau das \u201eJa-Wort\u201c gegeben. Herzlichen Gl\u00fcckwunsch! \ud83d\ude0d Im Gespr\u00e4ch habt ihr vor allem deutlich gemacht, dass ihr euch hier in der Natur wohlf\u00fchlt und ihr die Ruhe und den Platz genie\u00dft. Wir finden das sehr verst\u00e4ndlich und sind froh, dass ihr hier lebt und eure neue Heimat gefunden habt. \ud83d\udc9a \ud83d\ude0d<\/p>\n<p>M\u00fcnsterland. DAS GUTE LEBEN. Dein M\u00fcnsterland<\/p>\n","protected":false},"excerpt":{"rendered":"<p>\u201eHier l\u00e4sst es sich gut leben.\u201c \u2013 Eigentlich sind sie zum Urlaub machen nach Gronau gekommen und dann doch irgendwie geblieben \ud83d\udc9a. Liebe Angelika, lieber Bernd: Wie sch\u00f6n, dass ihr [&hellip;]<\/p>\n","protected":false},"author":2,"featured_media":69693,"comment_status":"","ping_status":"","sticky":false,"template":"","format":"standard","meta":{"_acf_changed":false,"_price":"","_stock":"","_tribe_ticket_header":"","_tribe_default_ticket_provider":"","_tribe_ticket_capacity":"","_ticket_start_date":"","_ticket_end_date":"","_tribe_ticket_show_description":"","_tribe_ticket_show_not_going":false,"_tribe_ticket_use_global_stock":"","_tribe_ticket_global_stock_level":"","_global_stock_mode":"","_global_stock_cap":"","_tribe_rsvp_for_event":"","_tribe_ticket_going_count":"","_tribe_ticket_not_going_count":"","_tribe_tickets_list":"[]","_tribe_ticket_has_attendee_info_fields":false,"footnotes":""},"categories":[21],"tags":[],"class_list":["post-69696","post","type-post","status-publish","format-standard","has-post-thumbnail","hentry","category-angesagt"],"acf":[],"yoast_head":"<!-- This site is optimized with the Yoast SEO plugin v27.4 - https:\/\/yoast.com\/product\/yoast-seo-wordpress\/ -->\n<title>\u201eHier l\u00e4sst es sich gut leben.\u201c \u2013 Eigentlich sind sie zum Urlaub machen nach ... - Gronau Inside<\/title>\n<meta name=\"robots\" content=\"index, follow, max-snippet:-1, max-image-preview:large, max-video-preview:-1\" \/>\n<link rel=\"canonical\" href=\"https:\/\/gronau-inside.de\/en\/hier-laesst-es-sich-gut-leben-eigentlich-sind-sie-zum-urlaub-machen-nach\" \/>\n<meta property=\"og:locale\" content=\"en_US\" \/>\n<meta property=\"og:type\" content=\"article\" \/>\n<meta property=\"og:title\" content=\"\u201eHier l\u00e4sst es sich gut leben.\u201c \u2013 Eigentlich sind sie zum Urlaub machen nach ... - Gronau Inside\" \/>\n<meta property=\"og:description\" content=\"\u201eHier l\u00e4sst es sich gut leben.\u201c \u2013 Eigentlich sind sie zum Urlaub machen nach Gronau gekommen und dann doch irgendwie geblieben \ud83d\udc9a. Liebe Angelika, lieber Bernd: Wie sch\u00f6n, dass ihr [&hellip;]\" \/>\n<meta property=\"og:url\" content=\"https:\/\/gronau-inside.de\/en\/hier-laesst-es-sich-gut-leben-eigentlich-sind-sie-zum-urlaub-machen-nach\" \/>\n<meta property=\"og:site_name\" content=\"Gronau Inside\" \/>\n<meta property=\"article:published_time\" content=\"2024-09-30T08:01:33+00:00\" \/>\n<meta name=\"author\" content=\"Gronau Inside\" \/>\n<meta name=\"twitter:card\" content=\"summary_large_image\" \/>\n<meta name=\"twitter:label1\" content=\"Written by\" \/>\n\t<meta name=\"twitter:data1\" content=\"Gronau Inside\" \/>\n\t<meta name=\"twitter:label2\" content=\"Est. reading time\" \/>\n\t<meta name=\"twitter:data2\" content=\"1 minute\" \/>\n<script type=\"application\/ld+json\" class=\"yoast-schema-graph\">{\"@context\":\"https:\\\/\\\/schema.org\",\"@graph\":[{\"@type\":\"Article\",\"@id\":\"https:\\\/\\\/gronau-inside.de\\\/en\\\/hier-laesst-es-sich-gut-leben-eigentlich-sind-sie-zum-urlaub-machen-nach#article\",\"isPartOf\":{\"@id\":\"https:\\\/\\\/gronau-inside.de\\\/en\\\/hier-laesst-es-sich-gut-leben-eigentlich-sind-sie-zum-urlaub-machen-nach\"},\"author\":{\"name\":\"Gronau Inside\",\"@id\":\"https:\\\/\\\/gronau-inside.de\\\/en#\\\/schema\\\/person\\\/f2e1f5c91cd43ca8b12ddf26d7546e29\"},\"headline\":\"\u201eHier l\u00e4sst es sich gut leben.\u201c \u2013 Eigentlich sind sie zum Urlaub machen nach &#8230;\",\"datePublished\":\"2024-09-30T08:01:33+00:00\",\"mainEntityOfPage\":{\"@id\":\"https:\\\/\\\/gronau-inside.de\\\/en\\\/hier-laesst-es-sich-gut-leben-eigentlich-sind-sie-zum-urlaub-machen-nach\"},\"wordCount\":142,\"publisher\":{\"@id\":\"https:\\\/\\\/gronau-inside.de\\\/en#organization\"},\"image\":{\"@id\":\"https:\\\/\\\/gronau-inside.de\\\/en\\\/hier-laesst-es-sich-gut-leben-eigentlich-sind-sie-zum-urlaub-machen-nach#primaryimage\"},\"thumbnailUrl\":\"https:\\\/\\\/gronau-inside.de\\\/wp-content\\\/uploads\\\/2024\\\/09\\\/460639691_1037993828331383_1356668922637405958_n.jpg\",\"articleSection\":[\"#ANGESAGT\"],\"inLanguage\":\"en-US\"},{\"@type\":\"WebPage\",\"@id\":\"https:\\\/\\\/gronau-inside.de\\\/en\\\/hier-laesst-es-sich-gut-leben-eigentlich-sind-sie-zum-urlaub-machen-nach\",\"url\":\"https:\\\/\\\/gronau-inside.de\\\/en\\\/hier-laesst-es-sich-gut-leben-eigentlich-sind-sie-zum-urlaub-machen-nach\",\"name\":\"\u201eHier l\u00e4sst es sich gut leben.\u201c \u2013 Eigentlich sind sie zum Urlaub machen nach ... - Gronau Inside\",\"isPartOf\":{\"@id\":\"https:\\\/\\\/gronau-inside.de\\\/en#website\"},\"primaryImageOfPage\":{\"@id\":\"https:\\\/\\\/gronau-inside.de\\\/en\\\/hier-laesst-es-sich-gut-leben-eigentlich-sind-sie-zum-urlaub-machen-nach#primaryimage\"},\"image\":{\"@id\":\"https:\\\/\\\/gronau-inside.de\\\/en\\\/hier-laesst-es-sich-gut-leben-eigentlich-sind-sie-zum-urlaub-machen-nach#primaryimage\"},\"thumbnailUrl\":\"https:\\\/\\\/gronau-inside.de\\\/wp-content\\\/uploads\\\/2024\\\/09\\\/460639691_1037993828331383_1356668922637405958_n.jpg\",\"datePublished\":\"2024-09-30T08:01:33+00:00\",\"breadcrumb\":{\"@id\":\"https:\\\/\\\/gronau-inside.de\\\/en\\\/hier-laesst-es-sich-gut-leben-eigentlich-sind-sie-zum-urlaub-machen-nach#breadcrumb\"},\"inLanguage\":\"en-US\",\"potentialAction\":[{\"@type\":\"ReadAction\",\"target\":[\"https:\\\/\\\/gronau-inside.de\\\/en\\\/hier-laesst-es-sich-gut-leben-eigentlich-sind-sie-zum-urlaub-machen-nach\"]}]},{\"@type\":\"ImageObject\",\"inLanguage\":\"en-US\",\"@id\":\"https:\\\/\\\/gronau-inside.de\\\/en\\\/hier-laesst-es-sich-gut-leben-eigentlich-sind-sie-zum-urlaub-machen-nach#primaryimage\",\"url\":\"https:\\\/\\\/gronau-inside.de\\\/wp-content\\\/uploads\\\/2024\\\/09\\\/460639691_1037993828331383_1356668922637405958_n.jpg\",\"contentUrl\":\"https:\\\/\\\/gronau-inside.de\\\/wp-content\\\/uploads\\\/2024\\\/09\\\/460639691_1037993828331383_1356668922637405958_n.jpg\",\"width\":720,\"height\":900},{\"@type\":\"BreadcrumbList\",\"@id\":\"https:\\\/\\\/gronau-inside.de\\\/en\\\/hier-laesst-es-sich-gut-leben-eigentlich-sind-sie-zum-urlaub-machen-nach#breadcrumb\",\"itemListElement\":[{\"@type\":\"ListItem\",\"position\":1,\"name\":\"Startseite\",\"item\":\"https:\\\/\\\/gronau-inside.de\\\/en\\\/home-page\"},{\"@type\":\"ListItem\",\"position\":2,\"name\":\"\u201eHier l\u00e4sst es sich gut leben.\u201c \u2013 Eigentlich sind sie zum Urlaub machen nach &#8230;\"}]},{\"@type\":\"WebSite\",\"@id\":\"https:\\\/\\\/gronau-inside.de\\\/en#website\",\"url\":\"https:\\\/\\\/gronau-inside.de\\\/en\",\"name\":\"Gronau Inside\",\"description\":\"Musikstadt im Gr\u00fcnen\",\"publisher\":{\"@id\":\"https:\\\/\\\/gronau-inside.de\\\/en#organization\"},\"potentialAction\":[{\"@type\":\"SearchAction\",\"target\":{\"@type\":\"EntryPoint\",\"urlTemplate\":\"https:\\\/\\\/gronau-inside.de\\\/en?s={search_term_string}\"},\"query-input\":{\"@type\":\"PropertyValueSpecification\",\"valueRequired\":true,\"valueName\":\"search_term_string\"}}],\"inLanguage\":\"en-US\"},{\"@type\":\"Organization\",\"@id\":\"https:\\\/\\\/gronau-inside.de\\\/en#organization\",\"name\":\"Gronau Inside\",\"url\":\"https:\\\/\\\/gronau-inside.de\\\/en\",\"logo\":{\"@type\":\"ImageObject\",\"inLanguage\":\"en-US\",\"@id\":\"https:\\\/\\\/gronau-inside.de\\\/en#\\\/schema\\\/logo\\\/image\\\/\",\"url\":\"https:\\\/\\\/gronau-inside.de\\\/wp-content\\\/uploads\\\/2020\\\/10\\\/01_gronau-logo_weissaufweiss_Schriftzug-1.png\",\"contentUrl\":\"https:\\\/\\\/gronau-inside.de\\\/wp-content\\\/uploads\\\/2020\\\/10\\\/01_gronau-logo_weissaufweiss_Schriftzug-1.png\",\"width\":254,\"height\":246,\"caption\":\"Gronau Inside\"},\"image\":{\"@id\":\"https:\\\/\\\/gronau-inside.de\\\/en#\\\/schema\\\/logo\\\/image\\\/\"}},{\"@type\":\"Person\",\"@id\":\"https:\\\/\\\/gronau-inside.de\\\/en#\\\/schema\\\/person\\\/f2e1f5c91cd43ca8b12ddf26d7546e29\",\"name\":\"Gronau Inside\"}]}<\/script>\n<!-- \/ Yoast SEO plugin. -->","yoast_head_json":{"title":"\u201eHier l\u00e4sst es sich gut leben.\u201c \u2013 Eigentlich sind sie zum Urlaub machen nach ... - Gronau Inside","robots":{"index":"index","follow":"follow","max-snippet":"max-snippet:-1","max-image-preview":"max-image-preview:large","max-video-preview":"max-video-preview:-1"},"canonical":"https:\/\/gronau-inside.de\/en\/hier-laesst-es-sich-gut-leben-eigentlich-sind-sie-zum-urlaub-machen-nach","og_locale":"en_US","og_type":"article","og_title":"\u201eHier l\u00e4sst es sich gut leben.\u201c \u2013 Eigentlich sind sie zum Urlaub machen nach ... - Gronau Inside","og_description":"\u201eHier l\u00e4sst es sich gut leben.\u201c \u2013 Eigentlich sind sie zum Urlaub machen nach Gronau gekommen und dann doch irgendwie geblieben \ud83d\udc9a. Liebe Angelika, lieber Bernd: Wie sch\u00f6n, dass ihr [&hellip;]","og_url":"https:\/\/gronau-inside.de\/en\/hier-laesst-es-sich-gut-leben-eigentlich-sind-sie-zum-urlaub-machen-nach","og_site_name":"Gronau Inside","article_published_time":"2024-09-30T08:01:33+00:00","author":"Gronau Inside","twitter_card":"summary_large_image","twitter_misc":{"Written by":"Gronau Inside","Est. reading time":"1 minute"},"schema":{"@context":"https:\/\/schema.org","@graph":[{"@type":"Article","@id":"https:\/\/gronau-inside.de\/en\/hier-laesst-es-sich-gut-leben-eigentlich-sind-sie-zum-urlaub-machen-nach#article","isPartOf":{"@id":"https:\/\/gronau-inside.de\/en\/hier-laesst-es-sich-gut-leben-eigentlich-sind-sie-zum-urlaub-machen-nach"},"author":{"name":"Gronau Inside","@id":"https:\/\/gronau-inside.de\/en#\/schema\/person\/f2e1f5c91cd43ca8b12ddf26d7546e29"},"headline":"\u201eHier l\u00e4sst es sich gut leben.\u201c \u2013 Eigentlich sind sie zum Urlaub machen nach &#8230;","datePublished":"2024-09-30T08:01:33+00:00","mainEntityOfPage":{"@id":"https:\/\/gronau-inside.de\/en\/hier-laesst-es-sich-gut-leben-eigentlich-sind-sie-zum-urlaub-machen-nach"},"wordCount":142,"publisher":{"@id":"https:\/\/gronau-inside.de\/en#organization"},"image":{"@id":"https:\/\/gronau-inside.de\/en\/hier-laesst-es-sich-gut-leben-eigentlich-sind-sie-zum-urlaub-machen-nach#primaryimage"},"thumbnailUrl":"https:\/\/gronau-inside.de\/wp-content\/uploads\/2024\/09\/460639691_1037993828331383_1356668922637405958_n.jpg","articleSection":["#ANGESAGT"],"inLanguage":"en-US"},{"@type":"WebPage","@id":"https:\/\/gronau-inside.de\/en\/hier-laesst-es-sich-gut-leben-eigentlich-sind-sie-zum-urlaub-machen-nach","url":"https:\/\/gronau-inside.de\/en\/hier-laesst-es-sich-gut-leben-eigentlich-sind-sie-zum-urlaub-machen-nach","name":"\u201eHier l\u00e4sst es sich gut leben.\u201c \u2013 Eigentlich sind sie zum Urlaub machen nach ... - Gronau Inside","isPartOf":{"@id":"https:\/\/gronau-inside.de\/en#website"},"primaryImageOfPage":{"@id":"https:\/\/gronau-inside.de\/en\/hier-laesst-es-sich-gut-leben-eigentlich-sind-sie-zum-urlaub-machen-nach#primaryimage"},"image":{"@id":"https:\/\/gronau-inside.de\/en\/hier-laesst-es-sich-gut-leben-eigentlich-sind-sie-zum-urlaub-machen-nach#primaryimage"},"thumbnailUrl":"https:\/\/gronau-inside.de\/wp-content\/uploads\/2024\/09\/460639691_1037993828331383_1356668922637405958_n.jpg","datePublished":"2024-09-30T08:01:33+00:00","breadcrumb":{"@id":"https:\/\/gronau-inside.de\/en\/hier-laesst-es-sich-gut-leben-eigentlich-sind-sie-zum-urlaub-machen-nach#breadcrumb"},"inLanguage":"en-US","potentialAction":[{"@type":"ReadAction","target":["https:\/\/gronau-inside.de\/en\/hier-laesst-es-sich-gut-leben-eigentlich-sind-sie-zum-urlaub-machen-nach"]}]},{"@type":"ImageObject","inLanguage":"en-US","@id":"https:\/\/gronau-inside.de\/en\/hier-laesst-es-sich-gut-leben-eigentlich-sind-sie-zum-urlaub-machen-nach#primaryimage","url":"https:\/\/gronau-inside.de\/wp-content\/uploads\/2024\/09\/460639691_1037993828331383_1356668922637405958_n.jpg","contentUrl":"https:\/\/gronau-inside.de\/wp-content\/uploads\/2024\/09\/460639691_1037993828331383_1356668922637405958_n.jpg","width":720,"height":900},{"@type":"BreadcrumbList","@id":"https:\/\/gronau-inside.de\/en\/hier-laesst-es-sich-gut-leben-eigentlich-sind-sie-zum-urlaub-machen-nach#breadcrumb","itemListElement":[{"@type":"ListItem","position":1,"name":"Startseite","item":"https:\/\/gronau-inside.de\/en\/home-page"},{"@type":"ListItem","position":2,"name":"\u201eHier l\u00e4sst es sich gut leben.\u201c \u2013 Eigentlich sind sie zum Urlaub machen nach &#8230;"}]},{"@type":"WebSite","@id":"https:\/\/gronau-inside.de\/en#website","url":"https:\/\/gronau-inside.de\/en","name":"Gronau Inside","description":"Musikstadt im Gr\u00fcnen","publisher":{"@id":"https:\/\/gronau-inside.de\/en#organization"},"potentialAction":[{"@type":"SearchAction","target":{"@type":"EntryPoint","urlTemplate":"https:\/\/gronau-inside.de\/en?s={search_term_string}"},"query-input":{"@type":"PropertyValueSpecification","valueRequired":true,"valueName":"search_term_string"}}],"inLanguage":"en-US"},{"@type":"Organization","@id":"https:\/\/gronau-inside.de\/en#organization","name":"Gronau Inside","url":"https:\/\/gronau-inside.de\/en","logo":{"@type":"ImageObject","inLanguage":"en-US","@id":"https:\/\/gronau-inside.de\/en#\/schema\/logo\/image\/","url":"https:\/\/gronau-inside.de\/wp-content\/uploads\/2020\/10\/01_gronau-logo_weissaufweiss_Schriftzug-1.png","contentUrl":"https:\/\/gronau-inside.de\/wp-content\/uploads\/2020\/10\/01_gronau-logo_weissaufweiss_Schriftzug-1.png","width":254,"height":246,"caption":"Gronau Inside"},"image":{"@id":"https:\/\/gronau-inside.de\/en#\/schema\/logo\/image\/"}},{"@type":"Person","@id":"https:\/\/gronau-inside.de\/en#\/schema\/person\/f2e1f5c91cd43ca8b12ddf26d7546e29","name":"Gronau Inside"}]}},"_links":{"self":[{"href":"https:\/\/gronau-inside.de\/en\/wp-json\/wp\/v2\/posts\/69696","targetHints":{"allow":["GET"]}}],"collection":[{"href":"https:\/\/gronau-inside.de\/en\/wp-json\/wp\/v2\/posts"}],"about":[{"href":"https:\/\/gronau-inside.de\/en\/wp-json\/wp\/v2\/types\/post"}],"author":[{"embeddable":true,"href":"https:\/\/gronau-inside.de\/en\/wp-json\/wp\/v2\/users\/2"}],"replies":[{"embeddable":true,"href":"https:\/\/gronau-inside.de\/en\/wp-json\/wp\/v2\/comments?post=69696"}],"version-history":[{"count":0,"href":"https:\/\/gronau-inside.de\/en\/wp-json\/wp\/v2\/posts\/69696\/revisions"}],"wp:featuredmedia":[{"embeddable":true,"href":"https:\/\/gronau-inside.de\/en\/wp-json\/wp\/v2\/media\/69693"}],"wp:attachment":[{"href":"https:\/\/gronau-inside.de\/en\/wp-json\/wp\/v2\/media?parent=69696"}],"wp:term":[{"taxonomy":"category","embeddable":true,"href":"https:\/\/gronau-inside.de\/en\/wp-json\/wp\/v2\/categories?post=69696"},{"taxonomy":"post_tag","embeddable":true,"href":"https:\/\/gronau-inside.de\/en\/wp-json\/wp\/v2\/tags?post=69696"}],"curies":[{"name":"wp","href":"https:\/\/api.w.org\/{rel}","templated":true}]}}