{"id":70170,"date":"2024-10-12T10:12:05","date_gmt":"2024-10-12T08:12:05","guid":{"rendered":"https:\/\/gronau-inside.de\/benjamin-poliak-kim-catrin-oder-florian-stein-die-slammer-fuer-den-21-gro"},"modified":"2024-10-12T10:12:05","modified_gmt":"2024-10-12T08:12:05","slug":"benjamin-poliak-kim-catrin-oder-florian-stein-die-slammer-fuer-den-21-gro","status":"publish","type":"post","link":"https:\/\/gronau-inside.de\/en\/benjamin-poliak-kim-catrin-oder-florian-stein-die-slammer-fuer-den-21-gro","title":{"rendered":"Benjamin Poliak, Kim Catrin oder Florian Stein&#8230;.die Slammer f\u00fcr den 21. Gro&#8230;"},"content":{"rendered":"<p>Benjamin Poliak, Kim Catrin oder Florian Stein&#8230;.die Slammer f\u00fcr den 21. Gronauer Poetry Slam stehen fest!\ud83e\udd29 Sie treten am 25. November auf der B\u00fchne des Cinetech Gronau mit ausschlie\u00dflich selbst verfassten Texten und vollem K\u00f6rpereinsatz gegeneinander an! So unterschiedlich die Vortr\u00e4ge sind, eins haben sie alle gemeinsam, die Wortakrobatik der performenden Dichter ist beeindruckend und bringt die Zuh\u00f6rer wahlweise zum Lachen, zum Nachdenken oder r\u00fchrt zu Tr\u00e4nen.\ud83d\ude0e <\/p>\n<p>Seid dabei &#038; sichert euch jetzt Tickets bei uns der Touristinfo oder online unter https:\/\/www.eventim.de\/event\/21-gronauer-poetry-slam-cinetech-kinocenter-18578995\/?srsltid=AfmBOopquws0UrRNl_ld0Bp6u041Yxlk9WKBYZwvtlgdqxbbMP1e3DR3<\/p>\n","protected":false},"excerpt":{"rendered":"<p>Benjamin Poliak, Kim Catrin oder Florian Stein&#8230;.die Slammer f\u00fcr den 21. Gronauer Poetry Slam stehen fest!\ud83e\udd29 Sie treten am 25. November auf der B\u00fchne des Cinetech Gronau mit ausschlie\u00dflich selbst [&hellip;]<\/p>\n","protected":false},"author":2,"featured_media":70167,"comment_status":"","ping_status":"","sticky":false,"template":"","format":"standard","meta":{"_acf_changed":false,"_price":"","_stock":"","_tribe_ticket_header":"","_tribe_default_ticket_provider":"","_tribe_ticket_capacity":"","_ticket_start_date":"","_ticket_end_date":"","_tribe_ticket_show_description":"","_tribe_ticket_show_not_going":false,"_tribe_ticket_use_global_stock":"","_tribe_ticket_global_stock_level":"","_global_stock_mode":"","_global_stock_cap":"","_tribe_rsvp_for_event":"","_tribe_ticket_going_count":"","_tribe_ticket_not_going_count":"","_tribe_tickets_list":"[]","_tribe_ticket_has_attendee_info_fields":false,"footnotes":""},"categories":[21],"tags":[],"class_list":["post-70170","post","type-post","status-publish","format-standard","has-post-thumbnail","hentry","category-angesagt"],"acf":[],"yoast_head":"<!-- This site is optimized with the Yoast SEO plugin v27.5 - https:\/\/yoast.com\/product\/yoast-seo-wordpress\/ -->\n<title>Benjamin Poliak, Kim Catrin oder Florian Stein....die Slammer f\u00fcr den 21. Gro... - Gronau Inside<\/title>\n<meta name=\"robots\" content=\"index, follow, max-snippet:-1, max-image-preview:large, max-video-preview:-1\" \/>\n<link rel=\"canonical\" href=\"https:\/\/gronau-inside.de\/en\/benjamin-poliak-kim-catrin-oder-florian-stein-die-slammer-fuer-den-21-gro\" \/>\n<meta property=\"og:locale\" content=\"en_US\" \/>\n<meta property=\"og:type\" content=\"article\" \/>\n<meta property=\"og:title\" content=\"Benjamin Poliak, Kim Catrin oder Florian Stein....die Slammer f\u00fcr den 21. Gro... - Gronau Inside\" \/>\n<meta property=\"og:description\" content=\"Benjamin Poliak, Kim Catrin oder Florian Stein&#8230;.die Slammer f\u00fcr den 21. Gronauer Poetry Slam stehen fest!\ud83e\udd29 Sie treten am 25. November auf der B\u00fchne des Cinetech Gronau mit ausschlie\u00dflich selbst [&hellip;]\" \/>\n<meta property=\"og:url\" content=\"https:\/\/gronau-inside.de\/en\/benjamin-poliak-kim-catrin-oder-florian-stein-die-slammer-fuer-den-21-gro\" \/>\n<meta property=\"og:site_name\" content=\"Gronau Inside\" \/>\n<meta property=\"article:published_time\" content=\"2024-10-12T08:12:05+00:00\" \/>\n<meta name=\"author\" content=\"Gronau Inside\" \/>\n<meta name=\"twitter:card\" content=\"summary_large_image\" \/>\n<meta name=\"twitter:label1\" content=\"Written by\" \/>\n\t<meta name=\"twitter:data1\" content=\"Gronau Inside\" \/>\n\t<meta name=\"twitter:label2\" content=\"Est. reading time\" \/>\n\t<meta name=\"twitter:data2\" content=\"1 minute\" \/>\n<script type=\"application\/ld+json\" class=\"yoast-schema-graph\">{\"@context\":\"https:\\\/\\\/schema.org\",\"@graph\":[{\"@type\":\"Article\",\"@id\":\"https:\\\/\\\/gronau-inside.de\\\/en\\\/benjamin-poliak-kim-catrin-oder-florian-stein-die-slammer-fuer-den-21-gro#article\",\"isPartOf\":{\"@id\":\"https:\\\/\\\/gronau-inside.de\\\/en\\\/benjamin-poliak-kim-catrin-oder-florian-stein-die-slammer-fuer-den-21-gro\"},\"author\":{\"name\":\"Gronau Inside\",\"@id\":\"https:\\\/\\\/gronau-inside.de\\\/en#\\\/schema\\\/person\\\/f2e1f5c91cd43ca8b12ddf26d7546e29\"},\"headline\":\"Benjamin Poliak, Kim Catrin oder Florian Stein&#8230;.die Slammer f\u00fcr den 21. Gro&#8230;\",\"datePublished\":\"2024-10-12T08:12:05+00:00\",\"mainEntityOfPage\":{\"@id\":\"https:\\\/\\\/gronau-inside.de\\\/en\\\/benjamin-poliak-kim-catrin-oder-florian-stein-die-slammer-fuer-den-21-gro\"},\"wordCount\":116,\"publisher\":{\"@id\":\"https:\\\/\\\/gronau-inside.de\\\/en#organization\"},\"image\":{\"@id\":\"https:\\\/\\\/gronau-inside.de\\\/en\\\/benjamin-poliak-kim-catrin-oder-florian-stein-die-slammer-fuer-den-21-gro#primaryimage\"},\"thumbnailUrl\":\"https:\\\/\\\/gronau-inside.de\\\/wp-content\\\/uploads\\\/2024\\\/10\\\/461278171_1046396340824465_3233222687056725370_n.jpg\",\"articleSection\":[\"#ANGESAGT\"],\"inLanguage\":\"en-US\"},{\"@type\":\"WebPage\",\"@id\":\"https:\\\/\\\/gronau-inside.de\\\/en\\\/benjamin-poliak-kim-catrin-oder-florian-stein-die-slammer-fuer-den-21-gro\",\"url\":\"https:\\\/\\\/gronau-inside.de\\\/en\\\/benjamin-poliak-kim-catrin-oder-florian-stein-die-slammer-fuer-den-21-gro\",\"name\":\"Benjamin Poliak, Kim Catrin oder Florian Stein....die Slammer f\u00fcr den 21. Gro... - Gronau Inside\",\"isPartOf\":{\"@id\":\"https:\\\/\\\/gronau-inside.de\\\/en#website\"},\"primaryImageOfPage\":{\"@id\":\"https:\\\/\\\/gronau-inside.de\\\/en\\\/benjamin-poliak-kim-catrin-oder-florian-stein-die-slammer-fuer-den-21-gro#primaryimage\"},\"image\":{\"@id\":\"https:\\\/\\\/gronau-inside.de\\\/en\\\/benjamin-poliak-kim-catrin-oder-florian-stein-die-slammer-fuer-den-21-gro#primaryimage\"},\"thumbnailUrl\":\"https:\\\/\\\/gronau-inside.de\\\/wp-content\\\/uploads\\\/2024\\\/10\\\/461278171_1046396340824465_3233222687056725370_n.jpg\",\"datePublished\":\"2024-10-12T08:12:05+00:00\",\"breadcrumb\":{\"@id\":\"https:\\\/\\\/gronau-inside.de\\\/en\\\/benjamin-poliak-kim-catrin-oder-florian-stein-die-slammer-fuer-den-21-gro#breadcrumb\"},\"inLanguage\":\"en-US\",\"potentialAction\":[{\"@type\":\"ReadAction\",\"target\":[\"https:\\\/\\\/gronau-inside.de\\\/en\\\/benjamin-poliak-kim-catrin-oder-florian-stein-die-slammer-fuer-den-21-gro\"]}]},{\"@type\":\"ImageObject\",\"inLanguage\":\"en-US\",\"@id\":\"https:\\\/\\\/gronau-inside.de\\\/en\\\/benjamin-poliak-kim-catrin-oder-florian-stein-die-slammer-fuer-den-21-gro#primaryimage\",\"url\":\"https:\\\/\\\/gronau-inside.de\\\/wp-content\\\/uploads\\\/2024\\\/10\\\/461278171_1046396340824465_3233222687056725370_n.jpg\",\"contentUrl\":\"https:\\\/\\\/gronau-inside.de\\\/wp-content\\\/uploads\\\/2024\\\/10\\\/461278171_1046396340824465_3233222687056725370_n.jpg\",\"width\":1080,\"height\":720},{\"@type\":\"BreadcrumbList\",\"@id\":\"https:\\\/\\\/gronau-inside.de\\\/en\\\/benjamin-poliak-kim-catrin-oder-florian-stein-die-slammer-fuer-den-21-gro#breadcrumb\",\"itemListElement\":[{\"@type\":\"ListItem\",\"position\":1,\"name\":\"Startseite\",\"item\":\"https:\\\/\\\/gronau-inside.de\\\/en\\\/home-page\"},{\"@type\":\"ListItem\",\"position\":2,\"name\":\"Benjamin Poliak, Kim Catrin oder Florian Stein&#8230;.die Slammer f\u00fcr den 21. Gro&#8230;\"}]},{\"@type\":\"WebSite\",\"@id\":\"https:\\\/\\\/gronau-inside.de\\\/en#website\",\"url\":\"https:\\\/\\\/gronau-inside.de\\\/en\",\"name\":\"Gronau Inside\",\"description\":\"Musikstadt im Gr\u00fcnen\",\"publisher\":{\"@id\":\"https:\\\/\\\/gronau-inside.de\\\/en#organization\"},\"potentialAction\":[{\"@type\":\"SearchAction\",\"target\":{\"@type\":\"EntryPoint\",\"urlTemplate\":\"https:\\\/\\\/gronau-inside.de\\\/en?s={search_term_string}\"},\"query-input\":{\"@type\":\"PropertyValueSpecification\",\"valueRequired\":true,\"valueName\":\"search_term_string\"}}],\"inLanguage\":\"en-US\"},{\"@type\":\"Organization\",\"@id\":\"https:\\\/\\\/gronau-inside.de\\\/en#organization\",\"name\":\"Gronau Inside\",\"url\":\"https:\\\/\\\/gronau-inside.de\\\/en\",\"logo\":{\"@type\":\"ImageObject\",\"inLanguage\":\"en-US\",\"@id\":\"https:\\\/\\\/gronau-inside.de\\\/en#\\\/schema\\\/logo\\\/image\\\/\",\"url\":\"https:\\\/\\\/gronau-inside.de\\\/wp-content\\\/uploads\\\/2020\\\/10\\\/01_gronau-logo_weissaufweiss_Schriftzug-1.png\",\"contentUrl\":\"https:\\\/\\\/gronau-inside.de\\\/wp-content\\\/uploads\\\/2020\\\/10\\\/01_gronau-logo_weissaufweiss_Schriftzug-1.png\",\"width\":254,\"height\":246,\"caption\":\"Gronau Inside\"},\"image\":{\"@id\":\"https:\\\/\\\/gronau-inside.de\\\/en#\\\/schema\\\/logo\\\/image\\\/\"}},{\"@type\":\"Person\",\"@id\":\"https:\\\/\\\/gronau-inside.de\\\/en#\\\/schema\\\/person\\\/f2e1f5c91cd43ca8b12ddf26d7546e29\",\"name\":\"Gronau Inside\"}]}<\/script>\n<!-- \/ Yoast SEO plugin. -->","yoast_head_json":{"title":"Benjamin Poliak, Kim Catrin oder Florian Stein....die Slammer f\u00fcr den 21. Gro... - Gronau Inside","robots":{"index":"index","follow":"follow","max-snippet":"max-snippet:-1","max-image-preview":"max-image-preview:large","max-video-preview":"max-video-preview:-1"},"canonical":"https:\/\/gronau-inside.de\/en\/benjamin-poliak-kim-catrin-oder-florian-stein-die-slammer-fuer-den-21-gro","og_locale":"en_US","og_type":"article","og_title":"Benjamin Poliak, Kim Catrin oder Florian Stein....die Slammer f\u00fcr den 21. Gro... - Gronau Inside","og_description":"Benjamin Poliak, Kim Catrin oder Florian Stein&#8230;.die Slammer f\u00fcr den 21. Gronauer Poetry Slam stehen fest!\ud83e\udd29 Sie treten am 25. November auf der B\u00fchne des Cinetech Gronau mit ausschlie\u00dflich selbst [&hellip;]","og_url":"https:\/\/gronau-inside.de\/en\/benjamin-poliak-kim-catrin-oder-florian-stein-die-slammer-fuer-den-21-gro","og_site_name":"Gronau Inside","article_published_time":"2024-10-12T08:12:05+00:00","author":"Gronau Inside","twitter_card":"summary_large_image","twitter_misc":{"Written by":"Gronau Inside","Est. reading time":"1 minute"},"schema":{"@context":"https:\/\/schema.org","@graph":[{"@type":"Article","@id":"https:\/\/gronau-inside.de\/en\/benjamin-poliak-kim-catrin-oder-florian-stein-die-slammer-fuer-den-21-gro#article","isPartOf":{"@id":"https:\/\/gronau-inside.de\/en\/benjamin-poliak-kim-catrin-oder-florian-stein-die-slammer-fuer-den-21-gro"},"author":{"name":"Gronau Inside","@id":"https:\/\/gronau-inside.de\/en#\/schema\/person\/f2e1f5c91cd43ca8b12ddf26d7546e29"},"headline":"Benjamin Poliak, Kim Catrin oder Florian Stein&#8230;.die Slammer f\u00fcr den 21. Gro&#8230;","datePublished":"2024-10-12T08:12:05+00:00","mainEntityOfPage":{"@id":"https:\/\/gronau-inside.de\/en\/benjamin-poliak-kim-catrin-oder-florian-stein-die-slammer-fuer-den-21-gro"},"wordCount":116,"publisher":{"@id":"https:\/\/gronau-inside.de\/en#organization"},"image":{"@id":"https:\/\/gronau-inside.de\/en\/benjamin-poliak-kim-catrin-oder-florian-stein-die-slammer-fuer-den-21-gro#primaryimage"},"thumbnailUrl":"https:\/\/gronau-inside.de\/wp-content\/uploads\/2024\/10\/461278171_1046396340824465_3233222687056725370_n.jpg","articleSection":["#ANGESAGT"],"inLanguage":"en-US"},{"@type":"WebPage","@id":"https:\/\/gronau-inside.de\/en\/benjamin-poliak-kim-catrin-oder-florian-stein-die-slammer-fuer-den-21-gro","url":"https:\/\/gronau-inside.de\/en\/benjamin-poliak-kim-catrin-oder-florian-stein-die-slammer-fuer-den-21-gro","name":"Benjamin Poliak, Kim Catrin oder Florian Stein....die Slammer f\u00fcr den 21. Gro... - Gronau Inside","isPartOf":{"@id":"https:\/\/gronau-inside.de\/en#website"},"primaryImageOfPage":{"@id":"https:\/\/gronau-inside.de\/en\/benjamin-poliak-kim-catrin-oder-florian-stein-die-slammer-fuer-den-21-gro#primaryimage"},"image":{"@id":"https:\/\/gronau-inside.de\/en\/benjamin-poliak-kim-catrin-oder-florian-stein-die-slammer-fuer-den-21-gro#primaryimage"},"thumbnailUrl":"https:\/\/gronau-inside.de\/wp-content\/uploads\/2024\/10\/461278171_1046396340824465_3233222687056725370_n.jpg","datePublished":"2024-10-12T08:12:05+00:00","breadcrumb":{"@id":"https:\/\/gronau-inside.de\/en\/benjamin-poliak-kim-catrin-oder-florian-stein-die-slammer-fuer-den-21-gro#breadcrumb"},"inLanguage":"en-US","potentialAction":[{"@type":"ReadAction","target":["https:\/\/gronau-inside.de\/en\/benjamin-poliak-kim-catrin-oder-florian-stein-die-slammer-fuer-den-21-gro"]}]},{"@type":"ImageObject","inLanguage":"en-US","@id":"https:\/\/gronau-inside.de\/en\/benjamin-poliak-kim-catrin-oder-florian-stein-die-slammer-fuer-den-21-gro#primaryimage","url":"https:\/\/gronau-inside.de\/wp-content\/uploads\/2024\/10\/461278171_1046396340824465_3233222687056725370_n.jpg","contentUrl":"https:\/\/gronau-inside.de\/wp-content\/uploads\/2024\/10\/461278171_1046396340824465_3233222687056725370_n.jpg","width":1080,"height":720},{"@type":"BreadcrumbList","@id":"https:\/\/gronau-inside.de\/en\/benjamin-poliak-kim-catrin-oder-florian-stein-die-slammer-fuer-den-21-gro#breadcrumb","itemListElement":[{"@type":"ListItem","position":1,"name":"Startseite","item":"https:\/\/gronau-inside.de\/en\/home-page"},{"@type":"ListItem","position":2,"name":"Benjamin Poliak, Kim Catrin oder Florian Stein&#8230;.die Slammer f\u00fcr den 21. Gro&#8230;"}]},{"@type":"WebSite","@id":"https:\/\/gronau-inside.de\/en#website","url":"https:\/\/gronau-inside.de\/en","name":"Gronau Inside","description":"Musikstadt im Gr\u00fcnen","publisher":{"@id":"https:\/\/gronau-inside.de\/en#organization"},"potentialAction":[{"@type":"SearchAction","target":{"@type":"EntryPoint","urlTemplate":"https:\/\/gronau-inside.de\/en?s={search_term_string}"},"query-input":{"@type":"PropertyValueSpecification","valueRequired":true,"valueName":"search_term_string"}}],"inLanguage":"en-US"},{"@type":"Organization","@id":"https:\/\/gronau-inside.de\/en#organization","name":"Gronau Inside","url":"https:\/\/gronau-inside.de\/en","logo":{"@type":"ImageObject","inLanguage":"en-US","@id":"https:\/\/gronau-inside.de\/en#\/schema\/logo\/image\/","url":"https:\/\/gronau-inside.de\/wp-content\/uploads\/2020\/10\/01_gronau-logo_weissaufweiss_Schriftzug-1.png","contentUrl":"https:\/\/gronau-inside.de\/wp-content\/uploads\/2020\/10\/01_gronau-logo_weissaufweiss_Schriftzug-1.png","width":254,"height":246,"caption":"Gronau Inside"},"image":{"@id":"https:\/\/gronau-inside.de\/en#\/schema\/logo\/image\/"}},{"@type":"Person","@id":"https:\/\/gronau-inside.de\/en#\/schema\/person\/f2e1f5c91cd43ca8b12ddf26d7546e29","name":"Gronau Inside"}]}},"_links":{"self":[{"href":"https:\/\/gronau-inside.de\/en\/wp-json\/wp\/v2\/posts\/70170","targetHints":{"allow":["GET"]}}],"collection":[{"href":"https:\/\/gronau-inside.de\/en\/wp-json\/wp\/v2\/posts"}],"about":[{"href":"https:\/\/gronau-inside.de\/en\/wp-json\/wp\/v2\/types\/post"}],"author":[{"embeddable":true,"href":"https:\/\/gronau-inside.de\/en\/wp-json\/wp\/v2\/users\/2"}],"replies":[{"embeddable":true,"href":"https:\/\/gronau-inside.de\/en\/wp-json\/wp\/v2\/comments?post=70170"}],"version-history":[{"count":0,"href":"https:\/\/gronau-inside.de\/en\/wp-json\/wp\/v2\/posts\/70170\/revisions"}],"wp:featuredmedia":[{"embeddable":true,"href":"https:\/\/gronau-inside.de\/en\/wp-json\/wp\/v2\/media\/70167"}],"wp:attachment":[{"href":"https:\/\/gronau-inside.de\/en\/wp-json\/wp\/v2\/media?parent=70170"}],"wp:term":[{"taxonomy":"category","embeddable":true,"href":"https:\/\/gronau-inside.de\/en\/wp-json\/wp\/v2\/categories?post=70170"},{"taxonomy":"post_tag","embeddable":true,"href":"https:\/\/gronau-inside.de\/en\/wp-json\/wp\/v2\/tags?post=70170"}],"curies":[{"name":"wp","href":"https:\/\/api.w.org\/{rel}","templated":true}]}}