{"id":70252,"date":"2024-10-16T14:07:54","date_gmt":"2024-10-16T12:07:54","guid":{"rendered":"https:\/\/gronau-inside.de\/am-24-oktober-ist-tag-der-bibliotheken-auch-die-stadtbuecherei-gronau-ist-d"},"modified":"2024-10-16T14:07:54","modified_gmt":"2024-10-16T12:07:54","slug":"am-24-oktober-ist-tag-der-bibliotheken-auch-die-stadtbuecherei-gronau-ist-d","status":"publish","type":"post","link":"https:\/\/gronau-inside.de\/en\/am-24-oktober-ist-tag-der-bibliotheken-auch-die-stadtbuecherei-gronau-ist-d","title":{"rendered":"Am 24. Oktober ist Tag der Bibliotheken &#038; auch die Stadtb\u00fccherei Gronau ist d&#8230;"},"content":{"rendered":"<p>Am 24. Oktober ist Tag der Bibliotheken &#038; auch die Stadtb\u00fccherei Gronau ist dabei! \ud83d\ude0a<\/p>\n<p>An diesem Tag l\u00e4dt die Stadtb\u00fccherei Gronau zu einer Kuscheltierparty ein. Montag, Dienstag &#038; Mittwoch ( 21.-23.10.) k\u00f6nnen Kids ihr Kuscheltier abgeben. Am 24.10. findet dann um 16 Uhr eine gemeinsame Vorlesestunde statt. Nach dieser kann das Kuscheltier gemeinsam mit coolen Fotos von Erlebnissen der Kuscheltiere wieder mitgenommen werden. <\/p>\n<p>Kommt mit euren Kids vorbei &#038; schaut, welche Abendteuer die Kuscheltiere erlebt haben. \ud83d\ude0e<\/p>\n","protected":false},"excerpt":{"rendered":"<p>Am 24. Oktober ist Tag der Bibliotheken &#038; auch die Stadtb\u00fccherei Gronau ist dabei! \ud83d\ude0a An diesem Tag l\u00e4dt die Stadtb\u00fccherei Gronau zu einer Kuscheltierparty ein. Montag, Dienstag &#038; Mittwoch [&hellip;]<\/p>\n","protected":false},"author":2,"featured_media":70249,"comment_status":"","ping_status":"","sticky":false,"template":"","format":"standard","meta":{"_acf_changed":false,"_price":"","_stock":"","_tribe_ticket_header":"","_tribe_default_ticket_provider":"","_tribe_ticket_capacity":"","_ticket_start_date":"","_ticket_end_date":"","_tribe_ticket_show_description":"","_tribe_ticket_show_not_going":false,"_tribe_ticket_use_global_stock":"","_tribe_ticket_global_stock_level":"","_global_stock_mode":"","_global_stock_cap":"","_tribe_rsvp_for_event":"","_tribe_ticket_going_count":"","_tribe_ticket_not_going_count":"","_tribe_tickets_list":"[]","_tribe_ticket_has_attendee_info_fields":false,"footnotes":""},"categories":[21],"tags":[],"class_list":["post-70252","post","type-post","status-publish","format-standard","has-post-thumbnail","hentry","category-angesagt"],"acf":[],"yoast_head":"<!-- This site is optimized with the Yoast SEO plugin v27.5 - https:\/\/yoast.com\/product\/yoast-seo-wordpress\/ -->\n<title>Am 24. Oktober ist Tag der Bibliotheken &amp; auch die Stadtb\u00fccherei Gronau ist d... - Gronau Inside<\/title>\n<meta name=\"robots\" content=\"index, follow, max-snippet:-1, max-image-preview:large, max-video-preview:-1\" \/>\n<link rel=\"canonical\" href=\"https:\/\/gronau-inside.de\/en\/am-24-oktober-ist-tag-der-bibliotheken-auch-die-stadtbuecherei-gronau-ist-d\" \/>\n<meta property=\"og:locale\" content=\"en_US\" \/>\n<meta property=\"og:type\" content=\"article\" \/>\n<meta property=\"og:title\" content=\"Am 24. Oktober ist Tag der Bibliotheken &amp; auch die Stadtb\u00fccherei Gronau ist d... - Gronau Inside\" \/>\n<meta property=\"og:description\" content=\"Am 24. Oktober ist Tag der Bibliotheken &#038; auch die Stadtb\u00fccherei Gronau ist dabei! \ud83d\ude0a An diesem Tag l\u00e4dt die Stadtb\u00fccherei Gronau zu einer Kuscheltierparty ein. Montag, Dienstag &#038; Mittwoch [&hellip;]\" \/>\n<meta property=\"og:url\" content=\"https:\/\/gronau-inside.de\/en\/am-24-oktober-ist-tag-der-bibliotheken-auch-die-stadtbuecherei-gronau-ist-d\" \/>\n<meta property=\"og:site_name\" content=\"Gronau Inside\" \/>\n<meta property=\"article:published_time\" content=\"2024-10-16T12:07:54+00:00\" \/>\n<meta name=\"author\" content=\"Gronau Inside\" \/>\n<meta name=\"twitter:card\" content=\"summary_large_image\" \/>\n<meta name=\"twitter:label1\" content=\"Written by\" \/>\n\t<meta name=\"twitter:data1\" content=\"Gronau Inside\" \/>\n<script type=\"application\/ld+json\" class=\"yoast-schema-graph\">{\"@context\":\"https:\\\/\\\/schema.org\",\"@graph\":[{\"@type\":\"Article\",\"@id\":\"https:\\\/\\\/gronau-inside.de\\\/en\\\/am-24-oktober-ist-tag-der-bibliotheken-auch-die-stadtbuecherei-gronau-ist-d#article\",\"isPartOf\":{\"@id\":\"https:\\\/\\\/gronau-inside.de\\\/en\\\/am-24-oktober-ist-tag-der-bibliotheken-auch-die-stadtbuecherei-gronau-ist-d\"},\"author\":{\"name\":\"Gronau Inside\",\"@id\":\"https:\\\/\\\/gronau-inside.de\\\/en#\\\/schema\\\/person\\\/f2e1f5c91cd43ca8b12ddf26d7546e29\"},\"headline\":\"Am 24. Oktober ist Tag der Bibliotheken &#038; auch die Stadtb\u00fccherei Gronau ist d&#8230;\",\"datePublished\":\"2024-10-16T12:07:54+00:00\",\"mainEntityOfPage\":{\"@id\":\"https:\\\/\\\/gronau-inside.de\\\/en\\\/am-24-oktober-ist-tag-der-bibliotheken-auch-die-stadtbuecherei-gronau-ist-d\"},\"wordCount\":86,\"publisher\":{\"@id\":\"https:\\\/\\\/gronau-inside.de\\\/en#organization\"},\"image\":{\"@id\":\"https:\\\/\\\/gronau-inside.de\\\/en\\\/am-24-oktober-ist-tag-der-bibliotheken-auch-die-stadtbuecherei-gronau-ist-d#primaryimage\"},\"thumbnailUrl\":\"https:\\\/\\\/gronau-inside.de\\\/wp-content\\\/uploads\\\/2024\\\/10\\\/461989387_1053572243440208_4852278208752989886_n.jpg\",\"articleSection\":[\"#ANGESAGT\"],\"inLanguage\":\"en-US\"},{\"@type\":\"WebPage\",\"@id\":\"https:\\\/\\\/gronau-inside.de\\\/en\\\/am-24-oktober-ist-tag-der-bibliotheken-auch-die-stadtbuecherei-gronau-ist-d\",\"url\":\"https:\\\/\\\/gronau-inside.de\\\/en\\\/am-24-oktober-ist-tag-der-bibliotheken-auch-die-stadtbuecherei-gronau-ist-d\",\"name\":\"Am 24. Oktober ist Tag der Bibliotheken & auch die Stadtb\u00fccherei Gronau ist d... - Gronau Inside\",\"isPartOf\":{\"@id\":\"https:\\\/\\\/gronau-inside.de\\\/en#website\"},\"primaryImageOfPage\":{\"@id\":\"https:\\\/\\\/gronau-inside.de\\\/en\\\/am-24-oktober-ist-tag-der-bibliotheken-auch-die-stadtbuecherei-gronau-ist-d#primaryimage\"},\"image\":{\"@id\":\"https:\\\/\\\/gronau-inside.de\\\/en\\\/am-24-oktober-ist-tag-der-bibliotheken-auch-die-stadtbuecherei-gronau-ist-d#primaryimage\"},\"thumbnailUrl\":\"https:\\\/\\\/gronau-inside.de\\\/wp-content\\\/uploads\\\/2024\\\/10\\\/461989387_1053572243440208_4852278208752989886_n.jpg\",\"datePublished\":\"2024-10-16T12:07:54+00:00\",\"breadcrumb\":{\"@id\":\"https:\\\/\\\/gronau-inside.de\\\/en\\\/am-24-oktober-ist-tag-der-bibliotheken-auch-die-stadtbuecherei-gronau-ist-d#breadcrumb\"},\"inLanguage\":\"en-US\",\"potentialAction\":[{\"@type\":\"ReadAction\",\"target\":[\"https:\\\/\\\/gronau-inside.de\\\/en\\\/am-24-oktober-ist-tag-der-bibliotheken-auch-die-stadtbuecherei-gronau-ist-d\"]}]},{\"@type\":\"ImageObject\",\"inLanguage\":\"en-US\",\"@id\":\"https:\\\/\\\/gronau-inside.de\\\/en\\\/am-24-oktober-ist-tag-der-bibliotheken-auch-die-stadtbuecherei-gronau-ist-d#primaryimage\",\"url\":\"https:\\\/\\\/gronau-inside.de\\\/wp-content\\\/uploads\\\/2024\\\/10\\\/461989387_1053572243440208_4852278208752989886_n.jpg\",\"contentUrl\":\"https:\\\/\\\/gronau-inside.de\\\/wp-content\\\/uploads\\\/2024\\\/10\\\/461989387_1053572243440208_4852278208752989886_n.jpg\",\"width\":720,\"height\":1018},{\"@type\":\"BreadcrumbList\",\"@id\":\"https:\\\/\\\/gronau-inside.de\\\/en\\\/am-24-oktober-ist-tag-der-bibliotheken-auch-die-stadtbuecherei-gronau-ist-d#breadcrumb\",\"itemListElement\":[{\"@type\":\"ListItem\",\"position\":1,\"name\":\"Startseite\",\"item\":\"https:\\\/\\\/gronau-inside.de\\\/en\\\/home-page\"},{\"@type\":\"ListItem\",\"position\":2,\"name\":\"Am 24. Oktober ist Tag der Bibliotheken &#038; auch die Stadtb\u00fccherei Gronau ist d&#8230;\"}]},{\"@type\":\"WebSite\",\"@id\":\"https:\\\/\\\/gronau-inside.de\\\/en#website\",\"url\":\"https:\\\/\\\/gronau-inside.de\\\/en\",\"name\":\"Gronau Inside\",\"description\":\"Musikstadt im Gr\u00fcnen\",\"publisher\":{\"@id\":\"https:\\\/\\\/gronau-inside.de\\\/en#organization\"},\"potentialAction\":[{\"@type\":\"SearchAction\",\"target\":{\"@type\":\"EntryPoint\",\"urlTemplate\":\"https:\\\/\\\/gronau-inside.de\\\/en?s={search_term_string}\"},\"query-input\":{\"@type\":\"PropertyValueSpecification\",\"valueRequired\":true,\"valueName\":\"search_term_string\"}}],\"inLanguage\":\"en-US\"},{\"@type\":\"Organization\",\"@id\":\"https:\\\/\\\/gronau-inside.de\\\/en#organization\",\"name\":\"Gronau Inside\",\"url\":\"https:\\\/\\\/gronau-inside.de\\\/en\",\"logo\":{\"@type\":\"ImageObject\",\"inLanguage\":\"en-US\",\"@id\":\"https:\\\/\\\/gronau-inside.de\\\/en#\\\/schema\\\/logo\\\/image\\\/\",\"url\":\"https:\\\/\\\/gronau-inside.de\\\/wp-content\\\/uploads\\\/2020\\\/10\\\/01_gronau-logo_weissaufweiss_Schriftzug-1.png\",\"contentUrl\":\"https:\\\/\\\/gronau-inside.de\\\/wp-content\\\/uploads\\\/2020\\\/10\\\/01_gronau-logo_weissaufweiss_Schriftzug-1.png\",\"width\":254,\"height\":246,\"caption\":\"Gronau Inside\"},\"image\":{\"@id\":\"https:\\\/\\\/gronau-inside.de\\\/en#\\\/schema\\\/logo\\\/image\\\/\"}},{\"@type\":\"Person\",\"@id\":\"https:\\\/\\\/gronau-inside.de\\\/en#\\\/schema\\\/person\\\/f2e1f5c91cd43ca8b12ddf26d7546e29\",\"name\":\"Gronau Inside\"}]}<\/script>\n<!-- \/ Yoast SEO plugin. -->","yoast_head_json":{"title":"Am 24. Oktober ist Tag der Bibliotheken & auch die Stadtb\u00fccherei Gronau ist d... - Gronau Inside","robots":{"index":"index","follow":"follow","max-snippet":"max-snippet:-1","max-image-preview":"max-image-preview:large","max-video-preview":"max-video-preview:-1"},"canonical":"https:\/\/gronau-inside.de\/en\/am-24-oktober-ist-tag-der-bibliotheken-auch-die-stadtbuecherei-gronau-ist-d","og_locale":"en_US","og_type":"article","og_title":"Am 24. Oktober ist Tag der Bibliotheken & auch die Stadtb\u00fccherei Gronau ist d... - Gronau Inside","og_description":"Am 24. Oktober ist Tag der Bibliotheken &#038; auch die Stadtb\u00fccherei Gronau ist dabei! \ud83d\ude0a An diesem Tag l\u00e4dt die Stadtb\u00fccherei Gronau zu einer Kuscheltierparty ein. Montag, Dienstag &#038; Mittwoch [&hellip;]","og_url":"https:\/\/gronau-inside.de\/en\/am-24-oktober-ist-tag-der-bibliotheken-auch-die-stadtbuecherei-gronau-ist-d","og_site_name":"Gronau Inside","article_published_time":"2024-10-16T12:07:54+00:00","author":"Gronau Inside","twitter_card":"summary_large_image","twitter_misc":{"Written by":"Gronau Inside"},"schema":{"@context":"https:\/\/schema.org","@graph":[{"@type":"Article","@id":"https:\/\/gronau-inside.de\/en\/am-24-oktober-ist-tag-der-bibliotheken-auch-die-stadtbuecherei-gronau-ist-d#article","isPartOf":{"@id":"https:\/\/gronau-inside.de\/en\/am-24-oktober-ist-tag-der-bibliotheken-auch-die-stadtbuecherei-gronau-ist-d"},"author":{"name":"Gronau Inside","@id":"https:\/\/gronau-inside.de\/en#\/schema\/person\/f2e1f5c91cd43ca8b12ddf26d7546e29"},"headline":"Am 24. Oktober ist Tag der Bibliotheken &#038; auch die Stadtb\u00fccherei Gronau ist d&#8230;","datePublished":"2024-10-16T12:07:54+00:00","mainEntityOfPage":{"@id":"https:\/\/gronau-inside.de\/en\/am-24-oktober-ist-tag-der-bibliotheken-auch-die-stadtbuecherei-gronau-ist-d"},"wordCount":86,"publisher":{"@id":"https:\/\/gronau-inside.de\/en#organization"},"image":{"@id":"https:\/\/gronau-inside.de\/en\/am-24-oktober-ist-tag-der-bibliotheken-auch-die-stadtbuecherei-gronau-ist-d#primaryimage"},"thumbnailUrl":"https:\/\/gronau-inside.de\/wp-content\/uploads\/2024\/10\/461989387_1053572243440208_4852278208752989886_n.jpg","articleSection":["#ANGESAGT"],"inLanguage":"en-US"},{"@type":"WebPage","@id":"https:\/\/gronau-inside.de\/en\/am-24-oktober-ist-tag-der-bibliotheken-auch-die-stadtbuecherei-gronau-ist-d","url":"https:\/\/gronau-inside.de\/en\/am-24-oktober-ist-tag-der-bibliotheken-auch-die-stadtbuecherei-gronau-ist-d","name":"Am 24. Oktober ist Tag der Bibliotheken & auch die Stadtb\u00fccherei Gronau ist d... - Gronau Inside","isPartOf":{"@id":"https:\/\/gronau-inside.de\/en#website"},"primaryImageOfPage":{"@id":"https:\/\/gronau-inside.de\/en\/am-24-oktober-ist-tag-der-bibliotheken-auch-die-stadtbuecherei-gronau-ist-d#primaryimage"},"image":{"@id":"https:\/\/gronau-inside.de\/en\/am-24-oktober-ist-tag-der-bibliotheken-auch-die-stadtbuecherei-gronau-ist-d#primaryimage"},"thumbnailUrl":"https:\/\/gronau-inside.de\/wp-content\/uploads\/2024\/10\/461989387_1053572243440208_4852278208752989886_n.jpg","datePublished":"2024-10-16T12:07:54+00:00","breadcrumb":{"@id":"https:\/\/gronau-inside.de\/en\/am-24-oktober-ist-tag-der-bibliotheken-auch-die-stadtbuecherei-gronau-ist-d#breadcrumb"},"inLanguage":"en-US","potentialAction":[{"@type":"ReadAction","target":["https:\/\/gronau-inside.de\/en\/am-24-oktober-ist-tag-der-bibliotheken-auch-die-stadtbuecherei-gronau-ist-d"]}]},{"@type":"ImageObject","inLanguage":"en-US","@id":"https:\/\/gronau-inside.de\/en\/am-24-oktober-ist-tag-der-bibliotheken-auch-die-stadtbuecherei-gronau-ist-d#primaryimage","url":"https:\/\/gronau-inside.de\/wp-content\/uploads\/2024\/10\/461989387_1053572243440208_4852278208752989886_n.jpg","contentUrl":"https:\/\/gronau-inside.de\/wp-content\/uploads\/2024\/10\/461989387_1053572243440208_4852278208752989886_n.jpg","width":720,"height":1018},{"@type":"BreadcrumbList","@id":"https:\/\/gronau-inside.de\/en\/am-24-oktober-ist-tag-der-bibliotheken-auch-die-stadtbuecherei-gronau-ist-d#breadcrumb","itemListElement":[{"@type":"ListItem","position":1,"name":"Startseite","item":"https:\/\/gronau-inside.de\/en\/home-page"},{"@type":"ListItem","position":2,"name":"Am 24. Oktober ist Tag der Bibliotheken &#038; auch die Stadtb\u00fccherei Gronau ist d&#8230;"}]},{"@type":"WebSite","@id":"https:\/\/gronau-inside.de\/en#website","url":"https:\/\/gronau-inside.de\/en","name":"Gronau Inside","description":"Musikstadt im Gr\u00fcnen","publisher":{"@id":"https:\/\/gronau-inside.de\/en#organization"},"potentialAction":[{"@type":"SearchAction","target":{"@type":"EntryPoint","urlTemplate":"https:\/\/gronau-inside.de\/en?s={search_term_string}"},"query-input":{"@type":"PropertyValueSpecification","valueRequired":true,"valueName":"search_term_string"}}],"inLanguage":"en-US"},{"@type":"Organization","@id":"https:\/\/gronau-inside.de\/en#organization","name":"Gronau Inside","url":"https:\/\/gronau-inside.de\/en","logo":{"@type":"ImageObject","inLanguage":"en-US","@id":"https:\/\/gronau-inside.de\/en#\/schema\/logo\/image\/","url":"https:\/\/gronau-inside.de\/wp-content\/uploads\/2020\/10\/01_gronau-logo_weissaufweiss_Schriftzug-1.png","contentUrl":"https:\/\/gronau-inside.de\/wp-content\/uploads\/2020\/10\/01_gronau-logo_weissaufweiss_Schriftzug-1.png","width":254,"height":246,"caption":"Gronau Inside"},"image":{"@id":"https:\/\/gronau-inside.de\/en#\/schema\/logo\/image\/"}},{"@type":"Person","@id":"https:\/\/gronau-inside.de\/en#\/schema\/person\/f2e1f5c91cd43ca8b12ddf26d7546e29","name":"Gronau Inside"}]}},"_links":{"self":[{"href":"https:\/\/gronau-inside.de\/en\/wp-json\/wp\/v2\/posts\/70252","targetHints":{"allow":["GET"]}}],"collection":[{"href":"https:\/\/gronau-inside.de\/en\/wp-json\/wp\/v2\/posts"}],"about":[{"href":"https:\/\/gronau-inside.de\/en\/wp-json\/wp\/v2\/types\/post"}],"author":[{"embeddable":true,"href":"https:\/\/gronau-inside.de\/en\/wp-json\/wp\/v2\/users\/2"}],"replies":[{"embeddable":true,"href":"https:\/\/gronau-inside.de\/en\/wp-json\/wp\/v2\/comments?post=70252"}],"version-history":[{"count":0,"href":"https:\/\/gronau-inside.de\/en\/wp-json\/wp\/v2\/posts\/70252\/revisions"}],"wp:featuredmedia":[{"embeddable":true,"href":"https:\/\/gronau-inside.de\/en\/wp-json\/wp\/v2\/media\/70249"}],"wp:attachment":[{"href":"https:\/\/gronau-inside.de\/en\/wp-json\/wp\/v2\/media?parent=70252"}],"wp:term":[{"taxonomy":"category","embeddable":true,"href":"https:\/\/gronau-inside.de\/en\/wp-json\/wp\/v2\/categories?post=70252"},{"taxonomy":"post_tag","embeddable":true,"href":"https:\/\/gronau-inside.de\/en\/wp-json\/wp\/v2\/tags?post=70252"}],"curies":[{"name":"wp","href":"https:\/\/api.w.org\/{rel}","templated":true}]}}