{"id":82192,"date":"2025-07-15T16:47:09","date_gmt":"2025-07-15T14:47:09","guid":{"rendered":"https:\/\/gronau-inside.de\/officially-rename-the-eper-pond-the-eper-meer-what-do-you-think-%f0%9f%98%8e-ep"},"modified":"2025-07-15T16:47:09","modified_gmt":"2025-07-15T14:47:09","slug":"officially-rename-the-eper-pond-the-eper-meer-what-do-you-think-%f0%9f%98%8e-ep","status":"publish","type":"post","link":"https:\/\/gronau-inside.de\/en\/officially-rename-the-eper-pond-the-eper-meer-what-do-you-think-%f0%9f%98%8e-ep","title":{"rendered":"Officially rename the Eper pond the Eper Meer? What do you think? \ud83d\ude0e #ep&#8230;"},"content":{"rendered":"<p>Officially rename the Eper pond the Eper Meer? What do you think? \ud83d\ude0e #epermeer #epe #gronauinside #gronau  <\/p>\n","protected":false},"excerpt":{"rendered":"<p>Officially rename the Eper pond the Eper Meer? What do you think? \ud83d\ude0e #epermeer #epe #gronauinside #gronau<\/p>\n","protected":false},"author":2,"featured_media":82190,"comment_status":"","ping_status":"","sticky":false,"template":"","format":"standard","meta":{"_acf_changed":false,"_price":"","_stock":"","_tribe_ticket_header":"","_tribe_default_ticket_provider":"","_tribe_ticket_capacity":"","_ticket_start_date":"","_ticket_end_date":"","_tribe_ticket_show_description":"","_tribe_ticket_show_not_going":false,"_tribe_ticket_use_global_stock":"","_tribe_ticket_global_stock_level":"","_global_stock_mode":"","_global_stock_cap":"","_tribe_rsvp_for_event":"","_tribe_ticket_going_count":"","_tribe_ticket_not_going_count":"","_tribe_tickets_list":"[]","_tribe_ticket_has_attendee_info_fields":false,"footnotes":""},"categories":[426],"tags":[],"class_list":["post-82192","post","type-post","status-publish","format-standard","has-post-thumbnail","hentry","category-angesagt-en"],"acf":[],"yoast_head":"<!-- This site is optimized with the Yoast SEO plugin v27.5 - https:\/\/yoast.com\/product\/yoast-seo-wordpress\/ -->\n<title>Officially rename the Eper pond the Eper Meer? What do you think? \ud83d\ude0e #ep... - Gronau Inside<\/title>\n<meta name=\"robots\" content=\"index, follow, max-snippet:-1, max-image-preview:large, max-video-preview:-1\" \/>\n<link rel=\"canonical\" href=\"https:\/\/gronau-inside.de\/en\/officially-rename-the-eper-pond-the-eper-meer-what-do-you-think-%f0%9f%98%8e-ep\" \/>\n<meta property=\"og:locale\" content=\"en_US\" \/>\n<meta property=\"og:type\" content=\"article\" \/>\n<meta property=\"og:title\" content=\"Officially rename the Eper pond the Eper Meer? What do you think? \ud83d\ude0e #ep... - Gronau Inside\" \/>\n<meta property=\"og:description\" content=\"Officially rename the Eper pond the Eper Meer? What do you think? \ud83d\ude0e #epermeer #epe #gronauinside #gronau\" \/>\n<meta property=\"og:url\" content=\"https:\/\/gronau-inside.de\/en\/officially-rename-the-eper-pond-the-eper-meer-what-do-you-think-%f0%9f%98%8e-ep\" \/>\n<meta property=\"og:site_name\" content=\"Gronau Inside\" \/>\n<meta property=\"article:published_time\" content=\"2025-07-15T14:47:09+00:00\" \/>\n<meta name=\"author\" content=\"Gronau Inside\" \/>\n<meta name=\"twitter:card\" content=\"summary_large_image\" \/>\n<meta name=\"twitter:label1\" content=\"Written by\" \/>\n\t<meta name=\"twitter:data1\" content=\"Gronau Inside\" \/>\n<script type=\"application\/ld+json\" class=\"yoast-schema-graph\">{\"@context\":\"https:\\\/\\\/schema.org\",\"@graph\":[{\"@type\":\"Article\",\"@id\":\"https:\\\/\\\/gronau-inside.de\\\/en\\\/officially-rename-the-eper-pond-the-eper-meer-what-do-you-think-%f0%9f%98%8e-ep#article\",\"isPartOf\":{\"@id\":\"https:\\\/\\\/gronau-inside.de\\\/en\\\/officially-rename-the-eper-pond-the-eper-meer-what-do-you-think-%f0%9f%98%8e-ep\"},\"author\":{\"name\":\"Gronau Inside\",\"@id\":\"https:\\\/\\\/gronau-inside.de\\\/en#\\\/schema\\\/person\\\/f2e1f5c91cd43ca8b12ddf26d7546e29\"},\"headline\":\"Officially rename the Eper pond the Eper Meer? What do you think? \ud83d\ude0e #ep&#8230;\",\"datePublished\":\"2025-07-15T14:47:09+00:00\",\"mainEntityOfPage\":{\"@id\":\"https:\\\/\\\/gronau-inside.de\\\/en\\\/officially-rename-the-eper-pond-the-eper-meer-what-do-you-think-%f0%9f%98%8e-ep\"},\"wordCount\":29,\"publisher\":{\"@id\":\"https:\\\/\\\/gronau-inside.de\\\/en#organization\"},\"image\":{\"@id\":\"https:\\\/\\\/gronau-inside.de\\\/en\\\/officially-rename-the-eper-pond-the-eper-meer-what-do-you-think-%f0%9f%98%8e-ep#primaryimage\"},\"thumbnailUrl\":\"https:\\\/\\\/gronau-inside.de\\\/wp-content\\\/uploads\\\/2025\\\/07\\\/520381949_1789864821564735_1255846622684299626_n.jpg\",\"articleSection\":[\"#ANGESAGT\"],\"inLanguage\":\"en-US\"},{\"@type\":\"WebPage\",\"@id\":\"https:\\\/\\\/gronau-inside.de\\\/en\\\/officially-rename-the-eper-pond-the-eper-meer-what-do-you-think-%f0%9f%98%8e-ep\",\"url\":\"https:\\\/\\\/gronau-inside.de\\\/en\\\/officially-rename-the-eper-pond-the-eper-meer-what-do-you-think-%f0%9f%98%8e-ep\",\"name\":\"Officially rename the Eper pond the Eper Meer? What do you think? \ud83d\ude0e #ep... - Gronau Inside\",\"isPartOf\":{\"@id\":\"https:\\\/\\\/gronau-inside.de\\\/en#website\"},\"primaryImageOfPage\":{\"@id\":\"https:\\\/\\\/gronau-inside.de\\\/en\\\/officially-rename-the-eper-pond-the-eper-meer-what-do-you-think-%f0%9f%98%8e-ep#primaryimage\"},\"image\":{\"@id\":\"https:\\\/\\\/gronau-inside.de\\\/en\\\/officially-rename-the-eper-pond-the-eper-meer-what-do-you-think-%f0%9f%98%8e-ep#primaryimage\"},\"thumbnailUrl\":\"https:\\\/\\\/gronau-inside.de\\\/wp-content\\\/uploads\\\/2025\\\/07\\\/520381949_1789864821564735_1255846622684299626_n.jpg\",\"datePublished\":\"2025-07-15T14:47:09+00:00\",\"breadcrumb\":{\"@id\":\"https:\\\/\\\/gronau-inside.de\\\/en\\\/officially-rename-the-eper-pond-the-eper-meer-what-do-you-think-%f0%9f%98%8e-ep#breadcrumb\"},\"inLanguage\":\"en-US\",\"potentialAction\":[{\"@type\":\"ReadAction\",\"target\":[\"https:\\\/\\\/gronau-inside.de\\\/en\\\/officially-rename-the-eper-pond-the-eper-meer-what-do-you-think-%f0%9f%98%8e-ep\"]}]},{\"@type\":\"ImageObject\",\"inLanguage\":\"en-US\",\"@id\":\"https:\\\/\\\/gronau-inside.de\\\/en\\\/officially-rename-the-eper-pond-the-eper-meer-what-do-you-think-%f0%9f%98%8e-ep#primaryimage\",\"url\":\"https:\\\/\\\/gronau-inside.de\\\/wp-content\\\/uploads\\\/2025\\\/07\\\/520381949_1789864821564735_1255846622684299626_n.jpg\",\"contentUrl\":\"https:\\\/\\\/gronau-inside.de\\\/wp-content\\\/uploads\\\/2025\\\/07\\\/520381949_1789864821564735_1255846622684299626_n.jpg\",\"width\":405,\"height\":720,\"caption\":\"Ein Mann mit M\u00fctze steht an einem Teich und h\u00e4lt ein Schild mit der Aufschrift \\\"Eper Meer\\\" und Abbildungen von Wasser, einem Sprungbrett, einem Turm und einer schwimmenden Figur. Im Hintergrund sind \u00fcppige gr\u00fcne B\u00e4ume und ein Wasserspiel zu sehen.\"},{\"@type\":\"BreadcrumbList\",\"@id\":\"https:\\\/\\\/gronau-inside.de\\\/en\\\/officially-rename-the-eper-pond-the-eper-meer-what-do-you-think-%f0%9f%98%8e-ep#breadcrumb\",\"itemListElement\":[{\"@type\":\"ListItem\",\"position\":1,\"name\":\"Startseite\",\"item\":\"https:\\\/\\\/gronau-inside.de\\\/en\\\/home-page\"},{\"@type\":\"ListItem\",\"position\":2,\"name\":\"Officially rename the Eper pond the Eper Meer? What do you think? \ud83d\ude0e #ep&#8230;\"}]},{\"@type\":\"WebSite\",\"@id\":\"https:\\\/\\\/gronau-inside.de\\\/en#website\",\"url\":\"https:\\\/\\\/gronau-inside.de\\\/en\",\"name\":\"Gronau Inside\",\"description\":\"Musikstadt im Gr\u00fcnen\",\"publisher\":{\"@id\":\"https:\\\/\\\/gronau-inside.de\\\/en#organization\"},\"potentialAction\":[{\"@type\":\"SearchAction\",\"target\":{\"@type\":\"EntryPoint\",\"urlTemplate\":\"https:\\\/\\\/gronau-inside.de\\\/en?s={search_term_string}\"},\"query-input\":{\"@type\":\"PropertyValueSpecification\",\"valueRequired\":true,\"valueName\":\"search_term_string\"}}],\"inLanguage\":\"en-US\"},{\"@type\":\"Organization\",\"@id\":\"https:\\\/\\\/gronau-inside.de\\\/en#organization\",\"name\":\"Gronau Inside\",\"url\":\"https:\\\/\\\/gronau-inside.de\\\/en\",\"logo\":{\"@type\":\"ImageObject\",\"inLanguage\":\"en-US\",\"@id\":\"https:\\\/\\\/gronau-inside.de\\\/en#\\\/schema\\\/logo\\\/image\\\/\",\"url\":\"https:\\\/\\\/gronau-inside.de\\\/wp-content\\\/uploads\\\/2020\\\/10\\\/01_gronau-logo_weissaufweiss_Schriftzug-1.png\",\"contentUrl\":\"https:\\\/\\\/gronau-inside.de\\\/wp-content\\\/uploads\\\/2020\\\/10\\\/01_gronau-logo_weissaufweiss_Schriftzug-1.png\",\"width\":254,\"height\":246,\"caption\":\"Gronau Inside\"},\"image\":{\"@id\":\"https:\\\/\\\/gronau-inside.de\\\/en#\\\/schema\\\/logo\\\/image\\\/\"}},{\"@type\":\"Person\",\"@id\":\"https:\\\/\\\/gronau-inside.de\\\/en#\\\/schema\\\/person\\\/f2e1f5c91cd43ca8b12ddf26d7546e29\",\"name\":\"Gronau Inside\"}]}<\/script>\n<!-- \/ Yoast SEO plugin. -->","yoast_head_json":{"title":"Officially rename the Eper pond the Eper Meer? What do you think? \ud83d\ude0e #ep... - Gronau Inside","robots":{"index":"index","follow":"follow","max-snippet":"max-snippet:-1","max-image-preview":"max-image-preview:large","max-video-preview":"max-video-preview:-1"},"canonical":"https:\/\/gronau-inside.de\/en\/officially-rename-the-eper-pond-the-eper-meer-what-do-you-think-%f0%9f%98%8e-ep","og_locale":"en_US","og_type":"article","og_title":"Officially rename the Eper pond the Eper Meer? What do you think? \ud83d\ude0e #ep... - Gronau Inside","og_description":"Officially rename the Eper pond the Eper Meer? What do you think? \ud83d\ude0e #epermeer #epe #gronauinside #gronau","og_url":"https:\/\/gronau-inside.de\/en\/officially-rename-the-eper-pond-the-eper-meer-what-do-you-think-%f0%9f%98%8e-ep","og_site_name":"Gronau Inside","article_published_time":"2025-07-15T14:47:09+00:00","author":"Gronau Inside","twitter_card":"summary_large_image","twitter_misc":{"Written by":"Gronau Inside"},"schema":{"@context":"https:\/\/schema.org","@graph":[{"@type":"Article","@id":"https:\/\/gronau-inside.de\/en\/officially-rename-the-eper-pond-the-eper-meer-what-do-you-think-%f0%9f%98%8e-ep#article","isPartOf":{"@id":"https:\/\/gronau-inside.de\/en\/officially-rename-the-eper-pond-the-eper-meer-what-do-you-think-%f0%9f%98%8e-ep"},"author":{"name":"Gronau Inside","@id":"https:\/\/gronau-inside.de\/en#\/schema\/person\/f2e1f5c91cd43ca8b12ddf26d7546e29"},"headline":"Officially rename the Eper pond the Eper Meer? What do you think? \ud83d\ude0e #ep&#8230;","datePublished":"2025-07-15T14:47:09+00:00","mainEntityOfPage":{"@id":"https:\/\/gronau-inside.de\/en\/officially-rename-the-eper-pond-the-eper-meer-what-do-you-think-%f0%9f%98%8e-ep"},"wordCount":29,"publisher":{"@id":"https:\/\/gronau-inside.de\/en#organization"},"image":{"@id":"https:\/\/gronau-inside.de\/en\/officially-rename-the-eper-pond-the-eper-meer-what-do-you-think-%f0%9f%98%8e-ep#primaryimage"},"thumbnailUrl":"https:\/\/gronau-inside.de\/wp-content\/uploads\/2025\/07\/520381949_1789864821564735_1255846622684299626_n.jpg","articleSection":["#ANGESAGT"],"inLanguage":"en-US"},{"@type":"WebPage","@id":"https:\/\/gronau-inside.de\/en\/officially-rename-the-eper-pond-the-eper-meer-what-do-you-think-%f0%9f%98%8e-ep","url":"https:\/\/gronau-inside.de\/en\/officially-rename-the-eper-pond-the-eper-meer-what-do-you-think-%f0%9f%98%8e-ep","name":"Officially rename the Eper pond the Eper Meer? What do you think? \ud83d\ude0e #ep... - Gronau Inside","isPartOf":{"@id":"https:\/\/gronau-inside.de\/en#website"},"primaryImageOfPage":{"@id":"https:\/\/gronau-inside.de\/en\/officially-rename-the-eper-pond-the-eper-meer-what-do-you-think-%f0%9f%98%8e-ep#primaryimage"},"image":{"@id":"https:\/\/gronau-inside.de\/en\/officially-rename-the-eper-pond-the-eper-meer-what-do-you-think-%f0%9f%98%8e-ep#primaryimage"},"thumbnailUrl":"https:\/\/gronau-inside.de\/wp-content\/uploads\/2025\/07\/520381949_1789864821564735_1255846622684299626_n.jpg","datePublished":"2025-07-15T14:47:09+00:00","breadcrumb":{"@id":"https:\/\/gronau-inside.de\/en\/officially-rename-the-eper-pond-the-eper-meer-what-do-you-think-%f0%9f%98%8e-ep#breadcrumb"},"inLanguage":"en-US","potentialAction":[{"@type":"ReadAction","target":["https:\/\/gronau-inside.de\/en\/officially-rename-the-eper-pond-the-eper-meer-what-do-you-think-%f0%9f%98%8e-ep"]}]},{"@type":"ImageObject","inLanguage":"en-US","@id":"https:\/\/gronau-inside.de\/en\/officially-rename-the-eper-pond-the-eper-meer-what-do-you-think-%f0%9f%98%8e-ep#primaryimage","url":"https:\/\/gronau-inside.de\/wp-content\/uploads\/2025\/07\/520381949_1789864821564735_1255846622684299626_n.jpg","contentUrl":"https:\/\/gronau-inside.de\/wp-content\/uploads\/2025\/07\/520381949_1789864821564735_1255846622684299626_n.jpg","width":405,"height":720,"caption":"Ein Mann mit M\u00fctze steht an einem Teich und h\u00e4lt ein Schild mit der Aufschrift \"Eper Meer\" und Abbildungen von Wasser, einem Sprungbrett, einem Turm und einer schwimmenden Figur. Im Hintergrund sind \u00fcppige gr\u00fcne B\u00e4ume und ein Wasserspiel zu sehen."},{"@type":"BreadcrumbList","@id":"https:\/\/gronau-inside.de\/en\/officially-rename-the-eper-pond-the-eper-meer-what-do-you-think-%f0%9f%98%8e-ep#breadcrumb","itemListElement":[{"@type":"ListItem","position":1,"name":"Startseite","item":"https:\/\/gronau-inside.de\/en\/home-page"},{"@type":"ListItem","position":2,"name":"Officially rename the Eper pond the Eper Meer? What do you think? \ud83d\ude0e #ep&#8230;"}]},{"@type":"WebSite","@id":"https:\/\/gronau-inside.de\/en#website","url":"https:\/\/gronau-inside.de\/en","name":"Gronau Inside","description":"Musikstadt im Gr\u00fcnen","publisher":{"@id":"https:\/\/gronau-inside.de\/en#organization"},"potentialAction":[{"@type":"SearchAction","target":{"@type":"EntryPoint","urlTemplate":"https:\/\/gronau-inside.de\/en?s={search_term_string}"},"query-input":{"@type":"PropertyValueSpecification","valueRequired":true,"valueName":"search_term_string"}}],"inLanguage":"en-US"},{"@type":"Organization","@id":"https:\/\/gronau-inside.de\/en#organization","name":"Gronau Inside","url":"https:\/\/gronau-inside.de\/en","logo":{"@type":"ImageObject","inLanguage":"en-US","@id":"https:\/\/gronau-inside.de\/en#\/schema\/logo\/image\/","url":"https:\/\/gronau-inside.de\/wp-content\/uploads\/2020\/10\/01_gronau-logo_weissaufweiss_Schriftzug-1.png","contentUrl":"https:\/\/gronau-inside.de\/wp-content\/uploads\/2020\/10\/01_gronau-logo_weissaufweiss_Schriftzug-1.png","width":254,"height":246,"caption":"Gronau Inside"},"image":{"@id":"https:\/\/gronau-inside.de\/en#\/schema\/logo\/image\/"}},{"@type":"Person","@id":"https:\/\/gronau-inside.de\/en#\/schema\/person\/f2e1f5c91cd43ca8b12ddf26d7546e29","name":"Gronau Inside"}]}},"_links":{"self":[{"href":"https:\/\/gronau-inside.de\/en\/wp-json\/wp\/v2\/posts\/82192","targetHints":{"allow":["GET"]}}],"collection":[{"href":"https:\/\/gronau-inside.de\/en\/wp-json\/wp\/v2\/posts"}],"about":[{"href":"https:\/\/gronau-inside.de\/en\/wp-json\/wp\/v2\/types\/post"}],"author":[{"embeddable":true,"href":"https:\/\/gronau-inside.de\/en\/wp-json\/wp\/v2\/users\/2"}],"replies":[{"embeddable":true,"href":"https:\/\/gronau-inside.de\/en\/wp-json\/wp\/v2\/comments?post=82192"}],"version-history":[{"count":0,"href":"https:\/\/gronau-inside.de\/en\/wp-json\/wp\/v2\/posts\/82192\/revisions"}],"wp:featuredmedia":[{"embeddable":true,"href":"https:\/\/gronau-inside.de\/en\/wp-json\/wp\/v2\/media\/82190"}],"wp:attachment":[{"href":"https:\/\/gronau-inside.de\/en\/wp-json\/wp\/v2\/media?parent=82192"}],"wp:term":[{"taxonomy":"category","embeddable":true,"href":"https:\/\/gronau-inside.de\/en\/wp-json\/wp\/v2\/categories?post=82192"},{"taxonomy":"post_tag","embeddable":true,"href":"https:\/\/gronau-inside.de\/en\/wp-json\/wp\/v2\/tags?post=82192"}],"curies":[{"name":"wp","href":"https:\/\/api.w.org\/{rel}","templated":true}]}}