{"id":89952,"date":"2025-12-18T10:57:23","date_gmt":"2025-12-18T09:57:23","guid":{"rendered":"https:\/\/gronau-inside.de\/on-march-25-the-original-rudelsingen-sascha-goetz-and-lutz-angermann-are-coming-to"},"modified":"2025-12-18T10:57:23","modified_gmt":"2025-12-18T09:57:23","slug":"on-march-25-the-original-rudelsingen-sascha-goetz-and-lutz-angermann-are-coming-to","status":"publish","type":"post","link":"https:\/\/gronau-inside.de\/en\/on-march-25-the-original-rudelsingen-sascha-goetz-and-lutz-angermann-are-coming-to","title":{"rendered":"On March 25, the original RUDELSINGEN Sascha G\u00f6tz and Lutz Angermann are coming to&#8230;"},"content":{"rendered":"<p>On March 25, the original RUDELSINGEN Sascha G\u00f6tz and Lutz Angermann will be coming to Gronau in the B\u00fcrgerhalle. Together with you, they will sing the greatest hits from yesterday to today for over 2 hours! \ud83c\udfb6\u263a\ufe0f    <\/p>\n<p>A lovely gift idea for your loved ones for Christmas! \ud83c\udf81  <\/p>\n<p>Tickets are available now at www.rudelsingen.de<\/p>\n","protected":false},"excerpt":{"rendered":"<p>On March 25, the original RUDELSINGEN Sascha G\u00f6tz and Lutz Angermann will be coming to Gronau in the B\u00fcrgerhalle. Together with you, they will sing the greatest hits from yesterday [&hellip;]<\/p>\n","protected":false},"author":2,"featured_media":89953,"comment_status":"","ping_status":"","sticky":false,"template":"","format":"standard","meta":{"_acf_changed":false,"_price":"","_stock":"","_tribe_ticket_header":"","_tribe_default_ticket_provider":"","_tribe_ticket_capacity":"","_ticket_start_date":"","_ticket_end_date":"","_tribe_ticket_show_description":"","_tribe_ticket_show_not_going":false,"_tribe_ticket_use_global_stock":"","_tribe_ticket_global_stock_level":"","_global_stock_mode":"","_global_stock_cap":"","_tribe_rsvp_for_event":"","_tribe_ticket_going_count":"","_tribe_ticket_not_going_count":"","_tribe_tickets_list":"[]","_tribe_ticket_has_attendee_info_fields":false,"footnotes":""},"categories":[426],"tags":[],"class_list":["post-89952","post","type-post","status-publish","format-standard","has-post-thumbnail","hentry","category-angesagt-en"],"acf":[],"yoast_head":"<!-- This site is optimized with the Yoast SEO plugin v27.4 - https:\/\/yoast.com\/product\/yoast-seo-wordpress\/ -->\n<title>On March 25, the original RUDELSINGEN Sascha G\u00f6tz and Lutz Angermann are coming to... - Gronau Inside<\/title>\n<meta name=\"robots\" content=\"index, follow, max-snippet:-1, max-image-preview:large, max-video-preview:-1\" \/>\n<link rel=\"canonical\" href=\"https:\/\/gronau-inside.de\/en\/on-march-25-the-original-rudelsingen-sascha-goetz-and-lutz-angermann-are-coming-to\" \/>\n<meta property=\"og:locale\" content=\"en_US\" \/>\n<meta property=\"og:type\" content=\"article\" \/>\n<meta property=\"og:title\" content=\"On March 25, the original RUDELSINGEN Sascha G\u00f6tz and Lutz Angermann are coming to... - Gronau Inside\" \/>\n<meta property=\"og:description\" content=\"On March 25, the original RUDELSINGEN Sascha G\u00f6tz and Lutz Angermann will be coming to Gronau in the B\u00fcrgerhalle. Together with you, they will sing the greatest hits from yesterday [&hellip;]\" \/>\n<meta property=\"og:url\" content=\"https:\/\/gronau-inside.de\/en\/on-march-25-the-original-rudelsingen-sascha-goetz-and-lutz-angermann-are-coming-to\" \/>\n<meta property=\"og:site_name\" content=\"Gronau Inside\" \/>\n<meta property=\"article:published_time\" content=\"2025-12-18T09:57:23+00:00\" \/>\n<meta property=\"og:image\" content=\"https:\/\/gronau-inside.de\/wp-content\/uploads\/2025\/12\/595627329_1637438904333625_3799504362475005714_n.jpg\" \/>\n\t<meta property=\"og:image:width\" content=\"405\" \/>\n\t<meta property=\"og:image:height\" content=\"720\" \/>\n\t<meta property=\"og:image:type\" content=\"image\/jpeg\" \/>\n<meta name=\"author\" content=\"Gronau Inside\" \/>\n<meta name=\"twitter:card\" content=\"summary_large_image\" \/>\n<meta name=\"twitter:label1\" content=\"Written by\" \/>\n\t<meta name=\"twitter:data1\" content=\"Gronau Inside\" \/>\n<script type=\"application\/ld+json\" class=\"yoast-schema-graph\">{\"@context\":\"https:\\\/\\\/schema.org\",\"@graph\":[{\"@type\":\"Article\",\"@id\":\"https:\\\/\\\/gronau-inside.de\\\/en\\\/on-march-25-the-original-rudelsingen-sascha-goetz-and-lutz-angermann-are-coming-to#article\",\"isPartOf\":{\"@id\":\"https:\\\/\\\/gronau-inside.de\\\/en\\\/on-march-25-the-original-rudelsingen-sascha-goetz-and-lutz-angermann-are-coming-to\"},\"author\":{\"name\":\"Gronau Inside\",\"@id\":\"https:\\\/\\\/gronau-inside.de\\\/en#\\\/schema\\\/person\\\/f2e1f5c91cd43ca8b12ddf26d7546e29\"},\"headline\":\"On March 25, the original RUDELSINGEN Sascha G\u00f6tz and Lutz Angermann are coming to&#8230;\",\"datePublished\":\"2025-12-18T09:57:23+00:00\",\"mainEntityOfPage\":{\"@id\":\"https:\\\/\\\/gronau-inside.de\\\/en\\\/on-march-25-the-original-rudelsingen-sascha-goetz-and-lutz-angermann-are-coming-to\"},\"wordCount\":68,\"publisher\":{\"@id\":\"https:\\\/\\\/gronau-inside.de\\\/en#organization\"},\"image\":{\"@id\":\"https:\\\/\\\/gronau-inside.de\\\/en\\\/on-march-25-the-original-rudelsingen-sascha-goetz-and-lutz-angermann-are-coming-to#primaryimage\"},\"thumbnailUrl\":\"https:\\\/\\\/gronau-inside.de\\\/wp-content\\\/uploads\\\/2025\\\/12\\\/595627329_1637438904333625_3799504362475005714_n.jpg\",\"articleSection\":[\"#ANGESAGT\"],\"inLanguage\":\"en-US\"},{\"@type\":\"WebPage\",\"@id\":\"https:\\\/\\\/gronau-inside.de\\\/en\\\/on-march-25-the-original-rudelsingen-sascha-goetz-and-lutz-angermann-are-coming-to\",\"url\":\"https:\\\/\\\/gronau-inside.de\\\/en\\\/on-march-25-the-original-rudelsingen-sascha-goetz-and-lutz-angermann-are-coming-to\",\"name\":\"On March 25, the original RUDELSINGEN Sascha G\u00f6tz and Lutz Angermann are coming to... - Gronau Inside\",\"isPartOf\":{\"@id\":\"https:\\\/\\\/gronau-inside.de\\\/en#website\"},\"primaryImageOfPage\":{\"@id\":\"https:\\\/\\\/gronau-inside.de\\\/en\\\/on-march-25-the-original-rudelsingen-sascha-goetz-and-lutz-angermann-are-coming-to#primaryimage\"},\"image\":{\"@id\":\"https:\\\/\\\/gronau-inside.de\\\/en\\\/on-march-25-the-original-rudelsingen-sascha-goetz-and-lutz-angermann-are-coming-to#primaryimage\"},\"thumbnailUrl\":\"https:\\\/\\\/gronau-inside.de\\\/wp-content\\\/uploads\\\/2025\\\/12\\\/595627329_1637438904333625_3799504362475005714_n.jpg\",\"datePublished\":\"2025-12-18T09:57:23+00:00\",\"breadcrumb\":{\"@id\":\"https:\\\/\\\/gronau-inside.de\\\/en\\\/on-march-25-the-original-rudelsingen-sascha-goetz-and-lutz-angermann-are-coming-to#breadcrumb\"},\"inLanguage\":\"en-US\",\"potentialAction\":[{\"@type\":\"ReadAction\",\"target\":[\"https:\\\/\\\/gronau-inside.de\\\/en\\\/on-march-25-the-original-rudelsingen-sascha-goetz-and-lutz-angermann-are-coming-to\"]}]},{\"@type\":\"ImageObject\",\"inLanguage\":\"en-US\",\"@id\":\"https:\\\/\\\/gronau-inside.de\\\/en\\\/on-march-25-the-original-rudelsingen-sascha-goetz-and-lutz-angermann-are-coming-to#primaryimage\",\"url\":\"https:\\\/\\\/gronau-inside.de\\\/wp-content\\\/uploads\\\/2025\\\/12\\\/595627329_1637438904333625_3799504362475005714_n.jpg\",\"contentUrl\":\"https:\\\/\\\/gronau-inside.de\\\/wp-content\\\/uploads\\\/2025\\\/12\\\/595627329_1637438904333625_3799504362475005714_n.jpg\",\"width\":405,\"height\":720},{\"@type\":\"BreadcrumbList\",\"@id\":\"https:\\\/\\\/gronau-inside.de\\\/en\\\/on-march-25-the-original-rudelsingen-sascha-goetz-and-lutz-angermann-are-coming-to#breadcrumb\",\"itemListElement\":[{\"@type\":\"ListItem\",\"position\":1,\"name\":\"Startseite\",\"item\":\"https:\\\/\\\/gronau-inside.de\\\/en\\\/home-page\"},{\"@type\":\"ListItem\",\"position\":2,\"name\":\"On March 25, the original RUDELSINGEN Sascha G\u00f6tz and Lutz Angermann are coming to&#8230;\"}]},{\"@type\":\"WebSite\",\"@id\":\"https:\\\/\\\/gronau-inside.de\\\/en#website\",\"url\":\"https:\\\/\\\/gronau-inside.de\\\/en\",\"name\":\"Gronau Inside\",\"description\":\"Musikstadt im Gr\u00fcnen\",\"publisher\":{\"@id\":\"https:\\\/\\\/gronau-inside.de\\\/en#organization\"},\"potentialAction\":[{\"@type\":\"SearchAction\",\"target\":{\"@type\":\"EntryPoint\",\"urlTemplate\":\"https:\\\/\\\/gronau-inside.de\\\/en?s={search_term_string}\"},\"query-input\":{\"@type\":\"PropertyValueSpecification\",\"valueRequired\":true,\"valueName\":\"search_term_string\"}}],\"inLanguage\":\"en-US\"},{\"@type\":\"Organization\",\"@id\":\"https:\\\/\\\/gronau-inside.de\\\/en#organization\",\"name\":\"Gronau Inside\",\"url\":\"https:\\\/\\\/gronau-inside.de\\\/en\",\"logo\":{\"@type\":\"ImageObject\",\"inLanguage\":\"en-US\",\"@id\":\"https:\\\/\\\/gronau-inside.de\\\/en#\\\/schema\\\/logo\\\/image\\\/\",\"url\":\"https:\\\/\\\/gronau-inside.de\\\/wp-content\\\/uploads\\\/2020\\\/10\\\/01_gronau-logo_weissaufweiss_Schriftzug-1.png\",\"contentUrl\":\"https:\\\/\\\/gronau-inside.de\\\/wp-content\\\/uploads\\\/2020\\\/10\\\/01_gronau-logo_weissaufweiss_Schriftzug-1.png\",\"width\":254,\"height\":246,\"caption\":\"Gronau Inside\"},\"image\":{\"@id\":\"https:\\\/\\\/gronau-inside.de\\\/en#\\\/schema\\\/logo\\\/image\\\/\"}},{\"@type\":\"Person\",\"@id\":\"https:\\\/\\\/gronau-inside.de\\\/en#\\\/schema\\\/person\\\/f2e1f5c91cd43ca8b12ddf26d7546e29\",\"name\":\"Gronau Inside\"}]}<\/script>\n<!-- \/ Yoast SEO plugin. -->","yoast_head_json":{"title":"On March 25, the original RUDELSINGEN Sascha G\u00f6tz and Lutz Angermann are coming to... - Gronau Inside","robots":{"index":"index","follow":"follow","max-snippet":"max-snippet:-1","max-image-preview":"max-image-preview:large","max-video-preview":"max-video-preview:-1"},"canonical":"https:\/\/gronau-inside.de\/en\/on-march-25-the-original-rudelsingen-sascha-goetz-and-lutz-angermann-are-coming-to","og_locale":"en_US","og_type":"article","og_title":"On March 25, the original RUDELSINGEN Sascha G\u00f6tz and Lutz Angermann are coming to... - Gronau Inside","og_description":"On March 25, the original RUDELSINGEN Sascha G\u00f6tz and Lutz Angermann will be coming to Gronau in the B\u00fcrgerhalle. Together with you, they will sing the greatest hits from yesterday [&hellip;]","og_url":"https:\/\/gronau-inside.de\/en\/on-march-25-the-original-rudelsingen-sascha-goetz-and-lutz-angermann-are-coming-to","og_site_name":"Gronau Inside","article_published_time":"2025-12-18T09:57:23+00:00","og_image":[{"width":405,"height":720,"url":"https:\/\/gronau-inside.de\/wp-content\/uploads\/2025\/12\/595627329_1637438904333625_3799504362475005714_n.jpg","type":"image\/jpeg"}],"author":"Gronau Inside","twitter_card":"summary_large_image","twitter_misc":{"Written by":"Gronau Inside"},"schema":{"@context":"https:\/\/schema.org","@graph":[{"@type":"Article","@id":"https:\/\/gronau-inside.de\/en\/on-march-25-the-original-rudelsingen-sascha-goetz-and-lutz-angermann-are-coming-to#article","isPartOf":{"@id":"https:\/\/gronau-inside.de\/en\/on-march-25-the-original-rudelsingen-sascha-goetz-and-lutz-angermann-are-coming-to"},"author":{"name":"Gronau Inside","@id":"https:\/\/gronau-inside.de\/en#\/schema\/person\/f2e1f5c91cd43ca8b12ddf26d7546e29"},"headline":"On March 25, the original RUDELSINGEN Sascha G\u00f6tz and Lutz Angermann are coming to&#8230;","datePublished":"2025-12-18T09:57:23+00:00","mainEntityOfPage":{"@id":"https:\/\/gronau-inside.de\/en\/on-march-25-the-original-rudelsingen-sascha-goetz-and-lutz-angermann-are-coming-to"},"wordCount":68,"publisher":{"@id":"https:\/\/gronau-inside.de\/en#organization"},"image":{"@id":"https:\/\/gronau-inside.de\/en\/on-march-25-the-original-rudelsingen-sascha-goetz-and-lutz-angermann-are-coming-to#primaryimage"},"thumbnailUrl":"https:\/\/gronau-inside.de\/wp-content\/uploads\/2025\/12\/595627329_1637438904333625_3799504362475005714_n.jpg","articleSection":["#ANGESAGT"],"inLanguage":"en-US"},{"@type":"WebPage","@id":"https:\/\/gronau-inside.de\/en\/on-march-25-the-original-rudelsingen-sascha-goetz-and-lutz-angermann-are-coming-to","url":"https:\/\/gronau-inside.de\/en\/on-march-25-the-original-rudelsingen-sascha-goetz-and-lutz-angermann-are-coming-to","name":"On March 25, the original RUDELSINGEN Sascha G\u00f6tz and Lutz Angermann are coming to... - Gronau Inside","isPartOf":{"@id":"https:\/\/gronau-inside.de\/en#website"},"primaryImageOfPage":{"@id":"https:\/\/gronau-inside.de\/en\/on-march-25-the-original-rudelsingen-sascha-goetz-and-lutz-angermann-are-coming-to#primaryimage"},"image":{"@id":"https:\/\/gronau-inside.de\/en\/on-march-25-the-original-rudelsingen-sascha-goetz-and-lutz-angermann-are-coming-to#primaryimage"},"thumbnailUrl":"https:\/\/gronau-inside.de\/wp-content\/uploads\/2025\/12\/595627329_1637438904333625_3799504362475005714_n.jpg","datePublished":"2025-12-18T09:57:23+00:00","breadcrumb":{"@id":"https:\/\/gronau-inside.de\/en\/on-march-25-the-original-rudelsingen-sascha-goetz-and-lutz-angermann-are-coming-to#breadcrumb"},"inLanguage":"en-US","potentialAction":[{"@type":"ReadAction","target":["https:\/\/gronau-inside.de\/en\/on-march-25-the-original-rudelsingen-sascha-goetz-and-lutz-angermann-are-coming-to"]}]},{"@type":"ImageObject","inLanguage":"en-US","@id":"https:\/\/gronau-inside.de\/en\/on-march-25-the-original-rudelsingen-sascha-goetz-and-lutz-angermann-are-coming-to#primaryimage","url":"https:\/\/gronau-inside.de\/wp-content\/uploads\/2025\/12\/595627329_1637438904333625_3799504362475005714_n.jpg","contentUrl":"https:\/\/gronau-inside.de\/wp-content\/uploads\/2025\/12\/595627329_1637438904333625_3799504362475005714_n.jpg","width":405,"height":720},{"@type":"BreadcrumbList","@id":"https:\/\/gronau-inside.de\/en\/on-march-25-the-original-rudelsingen-sascha-goetz-and-lutz-angermann-are-coming-to#breadcrumb","itemListElement":[{"@type":"ListItem","position":1,"name":"Startseite","item":"https:\/\/gronau-inside.de\/en\/home-page"},{"@type":"ListItem","position":2,"name":"On March 25, the original RUDELSINGEN Sascha G\u00f6tz and Lutz Angermann are coming to&#8230;"}]},{"@type":"WebSite","@id":"https:\/\/gronau-inside.de\/en#website","url":"https:\/\/gronau-inside.de\/en","name":"Gronau Inside","description":"Musikstadt im Gr\u00fcnen","publisher":{"@id":"https:\/\/gronau-inside.de\/en#organization"},"potentialAction":[{"@type":"SearchAction","target":{"@type":"EntryPoint","urlTemplate":"https:\/\/gronau-inside.de\/en?s={search_term_string}"},"query-input":{"@type":"PropertyValueSpecification","valueRequired":true,"valueName":"search_term_string"}}],"inLanguage":"en-US"},{"@type":"Organization","@id":"https:\/\/gronau-inside.de\/en#organization","name":"Gronau Inside","url":"https:\/\/gronau-inside.de\/en","logo":{"@type":"ImageObject","inLanguage":"en-US","@id":"https:\/\/gronau-inside.de\/en#\/schema\/logo\/image\/","url":"https:\/\/gronau-inside.de\/wp-content\/uploads\/2020\/10\/01_gronau-logo_weissaufweiss_Schriftzug-1.png","contentUrl":"https:\/\/gronau-inside.de\/wp-content\/uploads\/2020\/10\/01_gronau-logo_weissaufweiss_Schriftzug-1.png","width":254,"height":246,"caption":"Gronau Inside"},"image":{"@id":"https:\/\/gronau-inside.de\/en#\/schema\/logo\/image\/"}},{"@type":"Person","@id":"https:\/\/gronau-inside.de\/en#\/schema\/person\/f2e1f5c91cd43ca8b12ddf26d7546e29","name":"Gronau Inside"}]}},"_links":{"self":[{"href":"https:\/\/gronau-inside.de\/en\/wp-json\/wp\/v2\/posts\/89952","targetHints":{"allow":["GET"]}}],"collection":[{"href":"https:\/\/gronau-inside.de\/en\/wp-json\/wp\/v2\/posts"}],"about":[{"href":"https:\/\/gronau-inside.de\/en\/wp-json\/wp\/v2\/types\/post"}],"author":[{"embeddable":true,"href":"https:\/\/gronau-inside.de\/en\/wp-json\/wp\/v2\/users\/2"}],"replies":[{"embeddable":true,"href":"https:\/\/gronau-inside.de\/en\/wp-json\/wp\/v2\/comments?post=89952"}],"version-history":[{"count":0,"href":"https:\/\/gronau-inside.de\/en\/wp-json\/wp\/v2\/posts\/89952\/revisions"}],"wp:featuredmedia":[{"embeddable":true,"href":"https:\/\/gronau-inside.de\/en\/wp-json\/wp\/v2\/media\/89953"}],"wp:attachment":[{"href":"https:\/\/gronau-inside.de\/en\/wp-json\/wp\/v2\/media?parent=89952"}],"wp:term":[{"taxonomy":"category","embeddable":true,"href":"https:\/\/gronau-inside.de\/en\/wp-json\/wp\/v2\/categories?post=89952"},{"taxonomy":"post_tag","embeddable":true,"href":"https:\/\/gronau-inside.de\/en\/wp-json\/wp\/v2\/tags?post=89952"}],"curies":[{"name":"wp","href":"https:\/\/api.w.org\/{rel}","templated":true}]}}