{"id":93670,"date":"2026-04-20T11:11:30","date_gmt":"2026-04-20T09:11:30","guid":{"rendered":"https:\/\/gronau-inside.de\/diesen-freitag-koennt-ihr-in-der-stadtbuecherei-gronau-wieder-die-spannende-wel"},"modified":"2026-04-20T11:11:30","modified_gmt":"2026-04-20T09:11:30","slug":"diesen-freitag-koennt-ihr-in-der-stadtbuecherei-gronau-wieder-die-spannende-wel","status":"publish","type":"post","link":"https:\/\/gronau-inside.de\/en\/diesen-freitag-koennt-ihr-in-der-stadtbuecherei-gronau-wieder-die-spannende-wel","title":{"rendered":"Diesen Freitag k\u00f6nnt ihr in der Stadtb\u00fccherei Gronau wieder die spannende Wel&#8230;"},"content":{"rendered":"<p>Diesen Freitag k\u00f6nnt ihr in der Stadtb\u00fccherei Gronau wieder die spannende Welt der H\u00f6rspiele entdecken.\ud83d\ude0a <\/p>\n<p>Wer liebt es nicht, wenn fesselnde H\u00f6rspiele die Phantasie befl\u00fcgeln? Beim Kopfkino-Nachmittag erlebt ihr ein mitrei\u00dfendes Abenteuer voller R\u00e4tsel, Geheimnisse und unerwarteter Wendungen. Vielleicht sind es sogar drei junge Detektive, die sich auf die Spur eines mysteri\u00f6sen Falls begeben \u2013 wer wei\u00df? Ob seltsame Lichter, verd\u00e4chtige Spuren oder unerkl\u00e4rliche Ereignisse: Hier wird es garantiert nicht langweilig! Kommt vorbei, h\u00f6rt zu und lasst euch verzaubern. F\u00fcr alle H\u00f6rspiel-Fans ab 6 Jahren!<\/p>\n<p>Julia Borninkhof<br \/>\nStadtb\u00fccherei Gronau<br \/>\nFreitag, 24.04.2026, 16.30 &#8211; 18.00 Uhr<br \/>\nAnmeldung erforderlich<\/p>\n","protected":false},"excerpt":{"rendered":"<p>Diesen Freitag k\u00f6nnt ihr in der Stadtb\u00fccherei Gronau wieder die spannende Welt der H\u00f6rspiele entdecken.\ud83d\ude0a Wer liebt es nicht, wenn fesselnde H\u00f6rspiele die Phantasie befl\u00fcgeln? Beim Kopfkino-Nachmittag erlebt ihr ein [&hellip;]<\/p>\n","protected":false},"author":2,"featured_media":93669,"comment_status":"","ping_status":"","sticky":false,"template":"","format":"standard","meta":{"_acf_changed":false,"_price":"","_stock":"","_tribe_ticket_header":"","_tribe_default_ticket_provider":"","_tribe_ticket_capacity":"","_ticket_start_date":"","_ticket_end_date":"","_tribe_ticket_show_description":"","_tribe_ticket_show_not_going":false,"_tribe_ticket_use_global_stock":"","_tribe_ticket_global_stock_level":"","_global_stock_mode":"","_global_stock_cap":"","_tribe_rsvp_for_event":"","_tribe_ticket_going_count":"","_tribe_ticket_not_going_count":"","_tribe_tickets_list":"[]","_tribe_ticket_has_attendee_info_fields":false,"footnotes":""},"categories":[21],"tags":[],"class_list":["post-93670","post","type-post","status-publish","format-standard","has-post-thumbnail","hentry","category-angesagt"],"acf":[],"yoast_head":"<!-- This site is optimized with the Yoast SEO plugin v27.5 - https:\/\/yoast.com\/product\/yoast-seo-wordpress\/ -->\n<title>Diesen Freitag k\u00f6nnt ihr in der Stadtb\u00fccherei Gronau wieder die spannende Wel... - Gronau Inside<\/title>\n<meta name=\"robots\" content=\"index, follow, max-snippet:-1, max-image-preview:large, max-video-preview:-1\" \/>\n<link rel=\"canonical\" href=\"https:\/\/gronau-inside.de\/en\/diesen-freitag-koennt-ihr-in-der-stadtbuecherei-gronau-wieder-die-spannende-wel\" \/>\n<meta property=\"og:locale\" content=\"en_US\" \/>\n<meta property=\"og:type\" content=\"article\" \/>\n<meta property=\"og:title\" content=\"Diesen Freitag k\u00f6nnt ihr in der Stadtb\u00fccherei Gronau wieder die spannende Wel... - Gronau Inside\" \/>\n<meta property=\"og:description\" content=\"Diesen Freitag k\u00f6nnt ihr in der Stadtb\u00fccherei Gronau wieder die spannende Welt der H\u00f6rspiele entdecken.\ud83d\ude0a Wer liebt es nicht, wenn fesselnde H\u00f6rspiele die Phantasie befl\u00fcgeln? Beim Kopfkino-Nachmittag erlebt ihr ein [&hellip;]\" \/>\n<meta property=\"og:url\" content=\"https:\/\/gronau-inside.de\/en\/diesen-freitag-koennt-ihr-in-der-stadtbuecherei-gronau-wieder-die-spannende-wel\" \/>\n<meta property=\"og:site_name\" content=\"Gronau Inside\" \/>\n<meta property=\"article:published_time\" content=\"2026-04-20T09:11:30+00:00\" \/>\n<meta name=\"author\" content=\"Gronau Inside\" \/>\n<meta name=\"twitter:card\" content=\"summary_large_image\" \/>\n<meta name=\"twitter:label1\" content=\"Written by\" \/>\n\t<meta name=\"twitter:data1\" content=\"Gronau Inside\" \/>\n\t<meta name=\"twitter:label2\" content=\"Est. reading time\" \/>\n\t<meta name=\"twitter:data2\" content=\"1 minute\" \/>\n<script type=\"application\/ld+json\" class=\"yoast-schema-graph\">{\"@context\":\"https:\\\/\\\/schema.org\",\"@graph\":[{\"@type\":\"Article\",\"@id\":\"https:\\\/\\\/gronau-inside.de\\\/en\\\/diesen-freitag-koennt-ihr-in-der-stadtbuecherei-gronau-wieder-die-spannende-wel#article\",\"isPartOf\":{\"@id\":\"https:\\\/\\\/gronau-inside.de\\\/en\\\/diesen-freitag-koennt-ihr-in-der-stadtbuecherei-gronau-wieder-die-spannende-wel\"},\"author\":{\"name\":\"Gronau Inside\",\"@id\":\"https:\\\/\\\/gronau-inside.de\\\/en#\\\/schema\\\/person\\\/f2e1f5c91cd43ca8b12ddf26d7546e29\"},\"headline\":\"Diesen Freitag k\u00f6nnt ihr in der Stadtb\u00fccherei Gronau wieder die spannende Wel&#8230;\",\"datePublished\":\"2026-04-20T09:11:30+00:00\",\"mainEntityOfPage\":{\"@id\":\"https:\\\/\\\/gronau-inside.de\\\/en\\\/diesen-freitag-koennt-ihr-in-der-stadtbuecherei-gronau-wieder-die-spannende-wel\"},\"wordCount\":120,\"publisher\":{\"@id\":\"https:\\\/\\\/gronau-inside.de\\\/en#organization\"},\"image\":{\"@id\":\"https:\\\/\\\/gronau-inside.de\\\/en\\\/diesen-freitag-koennt-ihr-in-der-stadtbuecherei-gronau-wieder-die-spannende-wel#primaryimage\"},\"thumbnailUrl\":\"https:\\\/\\\/gronau-inside.de\\\/wp-content\\\/uploads\\\/2026\\\/04\\\/662591401_1522492053214889_2714567825221072152_n.jpg\",\"articleSection\":[\"#ANGESAGT\"],\"inLanguage\":\"en-US\"},{\"@type\":\"WebPage\",\"@id\":\"https:\\\/\\\/gronau-inside.de\\\/en\\\/diesen-freitag-koennt-ihr-in-der-stadtbuecherei-gronau-wieder-die-spannende-wel\",\"url\":\"https:\\\/\\\/gronau-inside.de\\\/en\\\/diesen-freitag-koennt-ihr-in-der-stadtbuecherei-gronau-wieder-die-spannende-wel\",\"name\":\"Diesen Freitag k\u00f6nnt ihr in der Stadtb\u00fccherei Gronau wieder die spannende Wel... - Gronau Inside\",\"isPartOf\":{\"@id\":\"https:\\\/\\\/gronau-inside.de\\\/en#website\"},\"primaryImageOfPage\":{\"@id\":\"https:\\\/\\\/gronau-inside.de\\\/en\\\/diesen-freitag-koennt-ihr-in-der-stadtbuecherei-gronau-wieder-die-spannende-wel#primaryimage\"},\"image\":{\"@id\":\"https:\\\/\\\/gronau-inside.de\\\/en\\\/diesen-freitag-koennt-ihr-in-der-stadtbuecherei-gronau-wieder-die-spannende-wel#primaryimage\"},\"thumbnailUrl\":\"https:\\\/\\\/gronau-inside.de\\\/wp-content\\\/uploads\\\/2026\\\/04\\\/662591401_1522492053214889_2714567825221072152_n.jpg\",\"datePublished\":\"2026-04-20T09:11:30+00:00\",\"breadcrumb\":{\"@id\":\"https:\\\/\\\/gronau-inside.de\\\/en\\\/diesen-freitag-koennt-ihr-in-der-stadtbuecherei-gronau-wieder-die-spannende-wel#breadcrumb\"},\"inLanguage\":\"en-US\",\"potentialAction\":[{\"@type\":\"ReadAction\",\"target\":[\"https:\\\/\\\/gronau-inside.de\\\/en\\\/diesen-freitag-koennt-ihr-in-der-stadtbuecherei-gronau-wieder-die-spannende-wel\"]}]},{\"@type\":\"ImageObject\",\"inLanguage\":\"en-US\",\"@id\":\"https:\\\/\\\/gronau-inside.de\\\/en\\\/diesen-freitag-koennt-ihr-in-der-stadtbuecherei-gronau-wieder-die-spannende-wel#primaryimage\",\"url\":\"https:\\\/\\\/gronau-inside.de\\\/wp-content\\\/uploads\\\/2026\\\/04\\\/662591401_1522492053214889_2714567825221072152_n.jpg\",\"contentUrl\":\"https:\\\/\\\/gronau-inside.de\\\/wp-content\\\/uploads\\\/2026\\\/04\\\/662591401_1522492053214889_2714567825221072152_n.jpg\",\"width\":512,\"height\":800},{\"@type\":\"BreadcrumbList\",\"@id\":\"https:\\\/\\\/gronau-inside.de\\\/en\\\/diesen-freitag-koennt-ihr-in-der-stadtbuecherei-gronau-wieder-die-spannende-wel#breadcrumb\",\"itemListElement\":[{\"@type\":\"ListItem\",\"position\":1,\"name\":\"Startseite\",\"item\":\"https:\\\/\\\/gronau-inside.de\\\/en\\\/home-page\"},{\"@type\":\"ListItem\",\"position\":2,\"name\":\"Diesen Freitag k\u00f6nnt ihr in der Stadtb\u00fccherei Gronau wieder die spannende Wel&#8230;\"}]},{\"@type\":\"WebSite\",\"@id\":\"https:\\\/\\\/gronau-inside.de\\\/en#website\",\"url\":\"https:\\\/\\\/gronau-inside.de\\\/en\",\"name\":\"Gronau Inside\",\"description\":\"Musikstadt im Gr\u00fcnen\",\"publisher\":{\"@id\":\"https:\\\/\\\/gronau-inside.de\\\/en#organization\"},\"potentialAction\":[{\"@type\":\"SearchAction\",\"target\":{\"@type\":\"EntryPoint\",\"urlTemplate\":\"https:\\\/\\\/gronau-inside.de\\\/en?s={search_term_string}\"},\"query-input\":{\"@type\":\"PropertyValueSpecification\",\"valueRequired\":true,\"valueName\":\"search_term_string\"}}],\"inLanguage\":\"en-US\"},{\"@type\":\"Organization\",\"@id\":\"https:\\\/\\\/gronau-inside.de\\\/en#organization\",\"name\":\"Gronau Inside\",\"url\":\"https:\\\/\\\/gronau-inside.de\\\/en\",\"logo\":{\"@type\":\"ImageObject\",\"inLanguage\":\"en-US\",\"@id\":\"https:\\\/\\\/gronau-inside.de\\\/en#\\\/schema\\\/logo\\\/image\\\/\",\"url\":\"https:\\\/\\\/gronau-inside.de\\\/wp-content\\\/uploads\\\/2020\\\/10\\\/01_gronau-logo_weissaufweiss_Schriftzug-1.png\",\"contentUrl\":\"https:\\\/\\\/gronau-inside.de\\\/wp-content\\\/uploads\\\/2020\\\/10\\\/01_gronau-logo_weissaufweiss_Schriftzug-1.png\",\"width\":254,\"height\":246,\"caption\":\"Gronau Inside\"},\"image\":{\"@id\":\"https:\\\/\\\/gronau-inside.de\\\/en#\\\/schema\\\/logo\\\/image\\\/\"}},{\"@type\":\"Person\",\"@id\":\"https:\\\/\\\/gronau-inside.de\\\/en#\\\/schema\\\/person\\\/f2e1f5c91cd43ca8b12ddf26d7546e29\",\"name\":\"Gronau Inside\"}]}<\/script>\n<!-- \/ Yoast SEO plugin. -->","yoast_head_json":{"title":"Diesen Freitag k\u00f6nnt ihr in der Stadtb\u00fccherei Gronau wieder die spannende Wel... - Gronau Inside","robots":{"index":"index","follow":"follow","max-snippet":"max-snippet:-1","max-image-preview":"max-image-preview:large","max-video-preview":"max-video-preview:-1"},"canonical":"https:\/\/gronau-inside.de\/en\/diesen-freitag-koennt-ihr-in-der-stadtbuecherei-gronau-wieder-die-spannende-wel","og_locale":"en_US","og_type":"article","og_title":"Diesen Freitag k\u00f6nnt ihr in der Stadtb\u00fccherei Gronau wieder die spannende Wel... - Gronau Inside","og_description":"Diesen Freitag k\u00f6nnt ihr in der Stadtb\u00fccherei Gronau wieder die spannende Welt der H\u00f6rspiele entdecken.\ud83d\ude0a Wer liebt es nicht, wenn fesselnde H\u00f6rspiele die Phantasie befl\u00fcgeln? Beim Kopfkino-Nachmittag erlebt ihr ein [&hellip;]","og_url":"https:\/\/gronau-inside.de\/en\/diesen-freitag-koennt-ihr-in-der-stadtbuecherei-gronau-wieder-die-spannende-wel","og_site_name":"Gronau Inside","article_published_time":"2026-04-20T09:11:30+00:00","author":"Gronau Inside","twitter_card":"summary_large_image","twitter_misc":{"Written by":"Gronau Inside","Est. reading time":"1 minute"},"schema":{"@context":"https:\/\/schema.org","@graph":[{"@type":"Article","@id":"https:\/\/gronau-inside.de\/en\/diesen-freitag-koennt-ihr-in-der-stadtbuecherei-gronau-wieder-die-spannende-wel#article","isPartOf":{"@id":"https:\/\/gronau-inside.de\/en\/diesen-freitag-koennt-ihr-in-der-stadtbuecherei-gronau-wieder-die-spannende-wel"},"author":{"name":"Gronau Inside","@id":"https:\/\/gronau-inside.de\/en#\/schema\/person\/f2e1f5c91cd43ca8b12ddf26d7546e29"},"headline":"Diesen Freitag k\u00f6nnt ihr in der Stadtb\u00fccherei Gronau wieder die spannende Wel&#8230;","datePublished":"2026-04-20T09:11:30+00:00","mainEntityOfPage":{"@id":"https:\/\/gronau-inside.de\/en\/diesen-freitag-koennt-ihr-in-der-stadtbuecherei-gronau-wieder-die-spannende-wel"},"wordCount":120,"publisher":{"@id":"https:\/\/gronau-inside.de\/en#organization"},"image":{"@id":"https:\/\/gronau-inside.de\/en\/diesen-freitag-koennt-ihr-in-der-stadtbuecherei-gronau-wieder-die-spannende-wel#primaryimage"},"thumbnailUrl":"https:\/\/gronau-inside.de\/wp-content\/uploads\/2026\/04\/662591401_1522492053214889_2714567825221072152_n.jpg","articleSection":["#ANGESAGT"],"inLanguage":"en-US"},{"@type":"WebPage","@id":"https:\/\/gronau-inside.de\/en\/diesen-freitag-koennt-ihr-in-der-stadtbuecherei-gronau-wieder-die-spannende-wel","url":"https:\/\/gronau-inside.de\/en\/diesen-freitag-koennt-ihr-in-der-stadtbuecherei-gronau-wieder-die-spannende-wel","name":"Diesen Freitag k\u00f6nnt ihr in der Stadtb\u00fccherei Gronau wieder die spannende Wel... - Gronau Inside","isPartOf":{"@id":"https:\/\/gronau-inside.de\/en#website"},"primaryImageOfPage":{"@id":"https:\/\/gronau-inside.de\/en\/diesen-freitag-koennt-ihr-in-der-stadtbuecherei-gronau-wieder-die-spannende-wel#primaryimage"},"image":{"@id":"https:\/\/gronau-inside.de\/en\/diesen-freitag-koennt-ihr-in-der-stadtbuecherei-gronau-wieder-die-spannende-wel#primaryimage"},"thumbnailUrl":"https:\/\/gronau-inside.de\/wp-content\/uploads\/2026\/04\/662591401_1522492053214889_2714567825221072152_n.jpg","datePublished":"2026-04-20T09:11:30+00:00","breadcrumb":{"@id":"https:\/\/gronau-inside.de\/en\/diesen-freitag-koennt-ihr-in-der-stadtbuecherei-gronau-wieder-die-spannende-wel#breadcrumb"},"inLanguage":"en-US","potentialAction":[{"@type":"ReadAction","target":["https:\/\/gronau-inside.de\/en\/diesen-freitag-koennt-ihr-in-der-stadtbuecherei-gronau-wieder-die-spannende-wel"]}]},{"@type":"ImageObject","inLanguage":"en-US","@id":"https:\/\/gronau-inside.de\/en\/diesen-freitag-koennt-ihr-in-der-stadtbuecherei-gronau-wieder-die-spannende-wel#primaryimage","url":"https:\/\/gronau-inside.de\/wp-content\/uploads\/2026\/04\/662591401_1522492053214889_2714567825221072152_n.jpg","contentUrl":"https:\/\/gronau-inside.de\/wp-content\/uploads\/2026\/04\/662591401_1522492053214889_2714567825221072152_n.jpg","width":512,"height":800},{"@type":"BreadcrumbList","@id":"https:\/\/gronau-inside.de\/en\/diesen-freitag-koennt-ihr-in-der-stadtbuecherei-gronau-wieder-die-spannende-wel#breadcrumb","itemListElement":[{"@type":"ListItem","position":1,"name":"Startseite","item":"https:\/\/gronau-inside.de\/en\/home-page"},{"@type":"ListItem","position":2,"name":"Diesen Freitag k\u00f6nnt ihr in der Stadtb\u00fccherei Gronau wieder die spannende Wel&#8230;"}]},{"@type":"WebSite","@id":"https:\/\/gronau-inside.de\/en#website","url":"https:\/\/gronau-inside.de\/en","name":"Gronau Inside","description":"Musikstadt im Gr\u00fcnen","publisher":{"@id":"https:\/\/gronau-inside.de\/en#organization"},"potentialAction":[{"@type":"SearchAction","target":{"@type":"EntryPoint","urlTemplate":"https:\/\/gronau-inside.de\/en?s={search_term_string}"},"query-input":{"@type":"PropertyValueSpecification","valueRequired":true,"valueName":"search_term_string"}}],"inLanguage":"en-US"},{"@type":"Organization","@id":"https:\/\/gronau-inside.de\/en#organization","name":"Gronau Inside","url":"https:\/\/gronau-inside.de\/en","logo":{"@type":"ImageObject","inLanguage":"en-US","@id":"https:\/\/gronau-inside.de\/en#\/schema\/logo\/image\/","url":"https:\/\/gronau-inside.de\/wp-content\/uploads\/2020\/10\/01_gronau-logo_weissaufweiss_Schriftzug-1.png","contentUrl":"https:\/\/gronau-inside.de\/wp-content\/uploads\/2020\/10\/01_gronau-logo_weissaufweiss_Schriftzug-1.png","width":254,"height":246,"caption":"Gronau Inside"},"image":{"@id":"https:\/\/gronau-inside.de\/en#\/schema\/logo\/image\/"}},{"@type":"Person","@id":"https:\/\/gronau-inside.de\/en#\/schema\/person\/f2e1f5c91cd43ca8b12ddf26d7546e29","name":"Gronau Inside"}]}},"_links":{"self":[{"href":"https:\/\/gronau-inside.de\/en\/wp-json\/wp\/v2\/posts\/93670","targetHints":{"allow":["GET"]}}],"collection":[{"href":"https:\/\/gronau-inside.de\/en\/wp-json\/wp\/v2\/posts"}],"about":[{"href":"https:\/\/gronau-inside.de\/en\/wp-json\/wp\/v2\/types\/post"}],"author":[{"embeddable":true,"href":"https:\/\/gronau-inside.de\/en\/wp-json\/wp\/v2\/users\/2"}],"replies":[{"embeddable":true,"href":"https:\/\/gronau-inside.de\/en\/wp-json\/wp\/v2\/comments?post=93670"}],"version-history":[{"count":0,"href":"https:\/\/gronau-inside.de\/en\/wp-json\/wp\/v2\/posts\/93670\/revisions"}],"wp:featuredmedia":[{"embeddable":true,"href":"https:\/\/gronau-inside.de\/en\/wp-json\/wp\/v2\/media\/93669"}],"wp:attachment":[{"href":"https:\/\/gronau-inside.de\/en\/wp-json\/wp\/v2\/media?parent=93670"}],"wp:term":[{"taxonomy":"category","embeddable":true,"href":"https:\/\/gronau-inside.de\/en\/wp-json\/wp\/v2\/categories?post=93670"},{"taxonomy":"post_tag","embeddable":true,"href":"https:\/\/gronau-inside.de\/en\/wp-json\/wp\/v2\/tags?post=93670"}],"curies":[{"name":"wp","href":"https:\/\/api.w.org\/{rel}","templated":true}]}}