{"id":10003197,"global_id":"gronau-inside.de\/nl?id=10003197","global_id_lineage":["gronau-inside.de\/nl?id=10003197"],"author":"7","status":"publish","date":"2025-05-19 13:57:41","date_utc":"2025-05-19 11:57:41","modified":"2025-05-19 13:57:41","modified_utc":"2025-05-19 11:57:41","url":"https:\/\/gronau-inside.de\/nl\/veranstaltung\/zomer-in-de-waldbuehne\/2025-08-27","rest_url":"https:\/\/gronau-inside.de\/nl\/wp-json\/tribe\/events\/v1\/events\/10003197","title":"Zomer in de Waldb\u00fchne","description":"<p><strong>Gratis culturele snacks midden op het platteland &#8211; dat is het concept achter de gratis evenementenserie &#8220;Zomer bij de Waldb\u00fchne&#8221;, die nu al voor het zesde jaar plaatsvindt.<\/strong><\/p>\n<p>Dankzij de steun van Stadtwerke Gronau presenteert het cultuurbureau tussen juli en augustus 2025 op in totaal vier data kleine culturele evenementen in de Waldb\u00fchne in het Inselpark. Het begint om 16.00 uur op woensdag. De toegang is gratis en er zijn toiletten en zitplaatsen beschikbaar. U bent welkom om picknick dekens, snacks en drankjes mee te nemen.<\/p>\n<p>16.07.2025 + 30.07.2025 + 13.08.2025 + 27.08.2025<\/p>\n<p>+++Bij slecht weer worden de evenementen verplaatst naar de Turbine muziekclub (op loopafstand van de Waldb\u00fchne) +++<\/p>\n<p>&nbsp;<\/p>\n<p><strong>16.07.25 <\/strong><strong>&#8220;Koor en meer&#8221; met vrouwenkoor HORIZONT<br \/>\n<\/strong>Het vrouwenkoor HORIZONT Gronau opent de zomer in de Waldb\u00fchne onder het motto: &#8220;Koor en meer&#8221;. In het kader van een open repetitie op het platteland presenteren de dames muzikale lekkernijen uit rock, pop en Bella Italia terwijl ze veel plezier beleven aan het samen zingen. <\/p>\n<p><img fetchpriority=\"high\" decoding=\"async\" class=\"alignnone size-medium wp-image-79289\" src=\"https:\/\/gronau-inside.de\/wp-content\/uploads\/2025\/02\/c-Frauenchor-Horizont-300x200.jpg\" alt=\"\" width=\"300\" height=\"200\" srcset=\"https:\/\/gronau-inside.de\/wp-content\/uploads\/2025\/02\/c-Frauenchor-Horizont-300x200.jpg 300w, https:\/\/gronau-inside.de\/wp-content\/uploads\/2025\/02\/c-Frauenchor-Horizont-1024x683.jpg 1024w, https:\/\/gronau-inside.de\/wp-content\/uploads\/2025\/02\/c-Frauenchor-Horizont-768x512.jpg 768w, https:\/\/gronau-inside.de\/wp-content\/uploads\/2025\/02\/c-Frauenchor-Horizont-1536x1025.jpg 1536w, https:\/\/gronau-inside.de\/wp-content\/uploads\/2025\/02\/c-Frauenchor-Horizont-2048x1367.jpg 2048w, https:\/\/gronau-inside.de\/wp-content\/uploads\/2025\/02\/c-Frauenchor-Horizont-600x400.jpg 600w\" sizes=\"(max-width: 300px) 100vw, 300px\" \/><\/p>\n<p><strong>30.07.25 Hitparaden Trio<\/strong><br \/>\nRomantiek, emotie en sfeer &#8211; dat is wat de drie muzikanten van het Hitparaden Trio beloven. Ze halen herinneringen op aan vervlogen tijden met onvergeten Duitse hits en nodigen je uit om mee te swingen en te zingen. <\/p>\n<p><img decoding=\"async\" class=\"alignnone size-medium wp-image-79298\" src=\"https:\/\/gronau-inside.de\/wp-content\/uploads\/2025\/02\/Hitparaden_Trio_neu-300x260.jpg\" alt=\"\" width=\"300\" height=\"260\" srcset=\"https:\/\/gronau-inside.de\/wp-content\/uploads\/2025\/02\/Hitparaden_Trio_neu-300x260.jpg 300w, https:\/\/gronau-inside.de\/wp-content\/uploads\/2025\/02\/Hitparaden_Trio_neu-1024x886.jpg 1024w, https:\/\/gronau-inside.de\/wp-content\/uploads\/2025\/02\/Hitparaden_Trio_neu-768x664.jpg 768w, https:\/\/gronau-inside.de\/wp-content\/uploads\/2025\/02\/Hitparaden_Trio_neu-1536x1329.jpg 1536w, https:\/\/gronau-inside.de\/wp-content\/uploads\/2025\/02\/Hitparaden_Trio_neu-600x519.jpg 600w, https:\/\/gronau-inside.de\/wp-content\/uploads\/2025\/02\/Hitparaden_Trio_neu.jpg 1600w\" sizes=\"(max-width: 300px) 100vw, 300px\" \/><\/p>\n<p><strong>13.08.25 De liedjesschrijvers<br \/>\n<\/strong>In zijn nieuwe soloprogramma presenteert Stefan Gliwitzki uit Hamelen Duitse liedjesschrijvers als Hannes Wader en Reinhard Mey, die tot op de dag van vandaag helden en rolmodellen zijn voor generaties. Hun liedjes zijn po\u00ebtisch, rebels, ironisch, romantisch en bovenal tijdloos. <\/p>\n<figure id=\"attachment_79295\" aria-describedby=\"caption-attachment-79295\" style=\"width: 191px\" class=\"wp-caption alignnone\"><img decoding=\"async\" class=\"size-medium wp-image-79295\" src=\"https:\/\/gronau-inside.de\/wp-content\/uploads\/2025\/02\/c-Stefan-Gliwitzki-191x300.jpg\" alt=\"\" width=\"191\" height=\"300\" srcset=\"https:\/\/gronau-inside.de\/wp-content\/uploads\/2025\/02\/c-Stefan-Gliwitzki-191x300.jpg 191w, https:\/\/gronau-inside.de\/wp-content\/uploads\/2025\/02\/c-Stefan-Gliwitzki-652x1024.jpg 652w, https:\/\/gronau-inside.de\/wp-content\/uploads\/2025\/02\/c-Stefan-Gliwitzki-768x1207.jpg 768w, https:\/\/gronau-inside.de\/wp-content\/uploads\/2025\/02\/c-Stefan-Gliwitzki-600x943.jpg 600w, https:\/\/gronau-inside.de\/wp-content\/uploads\/2025\/02\/c-Stefan-Gliwitzki.jpg 912w\" sizes=\"(max-width: 191px) 100vw, 191px\" \/><figcaption id=\"caption-attachment-79295\" class=\"wp-caption-text\">Stefan Gliwitzki &#8211; Reher 2016<\/figcaption><\/figure>\n<p><strong>27.08.25 Kleines Besteck<br \/>\n<\/strong>Het kwartet &#8220;Kleines Besteck&#8221; nodigt je uit op een muzikale reis door de tijd vol nostalgie en ritme! Met een opzwepende mix van rockabilly, country, rock &#8216;n&#8217; roll, oldies en onvergetelijke Elvis-hits zorgt de band voor een authentiek retrogevoel en pure sfeer. <\/p>\n<p><img loading=\"lazy\" decoding=\"async\" class=\"alignnone size-medium wp-image-79292\" src=\"https:\/\/gronau-inside.de\/wp-content\/uploads\/2025\/02\/c-Kleines-Besteck-300x241.jpg\" alt=\"\" width=\"300\" height=\"241\" srcset=\"https:\/\/gronau-inside.de\/wp-content\/uploads\/2025\/02\/c-Kleines-Besteck-300x241.jpg 300w, https:\/\/gronau-inside.de\/wp-content\/uploads\/2025\/02\/c-Kleines-Besteck-768x618.jpg 768w, https:\/\/gronau-inside.de\/wp-content\/uploads\/2025\/02\/c-Kleines-Besteck-600x482.jpg 600w, https:\/\/gronau-inside.de\/wp-content\/uploads\/2025\/02\/c-Kleines-Besteck.jpg 873w\" sizes=\"(max-width: 300px) 100vw, 300px\" \/><\/p>","excerpt":"","slug":"zomer-in-de-waldbuehne","image":{"url":"https:\/\/gronau-inside.de\/wp-content\/uploads\/2025\/02\/sommer_an_der_waldbuehne_2025_Quadrat.jpg","id":74591,"extension":"jpg","width":1500,"height":1500,"filesize":659269,"sizes":{"medium":{"width":300,"height":300,"mime-type":"image\/jpeg","filesize":52352,"url":"https:\/\/gronau-inside.de\/wp-content\/uploads\/2025\/02\/sommer_an_der_waldbuehne_2025_Quadrat-300x300.jpg"},"large":{"width":1024,"height":1024,"mime-type":"image\/jpeg","filesize":168448,"url":"https:\/\/gronau-inside.de\/wp-content\/uploads\/2025\/02\/sommer_an_der_waldbuehne_2025_Quadrat-1024x1024.jpg"},"thumbnail":{"width":150,"height":150,"mime-type":"image\/jpeg","filesize":36852,"url":"https:\/\/gronau-inside.de\/wp-content\/uploads\/2025\/02\/sommer_an_der_waldbuehne_2025_Quadrat-150x150.jpg"},"medium_large":{"width":768,"height":768,"mime-type":"image\/jpeg","filesize":120692,"url":"https:\/\/gronau-inside.de\/wp-content\/uploads\/2025\/02\/sommer_an_der_waldbuehne_2025_Quadrat-768x768.jpg"},"woocommerce_thumbnail":{"width":600,"height":600,"mime-type":"image\/jpeg","filesize":93152,"url":"https:\/\/gronau-inside.de\/wp-content\/uploads\/2025\/02\/sommer_an_der_waldbuehne_2025_Quadrat-600x600.jpg"},"woocommerce_single":{"width":600,"height":600,"mime-type":"image\/jpeg","filesize":93152,"url":"https:\/\/gronau-inside.de\/wp-content\/uploads\/2025\/02\/sommer_an_der_waldbuehne_2025_Quadrat-600x600.jpg"},"woocommerce_gallery_thumbnail":{"width":100,"height":100,"mime-type":"image\/jpeg","filesize":33124,"url":"https:\/\/gronau-inside.de\/wp-content\/uploads\/2025\/02\/sommer_an_der_waldbuehne_2025_Quadrat-100x100.jpg"}}},"all_day":false,"start_date":"2025-08-27 16:00:00","start_date_details":{"year":"2025","month":"08","day":"27","hour":"16","minutes":"00","seconds":"00"},"end_date":"2025-08-27 16:00:00","end_date_details":{"year":"2025","month":"08","day":"27","hour":"16","minutes":"00","seconds":"00"},"utc_start_date":"2025-08-27 14:00:00","utc_start_date_details":{"year":"2025","month":"08","day":"27","hour":"14","minutes":"00","seconds":"00"},"utc_end_date":"2025-08-27 14:00:00","utc_end_date_details":{"year":"2025","month":"08","day":"27","hour":"14","minutes":"00","seconds":"00"},"timezone":"Europe\/Berlin","timezone_abbr":"CEST","cost":"","cost_details":{"currency_symbol":"","currency_code":"","currency_position":"","values":[]},"website":"https:\/\/gronau-inside.de\/veranstaltungen\/sommer-waldbuehne","show_map":true,"show_map_link":true,"hide_from_listings":false,"sticky":false,"featured":false,"categories":[],"tags":[],"venue":{"id":61198,"author":"7","status":"publish","date":"2024-03-24 20:53:03","date_utc":"2024-03-24 19:53:03","modified":"2024-03-24 20:53:03","modified_utc":"2024-03-24 19:53:03","url":"https:\/\/gronau-inside.de\/locatie\/waldbuehne","venue":"Waldb\u00fchne","slug":"waldbuehne","address":"neben der Pyramide auf dem LAGA-Gel\u00e4nde","city":"Gronau","zip":"48599","json_ld":{"@type":"Place","name":"Waldb\u00fchne","description":"","url":"https:\/\/gronau-inside.de\/locatie\/waldbuehne","address":{"@type":"PostalAddress","streetAddress":"neben der Pyramide auf dem LAGA-Gel\u00e4nde","addressLocality":"Gronau","postalCode":"48599"},"telephone":"","sameAs":""},"show_map":true,"show_map_link":true,"global_id":"gronau-inside.de\/nl?id=61198","global_id_lineage":["gronau-inside.de\/nl?id=61198"]},"organizer":[{"id":60807,"author":"4","status":"publish","date":"2024-03-21 16:18:07","date_utc":"2024-03-21 15:18:07","modified":"2024-03-21 16:18:07","modified_utc":"2024-03-21 15:18:07","url":"https:\/\/gronau-inside.de\/organisator\/kulturbuero-touristinfo-stadtmarketing-gronau","organizer":"Kulturb\u00fcro\/ Touristinfo &#038; Stadtmarketing Gronau","slug":"kulturbuero-touristinfo-stadtmarketing-gronau","phone":"+492562 99006","website":"https:\/\/gronau-inside.de\/","email":"info@stadtmarketing-gronau.de","json_ld":{"@type":"Person","name":"Kulturb\u00fcro\/ Touristinfo &#038; Stadtmarketing Gronau","description":"","url":"https:\/\/gronau-inside.de\/","telephone":"+492562 99006","email":"info&#64;st&#97;&#100;&#116;mar&#107;e&#116;&#105;&#110;&#103;-&#103;&#114;&#111;nau&#46;&#100;&#101;","sameAs":"https:\/\/gronau-inside.de\/"},"global_id":"gronau-inside.de\/nl?id=60807","global_id_lineage":["gronau-inside.de\/nl?id=60807"]}],"custom_fields":[],"json_ld":{"@context":"http:\/\/schema.org","@type":"Event","name":"Zomer in de Waldb\u00fchne","description":"&lt;p&gt;Gratis culturele snacks midden op het platteland - dat is het concept achter de gratis evenementenserie &quot;Zomer bij de Waldb\u00fchne&quot;, die nu al voor het zesde jaar plaatsvindt. Dankzij de [&hellip;]&lt;\/p&gt;\\n","image":"https:\/\/gronau-inside.de\/wp-content\/uploads\/2025\/02\/sommer_an_der_waldbuehne_2025_Quadrat.jpg","url":"https:\/\/gronau-inside.de\/nl\/veranstaltung\/zomer-in-de-waldbuehne\/2025-08-27\/","eventAttendanceMode":"https:\/\/schema.org\/OfflineEventAttendanceMode","eventStatus":"https:\/\/schema.org\/EventScheduled","startDate":"2025-08-27T16:00:00+02:00","endDate":"2025-08-27T16:00:00+02:00","location":{"@type":"Place","name":"Waldb\u00fchne","description":"","url":"https:\/\/gronau-inside.de\/locatie\/waldbuehne","address":{"@type":"PostalAddress","streetAddress":"neben der Pyramide auf dem LAGA-Gel\u00e4nde","addressLocality":"Gronau","postalCode":"48599"},"telephone":"","sameAs":""},"organizer":{"@type":"Person","name":"Kulturb\u00fcro\/ Touristinfo &#038; Stadtmarketing Gronau","description":"","url":"https:\/\/gronau-inside.de\/","telephone":"+492562 99006","email":"&#105;nfo&#64;&#115;&#116;a&#100;t&#109;ar&#107;e&#116;&#105;ng&#45;&#103;ron&#97;u&#46;&#100;&#101;","sameAs":"https:\/\/gronau-inside.de\/"},"performer":"Organization"},"ticketed":false,"is_virtual":false,"virtual_url":null,"virtual_video_source":""}