{"id":10006733,"global_id":"gronau-inside.de\/nl?id=10006733","global_id_lineage":["gronau-inside.de\/nl?id=10006733"],"author":"7","status":"publish","date":"2026-02-09 14:57:44","date_utc":"2026-02-09 13:57:44","modified":"2026-02-09 14:58:11","modified_utc":"2026-02-09 13:58:11","url":"https:\/\/gronau-inside.de\/nl\/veranstaltung\/kerkdienst-in-de-open-lucht-bij-de-waldbuehne\/2026-06-28","rest_url":"https:\/\/gronau-inside.de\/nl\/wp-json\/tribe\/events\/v1\/events\/10006733","title":"Kerkdienst in de open lucht bij de Waldb\u00fchne","description":"<p>Vanaf 11.00 uur viert de Evangelische Freikirche am Olympiaweg een openluchtkerkdienst op de Waldb\u00fchne. Jong en oud, alleenstaanden en gezinnen ontmoeten elkaar hier &#8211; iedereen is van harte uitgenodigd! We komen samen om samen God te vieren &#8211; met liederen begeleid door de band en een preek die ons uitdaagt om met God te leven. Omdat we geloven dat Hij van ons mensen houdt en ons wil ontmoeten.   <\/p>\n<p>Na een gezamenlijke start worden alle kinderen tussen de 3 en 12 jaar uitgenodigd om mee te doen met de kinderdienst op de naastgelegen weide. Daar spelen ze, maken ze dingen, lachen ze en luisteren ze naar een verhaal over wat mensen uit de Bijbel meemaakten met God. <\/p>\n<p>Telkens om 11 uur op:<br \/>\n26 april, 31 mei, 28 juni, 30 augustus, 27 september<\/p>\n<p>Kom erbij, we kijken uit naar je komst!<br \/>\nMeer informatie op <a href=\"http:\/\/www.freikirchegronau.de\">www.freikirchegronau.de<\/a><\/p>","excerpt":"","slug":"kerkdienst-in-de-open-lucht-bij-de-waldbuehne","image":{"url":"https:\/\/gronau-inside.de\/wp-content\/uploads\/2026\/02\/Wald-Ostern-22-Seite.jpg","id":91546,"extension":"jpg","width":2500,"height":1624,"filesize":1007212,"sizes":{"medium":{"width":300,"height":195,"mime-type":"image\/jpeg","filesize":27099,"url":"https:\/\/gronau-inside.de\/wp-content\/uploads\/2026\/02\/Wald-Ostern-22-Seite-300x195.jpg"},"large":{"width":1024,"height":665,"mime-type":"image\/jpeg","filesize":204434,"url":"https:\/\/gronau-inside.de\/wp-content\/uploads\/2026\/02\/Wald-Ostern-22-Seite-1024x665.jpg"},"thumbnail":{"width":150,"height":150,"mime-type":"image\/jpeg","filesize":16219,"url":"https:\/\/gronau-inside.de\/wp-content\/uploads\/2026\/02\/Wald-Ostern-22-Seite-150x150.jpg"},"medium_large":{"width":768,"height":499,"mime-type":"image\/jpeg","filesize":121213,"url":"https:\/\/gronau-inside.de\/wp-content\/uploads\/2026\/02\/Wald-Ostern-22-Seite-768x499.jpg"},"1536x1536":{"width":1536,"height":998,"mime-type":"image\/jpeg","filesize":419541,"url":"https:\/\/gronau-inside.de\/wp-content\/uploads\/2026\/02\/Wald-Ostern-22-Seite-1536x998.jpg"},"2048x2048":{"width":2048,"height":1330,"mime-type":"image\/jpeg","filesize":677462,"url":"https:\/\/gronau-inside.de\/wp-content\/uploads\/2026\/02\/Wald-Ostern-22-Seite-2048x1330.jpg"},"woocommerce_thumbnail":{"width":600,"height":600,"mime-type":"image\/jpeg","filesize":113691,"uncropped":false,"url":"https:\/\/gronau-inside.de\/wp-content\/uploads\/2026\/02\/Wald-Ostern-22-Seite-600x600.jpg"},"woocommerce_single":{"width":600,"height":390,"mime-type":"image\/jpeg","filesize":78412,"url":"https:\/\/gronau-inside.de\/wp-content\/uploads\/2026\/02\/Wald-Ostern-22-Seite-600x390.jpg"},"woocommerce_gallery_thumbnail":{"width":100,"height":100,"mime-type":"image\/jpeg","filesize":12556,"url":"https:\/\/gronau-inside.de\/wp-content\/uploads\/2026\/02\/Wald-Ostern-22-Seite-100x100.jpg"}}},"all_day":false,"start_date":"2026-06-28 11:00:00","start_date_details":{"year":"2026","month":"06","day":"28","hour":"11","minutes":"00","seconds":"00"},"end_date":"2026-06-28 11:00:00","end_date_details":{"year":"2026","month":"06","day":"28","hour":"11","minutes":"00","seconds":"00"},"utc_start_date":"2026-06-28 09:00:00","utc_start_date_details":{"year":"2026","month":"06","day":"28","hour":"09","minutes":"00","seconds":"00"},"utc_end_date":"2026-06-28 09:00:00","utc_end_date_details":{"year":"2026","month":"06","day":"28","hour":"09","minutes":"00","seconds":"00"},"timezone":"Europe\/Berlin","timezone_abbr":"CEST","cost":"","cost_details":{"currency_symbol":"","currency_code":"","currency_position":"","values":[]},"website":"https:\/\/www.freikirchegronau.de\/","show_map":true,"show_map_link":true,"hide_from_listings":false,"sticky":false,"featured":false,"categories":[{"name":"Gezinnen + kinderen","slug":"gezinnen-kinderen","term_group":0,"term_taxonomy_id":330,"taxonomy":"tribe_events_cat","description":"","parent":0,"count":92,"filter":"raw","term_order":"0","order":"0","id":330,"urls":{"self":"https:\/\/gronau-inside.de\/nl\/wp-json\/tribe\/events\/v1\/categories\/330","collection":"https:\/\/gronau-inside.de\/nl\/wp-json\/tribe\/events\/v1\/categories"}},{"name":"Senioren","slug":"senioren-nl","term_group":0,"term_taxonomy_id":436,"taxonomy":"tribe_events_cat","description":"","parent":0,"count":36,"filter":"raw","term_order":"0","order":"0","id":436,"urls":{"self":"https:\/\/gronau-inside.de\/nl\/wp-json\/tribe\/events\/v1\/categories\/436","collection":"https:\/\/gronau-inside.de\/nl\/wp-json\/tribe\/events\/v1\/categories"}}],"tags":[],"venue":{"id":61198,"author":"7","status":"publish","date":"2024-03-24 20:53:03","date_utc":"2024-03-24 19:53:03","modified":"2024-03-24 20:53:03","modified_utc":"2024-03-24 19:53:03","url":"https:\/\/gronau-inside.de\/locatie\/waldbuehne","venue":"Waldb\u00fchne","slug":"waldbuehne","address":"neben der Pyramide auf dem LAGA-Gel\u00e4nde","city":"Gronau","zip":"48599","json_ld":{"@type":"Place","name":"Waldb\u00fchne","description":"","url":"https:\/\/gronau-inside.de\/locatie\/waldbuehne","address":{"@type":"PostalAddress","streetAddress":"neben der Pyramide auf dem LAGA-Gel\u00e4nde","addressLocality":"Gronau","postalCode":"48599"},"telephone":"","sameAs":""},"show_map":true,"show_map_link":true,"global_id":"gronau-inside.de\/nl?id=61198","global_id_lineage":["gronau-inside.de\/nl?id=61198"]},"organizer":[{"id":61395,"author":"7","status":"publish","date":"2024-03-25 15:32:36","date_utc":"2024-03-25 14:32:36","modified":"2024-03-25 15:32:36","modified_utc":"2024-03-25 14:32:36","url":"https:\/\/gronau-inside.de\/organisator\/evangelische-freikirche-gronau","organizer":"Evangelische Freikirche Gronau","slug":"evangelische-freikirche-gronau","phone":"+49 2562 98253","website":"https:\/\/www.freikirchegronau.de\/","email":"kontakt@freikirchegronau.de","json_ld":{"@type":"Person","name":"Evangelische Freikirche Gronau","description":"","url":"https:\/\/www.freikirchegronau.de\/","telephone":"+49 2562 98253","email":"kont&#97;k&#116;&#64;&#102;&#114;eik&#105;&#114;ch&#101;&#103;&#114;&#111;na&#117;.d&#101;","sameAs":"https:\/\/www.freikirchegronau.de\/"},"global_id":"gronau-inside.de\/nl?id=61395","global_id_lineage":["gronau-inside.de\/nl?id=61395"]}],"custom_fields":[],"json_ld":{"@context":"http:\/\/schema.org","@type":"Event","name":"Kerkdienst in de open lucht bij de Waldb\u00fchne","description":"&lt;p&gt;Vanaf 11.00 uur viert de Evangelische Freikirche am Olympiaweg een openluchtkerkdienst op de Waldb\u00fchne. Jong en oud, alleenstaanden en gezinnen ontmoeten elkaar hier - iedereen is van harte uitgenodigd! We [&hellip;]&lt;\/p&gt;\\n","image":"https:\/\/gronau-inside.de\/wp-content\/uploads\/2026\/02\/Wald-Ostern-22-Seite.jpg","url":"https:\/\/gronau-inside.de\/nl\/veranstaltung\/kerkdienst-in-de-open-lucht-bij-de-waldbuehne\/2026-06-28\/","eventAttendanceMode":"https:\/\/schema.org\/OfflineEventAttendanceMode","eventStatus":"https:\/\/schema.org\/EventScheduled","startDate":"2026-06-28T11:00:00+02:00","endDate":"2026-06-28T11:00:00+02:00","location":{"@type":"Place","name":"Waldb\u00fchne","description":"","url":"https:\/\/gronau-inside.de\/locatie\/waldbuehne","address":{"@type":"PostalAddress","streetAddress":"neben der Pyramide auf dem LAGA-Gel\u00e4nde","addressLocality":"Gronau","postalCode":"48599"},"telephone":"","sameAs":""},"organizer":{"@type":"Person","name":"Evangelische Freikirche Gronau","description":"","url":"https:\/\/www.freikirchegronau.de\/","telephone":"+49 2562 98253","email":"&#107;&#111;&#110;&#116;a&#107;t&#64;fr&#101;i&#107;ir&#99;h&#101;&#103;ro&#110;a&#117;&#46;de","sameAs":"https:\/\/www.freikirchegronau.de\/"},"performer":"Organization"},"ticketed":false,"is_virtual":false,"virtual_url":null,"virtual_video_source":""}