{"id":46897,"date":"2023-10-04T10:00:53","date_gmt":"2023-10-04T08:00:53","guid":{"rendered":"https:\/\/gronau-inside.de\/eig_news\/%f0%9f%8d%82%f0%9f%8e%93-entdecke-deine-zukunft-bei-boeckmann-in-den-herbstferien-laedt-das-modehaus"},"modified":"2023-10-04T10:00:53","modified_gmt":"2023-10-04T08:00:53","slug":"%f0%9f%8d%82%f0%9f%8e%93-entdecke-deine-zukunft-bei-boeckmann-in-den-herbstferien-laedt-das-modehaus","status":"publish","type":"eig_news","link":"https:\/\/gronau-inside.de\/nl\/eig_news\/%f0%9f%8d%82%f0%9f%8e%93-entdecke-deine-zukunft-bei-boeckmann-in-den-herbstferien-laedt-das-modehaus","title":{"rendered":"\ud83c\udf42\ud83c\udf93 Entdecke deine Zukunft bei B\u00f6ckmann! In den Herbstferien l\u00e4dt das Modehaus&#8230;"},"content":{"rendered":"<p>\ud83c\udf42\ud83c\udf93 Entdecke deine Zukunft bei B\u00f6ckmann! In den Herbstferien l\u00e4dt das Modehaus B\u00f6ckmann Sch\u00fclerinnen und Sch\u00fcler herzlich ein, in das Berufsleben reinzunschnuppern \u2013 auch bei B\u00f6ckmann Lingerie in Gronau! Vereinbare jetzt deinen Termin und erlebe einen spannenden Einblick ins Berufsleben. \ud83d\udcbc\u2728<\/p>\n","protected":false},"featured_media":46894,"template":"","categories":[],"class_list":["post-46897","eig_news","type-eig_news","status-publish","has-post-thumbnail","hentry"],"acf":[],"yoast_head":"<!-- This site is optimized with the Yoast SEO plugin v27.4 - https:\/\/yoast.com\/product\/yoast-seo-wordpress\/ -->\n<title>\ud83c\udf42\ud83c\udf93 Entdecke deine Zukunft bei B\u00f6ckmann! In den Herbstferien l\u00e4dt das Modehaus... - Gronau Inside<\/title>\n<meta name=\"robots\" content=\"index, follow, max-snippet:-1, max-image-preview:large, max-video-preview:-1\" \/>\n<link rel=\"canonical\" href=\"https:\/\/gronau-inside.de\/nl\/eig_news\/%f0%9f%8d%82%f0%9f%8e%93-entdecke-deine-zukunft-bei-boeckmann-in-den-herbstferien-laedt-das-modehaus\" \/>\n<meta property=\"og:locale\" content=\"nl_NL\" \/>\n<meta property=\"og:type\" content=\"article\" \/>\n<meta property=\"og:title\" content=\"\ud83c\udf42\ud83c\udf93 Entdecke deine Zukunft bei B\u00f6ckmann! In den Herbstferien l\u00e4dt das Modehaus... - Gronau Inside\" \/>\n<meta property=\"og:description\" content=\"\ud83c\udf42\ud83c\udf93 Entdecke deine Zukunft bei B\u00f6ckmann! In den Herbstferien l\u00e4dt das Modehaus B\u00f6ckmann Sch\u00fclerinnen und Sch\u00fcler herzlich ein, in das Berufsleben reinzunschnuppern \u2013 auch bei B\u00f6ckmann Lingerie in Gronau! Vereinbare [&hellip;]\" \/>\n<meta property=\"og:url\" content=\"https:\/\/gronau-inside.de\/nl\/eig_news\/%f0%9f%8d%82%f0%9f%8e%93-entdecke-deine-zukunft-bei-boeckmann-in-den-herbstferien-laedt-das-modehaus\" \/>\n<meta property=\"og:site_name\" content=\"Gronau Inside\" \/>\n<meta property=\"og:image\" content=\"https:\/\/gronau-inside.de\/wp-content\/uploads\/2023\/10\/385758127_824072473056856_5720101534871097460_n.jpg\" \/>\n\t<meta property=\"og:image:width\" content=\"720\" \/>\n\t<meta property=\"og:image:height\" content=\"720\" \/>\n\t<meta property=\"og:image:type\" content=\"image\/jpeg\" \/>\n<meta name=\"twitter:card\" content=\"summary_large_image\" \/>\n<script type=\"application\/ld+json\" class=\"yoast-schema-graph\">{\"@context\":\"https:\\\/\\\/schema.org\",\"@graph\":[{\"@type\":\"WebPage\",\"@id\":\"https:\\\/\\\/gronau-inside.de\\\/nl\\\/eig_news\\\/%f0%9f%8d%82%f0%9f%8e%93-entdecke-deine-zukunft-bei-boeckmann-in-den-herbstferien-laedt-das-modehaus\",\"url\":\"https:\\\/\\\/gronau-inside.de\\\/nl\\\/eig_news\\\/%f0%9f%8d%82%f0%9f%8e%93-entdecke-deine-zukunft-bei-boeckmann-in-den-herbstferien-laedt-das-modehaus\",\"name\":\"\ud83c\udf42\ud83c\udf93 Entdecke deine Zukunft bei B\u00f6ckmann! In den Herbstferien l\u00e4dt das Modehaus... - Gronau Inside\",\"isPartOf\":{\"@id\":\"https:\\\/\\\/gronau-inside.de\\\/nl#website\"},\"primaryImageOfPage\":{\"@id\":\"https:\\\/\\\/gronau-inside.de\\\/nl\\\/eig_news\\\/%f0%9f%8d%82%f0%9f%8e%93-entdecke-deine-zukunft-bei-boeckmann-in-den-herbstferien-laedt-das-modehaus#primaryimage\"},\"image\":{\"@id\":\"https:\\\/\\\/gronau-inside.de\\\/nl\\\/eig_news\\\/%f0%9f%8d%82%f0%9f%8e%93-entdecke-deine-zukunft-bei-boeckmann-in-den-herbstferien-laedt-das-modehaus#primaryimage\"},\"thumbnailUrl\":\"https:\\\/\\\/gronau-inside.de\\\/wp-content\\\/uploads\\\/2023\\\/10\\\/385758127_824072473056856_5720101534871097460_n.jpg\",\"datePublished\":\"2023-10-04T08:00:53+00:00\",\"breadcrumb\":{\"@id\":\"https:\\\/\\\/gronau-inside.de\\\/nl\\\/eig_news\\\/%f0%9f%8d%82%f0%9f%8e%93-entdecke-deine-zukunft-bei-boeckmann-in-den-herbstferien-laedt-das-modehaus#breadcrumb\"},\"inLanguage\":\"nl-NL\",\"potentialAction\":[{\"@type\":\"ReadAction\",\"target\":[\"https:\\\/\\\/gronau-inside.de\\\/nl\\\/eig_news\\\/%f0%9f%8d%82%f0%9f%8e%93-entdecke-deine-zukunft-bei-boeckmann-in-den-herbstferien-laedt-das-modehaus\"]}]},{\"@type\":\"ImageObject\",\"inLanguage\":\"nl-NL\",\"@id\":\"https:\\\/\\\/gronau-inside.de\\\/nl\\\/eig_news\\\/%f0%9f%8d%82%f0%9f%8e%93-entdecke-deine-zukunft-bei-boeckmann-in-den-herbstferien-laedt-das-modehaus#primaryimage\",\"url\":\"https:\\\/\\\/gronau-inside.de\\\/wp-content\\\/uploads\\\/2023\\\/10\\\/385758127_824072473056856_5720101534871097460_n.jpg\",\"contentUrl\":\"https:\\\/\\\/gronau-inside.de\\\/wp-content\\\/uploads\\\/2023\\\/10\\\/385758127_824072473056856_5720101534871097460_n.jpg\",\"width\":720,\"height\":720},{\"@type\":\"BreadcrumbList\",\"@id\":\"https:\\\/\\\/gronau-inside.de\\\/nl\\\/eig_news\\\/%f0%9f%8d%82%f0%9f%8e%93-entdecke-deine-zukunft-bei-boeckmann-in-den-herbstferien-laedt-das-modehaus#breadcrumb\",\"itemListElement\":[{\"@type\":\"ListItem\",\"position\":1,\"name\":\"Startseite\",\"item\":\"https:\\\/\\\/gronau-inside.de\\\/nl\\\/startseite\"},{\"@type\":\"ListItem\",\"position\":2,\"name\":\"\ud83c\udf42\ud83c\udf93 Entdecke deine Zukunft bei B\u00f6ckmann! In den Herbstferien l\u00e4dt das Modehaus&#8230;\"}]},{\"@type\":\"WebSite\",\"@id\":\"https:\\\/\\\/gronau-inside.de\\\/nl#website\",\"url\":\"https:\\\/\\\/gronau-inside.de\\\/nl\",\"name\":\"Gronau Inside\",\"description\":\"Musikstadt im Gr\u00fcnen\",\"publisher\":{\"@id\":\"https:\\\/\\\/gronau-inside.de\\\/nl#organization\"},\"potentialAction\":[{\"@type\":\"SearchAction\",\"target\":{\"@type\":\"EntryPoint\",\"urlTemplate\":\"https:\\\/\\\/gronau-inside.de\\\/nl?s={search_term_string}\"},\"query-input\":{\"@type\":\"PropertyValueSpecification\",\"valueRequired\":true,\"valueName\":\"search_term_string\"}}],\"inLanguage\":\"nl-NL\"},{\"@type\":\"Organization\",\"@id\":\"https:\\\/\\\/gronau-inside.de\\\/nl#organization\",\"name\":\"Gronau Inside\",\"url\":\"https:\\\/\\\/gronau-inside.de\\\/nl\",\"logo\":{\"@type\":\"ImageObject\",\"inLanguage\":\"nl-NL\",\"@id\":\"https:\\\/\\\/gronau-inside.de\\\/nl#\\\/schema\\\/logo\\\/image\\\/\",\"url\":\"https:\\\/\\\/gronau-inside.de\\\/wp-content\\\/uploads\\\/2020\\\/10\\\/01_gronau-logo_weissaufweiss_Schriftzug-1.png\",\"contentUrl\":\"https:\\\/\\\/gronau-inside.de\\\/wp-content\\\/uploads\\\/2020\\\/10\\\/01_gronau-logo_weissaufweiss_Schriftzug-1.png\",\"width\":254,\"height\":246,\"caption\":\"Gronau Inside\"},\"image\":{\"@id\":\"https:\\\/\\\/gronau-inside.de\\\/nl#\\\/schema\\\/logo\\\/image\\\/\"}}]}<\/script>\n<!-- \/ Yoast SEO plugin. -->","yoast_head_json":{"title":"\ud83c\udf42\ud83c\udf93 Entdecke deine Zukunft bei B\u00f6ckmann! In den Herbstferien l\u00e4dt das Modehaus... - Gronau Inside","robots":{"index":"index","follow":"follow","max-snippet":"max-snippet:-1","max-image-preview":"max-image-preview:large","max-video-preview":"max-video-preview:-1"},"canonical":"https:\/\/gronau-inside.de\/nl\/eig_news\/%f0%9f%8d%82%f0%9f%8e%93-entdecke-deine-zukunft-bei-boeckmann-in-den-herbstferien-laedt-das-modehaus","og_locale":"nl_NL","og_type":"article","og_title":"\ud83c\udf42\ud83c\udf93 Entdecke deine Zukunft bei B\u00f6ckmann! In den Herbstferien l\u00e4dt das Modehaus... - Gronau Inside","og_description":"\ud83c\udf42\ud83c\udf93 Entdecke deine Zukunft bei B\u00f6ckmann! In den Herbstferien l\u00e4dt das Modehaus B\u00f6ckmann Sch\u00fclerinnen und Sch\u00fcler herzlich ein, in das Berufsleben reinzunschnuppern \u2013 auch bei B\u00f6ckmann Lingerie in Gronau! Vereinbare [&hellip;]","og_url":"https:\/\/gronau-inside.de\/nl\/eig_news\/%f0%9f%8d%82%f0%9f%8e%93-entdecke-deine-zukunft-bei-boeckmann-in-den-herbstferien-laedt-das-modehaus","og_site_name":"Gronau Inside","og_image":[{"width":720,"height":720,"url":"https:\/\/gronau-inside.de\/wp-content\/uploads\/2023\/10\/385758127_824072473056856_5720101534871097460_n.jpg","type":"image\/jpeg"}],"twitter_card":"summary_large_image","schema":{"@context":"https:\/\/schema.org","@graph":[{"@type":"WebPage","@id":"https:\/\/gronau-inside.de\/nl\/eig_news\/%f0%9f%8d%82%f0%9f%8e%93-entdecke-deine-zukunft-bei-boeckmann-in-den-herbstferien-laedt-das-modehaus","url":"https:\/\/gronau-inside.de\/nl\/eig_news\/%f0%9f%8d%82%f0%9f%8e%93-entdecke-deine-zukunft-bei-boeckmann-in-den-herbstferien-laedt-das-modehaus","name":"\ud83c\udf42\ud83c\udf93 Entdecke deine Zukunft bei B\u00f6ckmann! In den Herbstferien l\u00e4dt das Modehaus... - Gronau Inside","isPartOf":{"@id":"https:\/\/gronau-inside.de\/nl#website"},"primaryImageOfPage":{"@id":"https:\/\/gronau-inside.de\/nl\/eig_news\/%f0%9f%8d%82%f0%9f%8e%93-entdecke-deine-zukunft-bei-boeckmann-in-den-herbstferien-laedt-das-modehaus#primaryimage"},"image":{"@id":"https:\/\/gronau-inside.de\/nl\/eig_news\/%f0%9f%8d%82%f0%9f%8e%93-entdecke-deine-zukunft-bei-boeckmann-in-den-herbstferien-laedt-das-modehaus#primaryimage"},"thumbnailUrl":"https:\/\/gronau-inside.de\/wp-content\/uploads\/2023\/10\/385758127_824072473056856_5720101534871097460_n.jpg","datePublished":"2023-10-04T08:00:53+00:00","breadcrumb":{"@id":"https:\/\/gronau-inside.de\/nl\/eig_news\/%f0%9f%8d%82%f0%9f%8e%93-entdecke-deine-zukunft-bei-boeckmann-in-den-herbstferien-laedt-das-modehaus#breadcrumb"},"inLanguage":"nl-NL","potentialAction":[{"@type":"ReadAction","target":["https:\/\/gronau-inside.de\/nl\/eig_news\/%f0%9f%8d%82%f0%9f%8e%93-entdecke-deine-zukunft-bei-boeckmann-in-den-herbstferien-laedt-das-modehaus"]}]},{"@type":"ImageObject","inLanguage":"nl-NL","@id":"https:\/\/gronau-inside.de\/nl\/eig_news\/%f0%9f%8d%82%f0%9f%8e%93-entdecke-deine-zukunft-bei-boeckmann-in-den-herbstferien-laedt-das-modehaus#primaryimage","url":"https:\/\/gronau-inside.de\/wp-content\/uploads\/2023\/10\/385758127_824072473056856_5720101534871097460_n.jpg","contentUrl":"https:\/\/gronau-inside.de\/wp-content\/uploads\/2023\/10\/385758127_824072473056856_5720101534871097460_n.jpg","width":720,"height":720},{"@type":"BreadcrumbList","@id":"https:\/\/gronau-inside.de\/nl\/eig_news\/%f0%9f%8d%82%f0%9f%8e%93-entdecke-deine-zukunft-bei-boeckmann-in-den-herbstferien-laedt-das-modehaus#breadcrumb","itemListElement":[{"@type":"ListItem","position":1,"name":"Startseite","item":"https:\/\/gronau-inside.de\/nl\/startseite"},{"@type":"ListItem","position":2,"name":"\ud83c\udf42\ud83c\udf93 Entdecke deine Zukunft bei B\u00f6ckmann! In den Herbstferien l\u00e4dt das Modehaus&#8230;"}]},{"@type":"WebSite","@id":"https:\/\/gronau-inside.de\/nl#website","url":"https:\/\/gronau-inside.de\/nl","name":"Gronau Inside","description":"Musikstadt im Gr\u00fcnen","publisher":{"@id":"https:\/\/gronau-inside.de\/nl#organization"},"potentialAction":[{"@type":"SearchAction","target":{"@type":"EntryPoint","urlTemplate":"https:\/\/gronau-inside.de\/nl?s={search_term_string}"},"query-input":{"@type":"PropertyValueSpecification","valueRequired":true,"valueName":"search_term_string"}}],"inLanguage":"nl-NL"},{"@type":"Organization","@id":"https:\/\/gronau-inside.de\/nl#organization","name":"Gronau Inside","url":"https:\/\/gronau-inside.de\/nl","logo":{"@type":"ImageObject","inLanguage":"nl-NL","@id":"https:\/\/gronau-inside.de\/nl#\/schema\/logo\/image\/","url":"https:\/\/gronau-inside.de\/wp-content\/uploads\/2020\/10\/01_gronau-logo_weissaufweiss_Schriftzug-1.png","contentUrl":"https:\/\/gronau-inside.de\/wp-content\/uploads\/2020\/10\/01_gronau-logo_weissaufweiss_Schriftzug-1.png","width":254,"height":246,"caption":"Gronau Inside"},"image":{"@id":"https:\/\/gronau-inside.de\/nl#\/schema\/logo\/image\/"}}]}},"_links":{"self":[{"href":"https:\/\/gronau-inside.de\/nl\/wp-json\/wp\/v2\/eig_news\/46897","targetHints":{"allow":["GET"]}}],"collection":[{"href":"https:\/\/gronau-inside.de\/nl\/wp-json\/wp\/v2\/eig_news"}],"about":[{"href":"https:\/\/gronau-inside.de\/nl\/wp-json\/wp\/v2\/types\/eig_news"}],"wp:featuredmedia":[{"embeddable":true,"href":"https:\/\/gronau-inside.de\/nl\/wp-json\/wp\/v2\/media\/46894"}],"wp:attachment":[{"href":"https:\/\/gronau-inside.de\/nl\/wp-json\/wp\/v2\/media?parent=46897"}],"wp:term":[{"taxonomy":"category","embeddable":true,"href":"https:\/\/gronau-inside.de\/nl\/wp-json\/wp\/v2\/categories?post=46897"}],"curies":[{"name":"wp","href":"https:\/\/api.w.org\/{rel}","templated":true}]}}