{"id":52605,"date":"2023-12-05T18:00:44","date_gmt":"2023-12-05T17:00:44","guid":{"rendered":"https:\/\/gronau-inside.de\/einen-tanztee-fuer-senioren-mit-live-musik-veranstaltet-das-cafe-grenzenlos"},"modified":"2023-12-05T18:00:44","modified_gmt":"2023-12-05T17:00:44","slug":"einen-tanztee-fuer-senioren-mit-live-musik-veranstaltet-das-cafe-grenzenlos","status":"publish","type":"post","link":"https:\/\/gronau-inside.de\/nl\/einen-tanztee-fuer-senioren-mit-live-musik-veranstaltet-das-cafe-grenzenlos","title":{"rendered":"Einen Tanztee f\u00fcr Senioren mit Live-Musik veranstaltet das Caf\u00e9 Grenzenlos &#8211; &#8230;"},"content":{"rendered":"<p>Einen Tanztee f\u00fcr Senioren mit Live-Musik veranstaltet das Caf\u00e9 Grenzenlos &#8211; Begegnungsst\u00e4tte, Kunst &#038; Kultur am Sonntag um 15 Uhr mit dem beliebten Hitparaden Trio &#038; Miss Marple. \ud83d\udc83\ud83c\udffc<\/p>\n<p>Bei Kaffee &#038; Kuchen k\u00f6nnt ihr zu flotten Rhythmen das Tanzbein schwingen. Verschiedene Tanzrichtungen wie Rumba, Walzer oder Swing werden ber\u00fccksichtigt. Dabei d\u00fcrft ihr euch auch auf Klassiker von Udo J\u00fcrgens oder Helene Fischer freuen.\ud83d\ude0a<\/p>\n<p>Keine Lust das Tanzbein zu schwingen? Dann d\u00fcrft ihr nat\u00fcrlich auch einfach so vorbeischauen &#038; den leckeren selbstgebackenen Kuchen nach Omas Rezept genie\u00dfen. <\/p>\n<p>Der Eintritt ist frei.<\/p>\n","protected":false},"excerpt":{"rendered":"<p>Einen Tanztee f\u00fcr Senioren mit Live-Musik veranstaltet das Caf\u00e9 Grenzenlos &#8211; Begegnungsst\u00e4tte, Kunst &#038; Kultur am Sonntag um 15 Uhr mit dem beliebten Hitparaden Trio &#038; Miss Marple. \ud83d\udc83\ud83c\udffc Bei [&hellip;]<\/p>\n","protected":false},"author":2,"featured_media":52602,"comment_status":"","ping_status":"open","sticky":false,"template":"","format":"standard","meta":{"_acf_changed":false,"_price":"","_stock":"","_tribe_ticket_header":"","_tribe_default_ticket_provider":"","_tribe_ticket_capacity":"","_ticket_start_date":"","_ticket_end_date":"","_tribe_ticket_show_description":"","_tribe_ticket_show_not_going":false,"_tribe_ticket_use_global_stock":"","_tribe_ticket_global_stock_level":"","_global_stock_mode":"","_global_stock_cap":"","_tribe_rsvp_for_event":"","_tribe_ticket_going_count":"","_tribe_ticket_not_going_count":"","_tribe_tickets_list":"[]","_tribe_ticket_has_attendee_info_fields":false,"footnotes":""},"categories":[21],"tags":[],"class_list":["post-52605","post","type-post","status-publish","format-standard","has-post-thumbnail","hentry","category-angesagt"],"acf":[],"yoast_head":"<!-- This site is optimized with the Yoast SEO plugin v27.5 - https:\/\/yoast.com\/product\/yoast-seo-wordpress\/ -->\n<title>Einen Tanztee f\u00fcr Senioren mit Live-Musik veranstaltet das Caf\u00e9 Grenzenlos - ... - Gronau Inside<\/title>\n<meta name=\"robots\" content=\"index, follow, max-snippet:-1, max-image-preview:large, max-video-preview:-1\" \/>\n<link rel=\"canonical\" href=\"https:\/\/gronau-inside.de\/nl\/einen-tanztee-fuer-senioren-mit-live-musik-veranstaltet-das-cafe-grenzenlos\" \/>\n<meta property=\"og:locale\" content=\"nl_NL\" \/>\n<meta property=\"og:type\" content=\"article\" \/>\n<meta property=\"og:title\" content=\"Einen Tanztee f\u00fcr Senioren mit Live-Musik veranstaltet das Caf\u00e9 Grenzenlos - ... - Gronau Inside\" \/>\n<meta property=\"og:description\" content=\"Einen Tanztee f\u00fcr Senioren mit Live-Musik veranstaltet das Caf\u00e9 Grenzenlos &#8211; Begegnungsst\u00e4tte, Kunst &#038; Kultur am Sonntag um 15 Uhr mit dem beliebten Hitparaden Trio &#038; Miss Marple. \ud83d\udc83\ud83c\udffc Bei [&hellip;]\" \/>\n<meta property=\"og:url\" content=\"https:\/\/gronau-inside.de\/nl\/einen-tanztee-fuer-senioren-mit-live-musik-veranstaltet-das-cafe-grenzenlos\" \/>\n<meta property=\"og:site_name\" content=\"Gronau Inside\" \/>\n<meta property=\"article:published_time\" content=\"2023-12-05T17:00:44+00:00\" \/>\n<meta property=\"og:image\" content=\"https:\/\/gronau-inside.de\/wp-content\/uploads\/2023\/12\/407431722_837480585049376_6934550194336767966_n.jpg\" \/>\n\t<meta property=\"og:image:width\" content=\"720\" \/>\n\t<meta property=\"og:image:height\" content=\"853\" \/>\n\t<meta property=\"og:image:type\" content=\"image\/jpeg\" \/>\n<meta name=\"author\" content=\"Gronau Inside\" \/>\n<meta name=\"twitter:card\" content=\"summary_large_image\" \/>\n<meta name=\"twitter:label1\" content=\"Geschreven door\" \/>\n\t<meta name=\"twitter:data1\" content=\"Gronau Inside\" \/>\n<script type=\"application\/ld+json\" class=\"yoast-schema-graph\">{\"@context\":\"https:\\\/\\\/schema.org\",\"@graph\":[{\"@type\":\"Article\",\"@id\":\"https:\\\/\\\/gronau-inside.de\\\/nl\\\/einen-tanztee-fuer-senioren-mit-live-musik-veranstaltet-das-cafe-grenzenlos#article\",\"isPartOf\":{\"@id\":\"https:\\\/\\\/gronau-inside.de\\\/nl\\\/einen-tanztee-fuer-senioren-mit-live-musik-veranstaltet-das-cafe-grenzenlos\"},\"author\":{\"name\":\"Gronau Inside\",\"@id\":\"https:\\\/\\\/gronau-inside.de\\\/nl#\\\/schema\\\/person\\\/f2e1f5c91cd43ca8b12ddf26d7546e29\"},\"headline\":\"Einen Tanztee f\u00fcr Senioren mit Live-Musik veranstaltet das Caf\u00e9 Grenzenlos &#8211; &#8230;\",\"datePublished\":\"2023-12-05T17:00:44+00:00\",\"mainEntityOfPage\":{\"@id\":\"https:\\\/\\\/gronau-inside.de\\\/nl\\\/einen-tanztee-fuer-senioren-mit-live-musik-veranstaltet-das-cafe-grenzenlos\"},\"wordCount\":106,\"publisher\":{\"@id\":\"https:\\\/\\\/gronau-inside.de\\\/nl#organization\"},\"image\":{\"@id\":\"https:\\\/\\\/gronau-inside.de\\\/nl\\\/einen-tanztee-fuer-senioren-mit-live-musik-veranstaltet-das-cafe-grenzenlos#primaryimage\"},\"thumbnailUrl\":\"https:\\\/\\\/gronau-inside.de\\\/wp-content\\\/uploads\\\/2023\\\/12\\\/407431722_837480585049376_6934550194336767966_n.jpg\",\"articleSection\":[\"#ANGESAGT\"],\"inLanguage\":\"nl-NL\"},{\"@type\":\"WebPage\",\"@id\":\"https:\\\/\\\/gronau-inside.de\\\/nl\\\/einen-tanztee-fuer-senioren-mit-live-musik-veranstaltet-das-cafe-grenzenlos\",\"url\":\"https:\\\/\\\/gronau-inside.de\\\/nl\\\/einen-tanztee-fuer-senioren-mit-live-musik-veranstaltet-das-cafe-grenzenlos\",\"name\":\"Einen Tanztee f\u00fcr Senioren mit Live-Musik veranstaltet das Caf\u00e9 Grenzenlos - ... - Gronau Inside\",\"isPartOf\":{\"@id\":\"https:\\\/\\\/gronau-inside.de\\\/nl#website\"},\"primaryImageOfPage\":{\"@id\":\"https:\\\/\\\/gronau-inside.de\\\/nl\\\/einen-tanztee-fuer-senioren-mit-live-musik-veranstaltet-das-cafe-grenzenlos#primaryimage\"},\"image\":{\"@id\":\"https:\\\/\\\/gronau-inside.de\\\/nl\\\/einen-tanztee-fuer-senioren-mit-live-musik-veranstaltet-das-cafe-grenzenlos#primaryimage\"},\"thumbnailUrl\":\"https:\\\/\\\/gronau-inside.de\\\/wp-content\\\/uploads\\\/2023\\\/12\\\/407431722_837480585049376_6934550194336767966_n.jpg\",\"datePublished\":\"2023-12-05T17:00:44+00:00\",\"breadcrumb\":{\"@id\":\"https:\\\/\\\/gronau-inside.de\\\/nl\\\/einen-tanztee-fuer-senioren-mit-live-musik-veranstaltet-das-cafe-grenzenlos#breadcrumb\"},\"inLanguage\":\"nl-NL\",\"potentialAction\":[{\"@type\":\"ReadAction\",\"target\":[\"https:\\\/\\\/gronau-inside.de\\\/nl\\\/einen-tanztee-fuer-senioren-mit-live-musik-veranstaltet-das-cafe-grenzenlos\"]}]},{\"@type\":\"ImageObject\",\"inLanguage\":\"nl-NL\",\"@id\":\"https:\\\/\\\/gronau-inside.de\\\/nl\\\/einen-tanztee-fuer-senioren-mit-live-musik-veranstaltet-das-cafe-grenzenlos#primaryimage\",\"url\":\"https:\\\/\\\/gronau-inside.de\\\/wp-content\\\/uploads\\\/2023\\\/12\\\/407431722_837480585049376_6934550194336767966_n.jpg\",\"contentUrl\":\"https:\\\/\\\/gronau-inside.de\\\/wp-content\\\/uploads\\\/2023\\\/12\\\/407431722_837480585049376_6934550194336767966_n.jpg\",\"width\":720,\"height\":853},{\"@type\":\"BreadcrumbList\",\"@id\":\"https:\\\/\\\/gronau-inside.de\\\/nl\\\/einen-tanztee-fuer-senioren-mit-live-musik-veranstaltet-das-cafe-grenzenlos#breadcrumb\",\"itemListElement\":[{\"@type\":\"ListItem\",\"position\":1,\"name\":\"Startseite\",\"item\":\"https:\\\/\\\/gronau-inside.de\\\/nl\\\/startseite\"},{\"@type\":\"ListItem\",\"position\":2,\"name\":\"Einen Tanztee f\u00fcr Senioren mit Live-Musik veranstaltet das Caf\u00e9 Grenzenlos &#8211; &#8230;\"}]},{\"@type\":\"WebSite\",\"@id\":\"https:\\\/\\\/gronau-inside.de\\\/nl#website\",\"url\":\"https:\\\/\\\/gronau-inside.de\\\/nl\",\"name\":\"Gronau Inside\",\"description\":\"Musikstadt im Gr\u00fcnen\",\"publisher\":{\"@id\":\"https:\\\/\\\/gronau-inside.de\\\/nl#organization\"},\"potentialAction\":[{\"@type\":\"SearchAction\",\"target\":{\"@type\":\"EntryPoint\",\"urlTemplate\":\"https:\\\/\\\/gronau-inside.de\\\/nl?s={search_term_string}\"},\"query-input\":{\"@type\":\"PropertyValueSpecification\",\"valueRequired\":true,\"valueName\":\"search_term_string\"}}],\"inLanguage\":\"nl-NL\"},{\"@type\":\"Organization\",\"@id\":\"https:\\\/\\\/gronau-inside.de\\\/nl#organization\",\"name\":\"Gronau Inside\",\"url\":\"https:\\\/\\\/gronau-inside.de\\\/nl\",\"logo\":{\"@type\":\"ImageObject\",\"inLanguage\":\"nl-NL\",\"@id\":\"https:\\\/\\\/gronau-inside.de\\\/nl#\\\/schema\\\/logo\\\/image\\\/\",\"url\":\"https:\\\/\\\/gronau-inside.de\\\/wp-content\\\/uploads\\\/2020\\\/10\\\/01_gronau-logo_weissaufweiss_Schriftzug-1.png\",\"contentUrl\":\"https:\\\/\\\/gronau-inside.de\\\/wp-content\\\/uploads\\\/2020\\\/10\\\/01_gronau-logo_weissaufweiss_Schriftzug-1.png\",\"width\":254,\"height\":246,\"caption\":\"Gronau Inside\"},\"image\":{\"@id\":\"https:\\\/\\\/gronau-inside.de\\\/nl#\\\/schema\\\/logo\\\/image\\\/\"}},{\"@type\":\"Person\",\"@id\":\"https:\\\/\\\/gronau-inside.de\\\/nl#\\\/schema\\\/person\\\/f2e1f5c91cd43ca8b12ddf26d7546e29\",\"name\":\"Gronau Inside\"}]}<\/script>\n<!-- \/ Yoast SEO plugin. -->","yoast_head_json":{"title":"Einen Tanztee f\u00fcr Senioren mit Live-Musik veranstaltet das Caf\u00e9 Grenzenlos - ... - Gronau Inside","robots":{"index":"index","follow":"follow","max-snippet":"max-snippet:-1","max-image-preview":"max-image-preview:large","max-video-preview":"max-video-preview:-1"},"canonical":"https:\/\/gronau-inside.de\/nl\/einen-tanztee-fuer-senioren-mit-live-musik-veranstaltet-das-cafe-grenzenlos","og_locale":"nl_NL","og_type":"article","og_title":"Einen Tanztee f\u00fcr Senioren mit Live-Musik veranstaltet das Caf\u00e9 Grenzenlos - ... - Gronau Inside","og_description":"Einen Tanztee f\u00fcr Senioren mit Live-Musik veranstaltet das Caf\u00e9 Grenzenlos &#8211; Begegnungsst\u00e4tte, Kunst &#038; Kultur am Sonntag um 15 Uhr mit dem beliebten Hitparaden Trio &#038; Miss Marple. \ud83d\udc83\ud83c\udffc Bei [&hellip;]","og_url":"https:\/\/gronau-inside.de\/nl\/einen-tanztee-fuer-senioren-mit-live-musik-veranstaltet-das-cafe-grenzenlos","og_site_name":"Gronau Inside","article_published_time":"2023-12-05T17:00:44+00:00","og_image":[{"width":720,"height":853,"url":"https:\/\/gronau-inside.de\/wp-content\/uploads\/2023\/12\/407431722_837480585049376_6934550194336767966_n.jpg","type":"image\/jpeg"}],"author":"Gronau Inside","twitter_card":"summary_large_image","twitter_misc":{"Geschreven door":"Gronau Inside"},"schema":{"@context":"https:\/\/schema.org","@graph":[{"@type":"Article","@id":"https:\/\/gronau-inside.de\/nl\/einen-tanztee-fuer-senioren-mit-live-musik-veranstaltet-das-cafe-grenzenlos#article","isPartOf":{"@id":"https:\/\/gronau-inside.de\/nl\/einen-tanztee-fuer-senioren-mit-live-musik-veranstaltet-das-cafe-grenzenlos"},"author":{"name":"Gronau Inside","@id":"https:\/\/gronau-inside.de\/nl#\/schema\/person\/f2e1f5c91cd43ca8b12ddf26d7546e29"},"headline":"Einen Tanztee f\u00fcr Senioren mit Live-Musik veranstaltet das Caf\u00e9 Grenzenlos &#8211; &#8230;","datePublished":"2023-12-05T17:00:44+00:00","mainEntityOfPage":{"@id":"https:\/\/gronau-inside.de\/nl\/einen-tanztee-fuer-senioren-mit-live-musik-veranstaltet-das-cafe-grenzenlos"},"wordCount":106,"publisher":{"@id":"https:\/\/gronau-inside.de\/nl#organization"},"image":{"@id":"https:\/\/gronau-inside.de\/nl\/einen-tanztee-fuer-senioren-mit-live-musik-veranstaltet-das-cafe-grenzenlos#primaryimage"},"thumbnailUrl":"https:\/\/gronau-inside.de\/wp-content\/uploads\/2023\/12\/407431722_837480585049376_6934550194336767966_n.jpg","articleSection":["#ANGESAGT"],"inLanguage":"nl-NL"},{"@type":"WebPage","@id":"https:\/\/gronau-inside.de\/nl\/einen-tanztee-fuer-senioren-mit-live-musik-veranstaltet-das-cafe-grenzenlos","url":"https:\/\/gronau-inside.de\/nl\/einen-tanztee-fuer-senioren-mit-live-musik-veranstaltet-das-cafe-grenzenlos","name":"Einen Tanztee f\u00fcr Senioren mit Live-Musik veranstaltet das Caf\u00e9 Grenzenlos - ... - Gronau Inside","isPartOf":{"@id":"https:\/\/gronau-inside.de\/nl#website"},"primaryImageOfPage":{"@id":"https:\/\/gronau-inside.de\/nl\/einen-tanztee-fuer-senioren-mit-live-musik-veranstaltet-das-cafe-grenzenlos#primaryimage"},"image":{"@id":"https:\/\/gronau-inside.de\/nl\/einen-tanztee-fuer-senioren-mit-live-musik-veranstaltet-das-cafe-grenzenlos#primaryimage"},"thumbnailUrl":"https:\/\/gronau-inside.de\/wp-content\/uploads\/2023\/12\/407431722_837480585049376_6934550194336767966_n.jpg","datePublished":"2023-12-05T17:00:44+00:00","breadcrumb":{"@id":"https:\/\/gronau-inside.de\/nl\/einen-tanztee-fuer-senioren-mit-live-musik-veranstaltet-das-cafe-grenzenlos#breadcrumb"},"inLanguage":"nl-NL","potentialAction":[{"@type":"ReadAction","target":["https:\/\/gronau-inside.de\/nl\/einen-tanztee-fuer-senioren-mit-live-musik-veranstaltet-das-cafe-grenzenlos"]}]},{"@type":"ImageObject","inLanguage":"nl-NL","@id":"https:\/\/gronau-inside.de\/nl\/einen-tanztee-fuer-senioren-mit-live-musik-veranstaltet-das-cafe-grenzenlos#primaryimage","url":"https:\/\/gronau-inside.de\/wp-content\/uploads\/2023\/12\/407431722_837480585049376_6934550194336767966_n.jpg","contentUrl":"https:\/\/gronau-inside.de\/wp-content\/uploads\/2023\/12\/407431722_837480585049376_6934550194336767966_n.jpg","width":720,"height":853},{"@type":"BreadcrumbList","@id":"https:\/\/gronau-inside.de\/nl\/einen-tanztee-fuer-senioren-mit-live-musik-veranstaltet-das-cafe-grenzenlos#breadcrumb","itemListElement":[{"@type":"ListItem","position":1,"name":"Startseite","item":"https:\/\/gronau-inside.de\/nl\/startseite"},{"@type":"ListItem","position":2,"name":"Einen Tanztee f\u00fcr Senioren mit Live-Musik veranstaltet das Caf\u00e9 Grenzenlos &#8211; &#8230;"}]},{"@type":"WebSite","@id":"https:\/\/gronau-inside.de\/nl#website","url":"https:\/\/gronau-inside.de\/nl","name":"Gronau Inside","description":"Musikstadt im Gr\u00fcnen","publisher":{"@id":"https:\/\/gronau-inside.de\/nl#organization"},"potentialAction":[{"@type":"SearchAction","target":{"@type":"EntryPoint","urlTemplate":"https:\/\/gronau-inside.de\/nl?s={search_term_string}"},"query-input":{"@type":"PropertyValueSpecification","valueRequired":true,"valueName":"search_term_string"}}],"inLanguage":"nl-NL"},{"@type":"Organization","@id":"https:\/\/gronau-inside.de\/nl#organization","name":"Gronau Inside","url":"https:\/\/gronau-inside.de\/nl","logo":{"@type":"ImageObject","inLanguage":"nl-NL","@id":"https:\/\/gronau-inside.de\/nl#\/schema\/logo\/image\/","url":"https:\/\/gronau-inside.de\/wp-content\/uploads\/2020\/10\/01_gronau-logo_weissaufweiss_Schriftzug-1.png","contentUrl":"https:\/\/gronau-inside.de\/wp-content\/uploads\/2020\/10\/01_gronau-logo_weissaufweiss_Schriftzug-1.png","width":254,"height":246,"caption":"Gronau Inside"},"image":{"@id":"https:\/\/gronau-inside.de\/nl#\/schema\/logo\/image\/"}},{"@type":"Person","@id":"https:\/\/gronau-inside.de\/nl#\/schema\/person\/f2e1f5c91cd43ca8b12ddf26d7546e29","name":"Gronau Inside"}]}},"_links":{"self":[{"href":"https:\/\/gronau-inside.de\/nl\/wp-json\/wp\/v2\/posts\/52605","targetHints":{"allow":["GET"]}}],"collection":[{"href":"https:\/\/gronau-inside.de\/nl\/wp-json\/wp\/v2\/posts"}],"about":[{"href":"https:\/\/gronau-inside.de\/nl\/wp-json\/wp\/v2\/types\/post"}],"author":[{"embeddable":true,"href":"https:\/\/gronau-inside.de\/nl\/wp-json\/wp\/v2\/users\/2"}],"replies":[{"embeddable":true,"href":"https:\/\/gronau-inside.de\/nl\/wp-json\/wp\/v2\/comments?post=52605"}],"version-history":[{"count":0,"href":"https:\/\/gronau-inside.de\/nl\/wp-json\/wp\/v2\/posts\/52605\/revisions"}],"wp:featuredmedia":[{"embeddable":true,"href":"https:\/\/gronau-inside.de\/nl\/wp-json\/wp\/v2\/media\/52602"}],"wp:attachment":[{"href":"https:\/\/gronau-inside.de\/nl\/wp-json\/wp\/v2\/media?parent=52605"}],"wp:term":[{"taxonomy":"category","embeddable":true,"href":"https:\/\/gronau-inside.de\/nl\/wp-json\/wp\/v2\/categories?post=52605"},{"taxonomy":"post_tag","embeddable":true,"href":"https:\/\/gronau-inside.de\/nl\/wp-json\/wp\/v2\/tags?post=52605"}],"curies":[{"name":"wp","href":"https:\/\/api.w.org\/{rel}","templated":true}]}}