{"id":53702,"date":"2023-12-14T23:08:38","date_gmt":"2023-12-14T22:08:38","guid":{"rendered":"https:\/\/gronau-inside.de\/kann-uns-mal-jemand-kneifen%e2%9c%a8-wer-jetzt-noch-nicht-in-weihnachtsstimmung-ist"},"modified":"2023-12-14T23:08:38","modified_gmt":"2023-12-14T22:08:38","slug":"kann-uns-mal-jemand-kneifen%e2%9c%a8-wer-jetzt-noch-nicht-in-weihnachtsstimmung-ist","status":"publish","type":"post","link":"https:\/\/gronau-inside.de\/nl\/kann-uns-mal-jemand-kneifen%e2%9c%a8-wer-jetzt-noch-nicht-in-weihnachtsstimmung-ist","title":{"rendered":"Kann uns mal jemand kneifen?\u2728 Wer jetzt noch nicht in Weihnachtsstimmung ist,&#8230;"},"content":{"rendered":"<p>Kann uns mal jemand kneifen?\u2728 Wer jetzt noch nicht in Weihnachtsstimmung ist, dem k\u00f6nnen wir auch nicht helfen.\ud83d\ude0e Gro\u00dfartiger Auftakt des Gronauer Weihnachtsmarktes &#8211; DANKE! <\/p>\n<p>Bis einschlie\u00dflich Sonntag k\u00f6nnt ihr hier noch lokale Musik erleben, Wintergl\u00fchwein, Reibepl\u00e4tzchen und mehr genie\u00dfen, Geschenke einkaufen und einfach eine gute Zeit haben. Alle Akteure der Gronauer Innenstadt und des Weihnachtsmarktes freuen sich auf euch und einen ersten Eindruck haben wir hier f\u00fcr euch festgehalten.\ud83e\udd17<\/p>\n<p>Sehen wir uns? Volksbank Gronau-Ahaus<\/p>\n","protected":false},"excerpt":{"rendered":"<p>Kann uns mal jemand kneifen?\u2728 Wer jetzt noch nicht in Weihnachtsstimmung ist, dem k\u00f6nnen wir auch nicht helfen.\ud83d\ude0e Gro\u00dfartiger Auftakt des Gronauer Weihnachtsmarktes &#8211; DANKE! Bis einschlie\u00dflich Sonntag k\u00f6nnt ihr [&hellip;]<\/p>\n","protected":false},"author":2,"featured_media":53699,"comment_status":"","ping_status":"open","sticky":false,"template":"","format":"standard","meta":{"_acf_changed":false,"_price":"","_stock":"","_tribe_ticket_header":"","_tribe_default_ticket_provider":"","_tribe_ticket_capacity":"","_ticket_start_date":"","_ticket_end_date":"","_tribe_ticket_show_description":"","_tribe_ticket_show_not_going":false,"_tribe_ticket_use_global_stock":"","_tribe_ticket_global_stock_level":"","_global_stock_mode":"","_global_stock_cap":"","_tribe_rsvp_for_event":"","_tribe_ticket_going_count":"","_tribe_ticket_not_going_count":"","_tribe_tickets_list":"[]","_tribe_ticket_has_attendee_info_fields":false,"footnotes":""},"categories":[21],"tags":[],"class_list":["post-53702","post","type-post","status-publish","format-standard","has-post-thumbnail","hentry","category-angesagt"],"acf":[],"yoast_head":"<!-- This site is optimized with the Yoast SEO plugin v27.5 - https:\/\/yoast.com\/product\/yoast-seo-wordpress\/ -->\n<title>Kann uns mal jemand kneifen?\u2728 Wer jetzt noch nicht in Weihnachtsstimmung ist,... - Gronau Inside<\/title>\n<meta name=\"robots\" content=\"index, follow, max-snippet:-1, max-image-preview:large, max-video-preview:-1\" \/>\n<link rel=\"canonical\" href=\"https:\/\/gronau-inside.de\/nl\/kann-uns-mal-jemand-kneifen%e2%9c%a8-wer-jetzt-noch-nicht-in-weihnachtsstimmung-ist\" \/>\n<meta property=\"og:locale\" content=\"nl_NL\" \/>\n<meta property=\"og:type\" content=\"article\" \/>\n<meta property=\"og:title\" content=\"Kann uns mal jemand kneifen?\u2728 Wer jetzt noch nicht in Weihnachtsstimmung ist,... - Gronau Inside\" \/>\n<meta property=\"og:description\" content=\"Kann uns mal jemand kneifen?\u2728 Wer jetzt noch nicht in Weihnachtsstimmung ist, dem k\u00f6nnen wir auch nicht helfen.\ud83d\ude0e Gro\u00dfartiger Auftakt des Gronauer Weihnachtsmarktes &#8211; DANKE! Bis einschlie\u00dflich Sonntag k\u00f6nnt ihr [&hellip;]\" \/>\n<meta property=\"og:url\" content=\"https:\/\/gronau-inside.de\/nl\/kann-uns-mal-jemand-kneifen%e2%9c%a8-wer-jetzt-noch-nicht-in-weihnachtsstimmung-ist\" \/>\n<meta property=\"og:site_name\" content=\"Gronau Inside\" \/>\n<meta property=\"article:published_time\" content=\"2023-12-14T22:08:38+00:00\" \/>\n<meta property=\"og:image\" content=\"https:\/\/gronau-inside.de\/wp-content\/uploads\/2023\/12\/411203669_843599691104132_8441593153059531160_n.jpg\" \/>\n\t<meta property=\"og:image:width\" content=\"960\" \/>\n\t<meta property=\"og:image:height\" content=\"720\" \/>\n\t<meta property=\"og:image:type\" content=\"image\/jpeg\" \/>\n<meta name=\"author\" content=\"Gronau Inside\" \/>\n<meta name=\"twitter:card\" content=\"summary_large_image\" \/>\n<meta name=\"twitter:label1\" content=\"Geschreven door\" \/>\n\t<meta name=\"twitter:data1\" content=\"Gronau Inside\" \/>\n<script type=\"application\/ld+json\" class=\"yoast-schema-graph\">{\"@context\":\"https:\\\/\\\/schema.org\",\"@graph\":[{\"@type\":\"Article\",\"@id\":\"https:\\\/\\\/gronau-inside.de\\\/nl\\\/kann-uns-mal-jemand-kneifen%e2%9c%a8-wer-jetzt-noch-nicht-in-weihnachtsstimmung-ist#article\",\"isPartOf\":{\"@id\":\"https:\\\/\\\/gronau-inside.de\\\/nl\\\/kann-uns-mal-jemand-kneifen%e2%9c%a8-wer-jetzt-noch-nicht-in-weihnachtsstimmung-ist\"},\"author\":{\"name\":\"Gronau Inside\",\"@id\":\"https:\\\/\\\/gronau-inside.de\\\/nl#\\\/schema\\\/person\\\/f2e1f5c91cd43ca8b12ddf26d7546e29\"},\"headline\":\"Kann uns mal jemand kneifen?\u2728 Wer jetzt noch nicht in Weihnachtsstimmung ist,&#8230;\",\"datePublished\":\"2023-12-14T22:08:38+00:00\",\"mainEntityOfPage\":{\"@id\":\"https:\\\/\\\/gronau-inside.de\\\/nl\\\/kann-uns-mal-jemand-kneifen%e2%9c%a8-wer-jetzt-noch-nicht-in-weihnachtsstimmung-ist\"},\"wordCount\":95,\"publisher\":{\"@id\":\"https:\\\/\\\/gronau-inside.de\\\/nl#organization\"},\"image\":{\"@id\":\"https:\\\/\\\/gronau-inside.de\\\/nl\\\/kann-uns-mal-jemand-kneifen%e2%9c%a8-wer-jetzt-noch-nicht-in-weihnachtsstimmung-ist#primaryimage\"},\"thumbnailUrl\":\"https:\\\/\\\/gronau-inside.de\\\/wp-content\\\/uploads\\\/2023\\\/12\\\/411203669_843599691104132_8441593153059531160_n.jpg\",\"articleSection\":[\"#ANGESAGT\"],\"inLanguage\":\"nl-NL\"},{\"@type\":\"WebPage\",\"@id\":\"https:\\\/\\\/gronau-inside.de\\\/nl\\\/kann-uns-mal-jemand-kneifen%e2%9c%a8-wer-jetzt-noch-nicht-in-weihnachtsstimmung-ist\",\"url\":\"https:\\\/\\\/gronau-inside.de\\\/nl\\\/kann-uns-mal-jemand-kneifen%e2%9c%a8-wer-jetzt-noch-nicht-in-weihnachtsstimmung-ist\",\"name\":\"Kann uns mal jemand kneifen?\u2728 Wer jetzt noch nicht in Weihnachtsstimmung ist,... - Gronau Inside\",\"isPartOf\":{\"@id\":\"https:\\\/\\\/gronau-inside.de\\\/nl#website\"},\"primaryImageOfPage\":{\"@id\":\"https:\\\/\\\/gronau-inside.de\\\/nl\\\/kann-uns-mal-jemand-kneifen%e2%9c%a8-wer-jetzt-noch-nicht-in-weihnachtsstimmung-ist#primaryimage\"},\"image\":{\"@id\":\"https:\\\/\\\/gronau-inside.de\\\/nl\\\/kann-uns-mal-jemand-kneifen%e2%9c%a8-wer-jetzt-noch-nicht-in-weihnachtsstimmung-ist#primaryimage\"},\"thumbnailUrl\":\"https:\\\/\\\/gronau-inside.de\\\/wp-content\\\/uploads\\\/2023\\\/12\\\/411203669_843599691104132_8441593153059531160_n.jpg\",\"datePublished\":\"2023-12-14T22:08:38+00:00\",\"breadcrumb\":{\"@id\":\"https:\\\/\\\/gronau-inside.de\\\/nl\\\/kann-uns-mal-jemand-kneifen%e2%9c%a8-wer-jetzt-noch-nicht-in-weihnachtsstimmung-ist#breadcrumb\"},\"inLanguage\":\"nl-NL\",\"potentialAction\":[{\"@type\":\"ReadAction\",\"target\":[\"https:\\\/\\\/gronau-inside.de\\\/nl\\\/kann-uns-mal-jemand-kneifen%e2%9c%a8-wer-jetzt-noch-nicht-in-weihnachtsstimmung-ist\"]}]},{\"@type\":\"ImageObject\",\"inLanguage\":\"nl-NL\",\"@id\":\"https:\\\/\\\/gronau-inside.de\\\/nl\\\/kann-uns-mal-jemand-kneifen%e2%9c%a8-wer-jetzt-noch-nicht-in-weihnachtsstimmung-ist#primaryimage\",\"url\":\"https:\\\/\\\/gronau-inside.de\\\/wp-content\\\/uploads\\\/2023\\\/12\\\/411203669_843599691104132_8441593153059531160_n.jpg\",\"contentUrl\":\"https:\\\/\\\/gronau-inside.de\\\/wp-content\\\/uploads\\\/2023\\\/12\\\/411203669_843599691104132_8441593153059531160_n.jpg\",\"width\":960,\"height\":720},{\"@type\":\"BreadcrumbList\",\"@id\":\"https:\\\/\\\/gronau-inside.de\\\/nl\\\/kann-uns-mal-jemand-kneifen%e2%9c%a8-wer-jetzt-noch-nicht-in-weihnachtsstimmung-ist#breadcrumb\",\"itemListElement\":[{\"@type\":\"ListItem\",\"position\":1,\"name\":\"Startseite\",\"item\":\"https:\\\/\\\/gronau-inside.de\\\/nl\\\/startseite\"},{\"@type\":\"ListItem\",\"position\":2,\"name\":\"Kann uns mal jemand kneifen?\u2728 Wer jetzt noch nicht in Weihnachtsstimmung ist,&#8230;\"}]},{\"@type\":\"WebSite\",\"@id\":\"https:\\\/\\\/gronau-inside.de\\\/nl#website\",\"url\":\"https:\\\/\\\/gronau-inside.de\\\/nl\",\"name\":\"Gronau Inside\",\"description\":\"Musikstadt im Gr\u00fcnen\",\"publisher\":{\"@id\":\"https:\\\/\\\/gronau-inside.de\\\/nl#organization\"},\"potentialAction\":[{\"@type\":\"SearchAction\",\"target\":{\"@type\":\"EntryPoint\",\"urlTemplate\":\"https:\\\/\\\/gronau-inside.de\\\/nl?s={search_term_string}\"},\"query-input\":{\"@type\":\"PropertyValueSpecification\",\"valueRequired\":true,\"valueName\":\"search_term_string\"}}],\"inLanguage\":\"nl-NL\"},{\"@type\":\"Organization\",\"@id\":\"https:\\\/\\\/gronau-inside.de\\\/nl#organization\",\"name\":\"Gronau Inside\",\"url\":\"https:\\\/\\\/gronau-inside.de\\\/nl\",\"logo\":{\"@type\":\"ImageObject\",\"inLanguage\":\"nl-NL\",\"@id\":\"https:\\\/\\\/gronau-inside.de\\\/nl#\\\/schema\\\/logo\\\/image\\\/\",\"url\":\"https:\\\/\\\/gronau-inside.de\\\/wp-content\\\/uploads\\\/2020\\\/10\\\/01_gronau-logo_weissaufweiss_Schriftzug-1.png\",\"contentUrl\":\"https:\\\/\\\/gronau-inside.de\\\/wp-content\\\/uploads\\\/2020\\\/10\\\/01_gronau-logo_weissaufweiss_Schriftzug-1.png\",\"width\":254,\"height\":246,\"caption\":\"Gronau Inside\"},\"image\":{\"@id\":\"https:\\\/\\\/gronau-inside.de\\\/nl#\\\/schema\\\/logo\\\/image\\\/\"}},{\"@type\":\"Person\",\"@id\":\"https:\\\/\\\/gronau-inside.de\\\/nl#\\\/schema\\\/person\\\/f2e1f5c91cd43ca8b12ddf26d7546e29\",\"name\":\"Gronau Inside\"}]}<\/script>\n<!-- \/ Yoast SEO plugin. -->","yoast_head_json":{"title":"Kann uns mal jemand kneifen?\u2728 Wer jetzt noch nicht in Weihnachtsstimmung ist,... - Gronau Inside","robots":{"index":"index","follow":"follow","max-snippet":"max-snippet:-1","max-image-preview":"max-image-preview:large","max-video-preview":"max-video-preview:-1"},"canonical":"https:\/\/gronau-inside.de\/nl\/kann-uns-mal-jemand-kneifen%e2%9c%a8-wer-jetzt-noch-nicht-in-weihnachtsstimmung-ist","og_locale":"nl_NL","og_type":"article","og_title":"Kann uns mal jemand kneifen?\u2728 Wer jetzt noch nicht in Weihnachtsstimmung ist,... - Gronau Inside","og_description":"Kann uns mal jemand kneifen?\u2728 Wer jetzt noch nicht in Weihnachtsstimmung ist, dem k\u00f6nnen wir auch nicht helfen.\ud83d\ude0e Gro\u00dfartiger Auftakt des Gronauer Weihnachtsmarktes &#8211; DANKE! Bis einschlie\u00dflich Sonntag k\u00f6nnt ihr [&hellip;]","og_url":"https:\/\/gronau-inside.de\/nl\/kann-uns-mal-jemand-kneifen%e2%9c%a8-wer-jetzt-noch-nicht-in-weihnachtsstimmung-ist","og_site_name":"Gronau Inside","article_published_time":"2023-12-14T22:08:38+00:00","og_image":[{"width":960,"height":720,"url":"https:\/\/gronau-inside.de\/wp-content\/uploads\/2023\/12\/411203669_843599691104132_8441593153059531160_n.jpg","type":"image\/jpeg"}],"author":"Gronau Inside","twitter_card":"summary_large_image","twitter_misc":{"Geschreven door":"Gronau Inside"},"schema":{"@context":"https:\/\/schema.org","@graph":[{"@type":"Article","@id":"https:\/\/gronau-inside.de\/nl\/kann-uns-mal-jemand-kneifen%e2%9c%a8-wer-jetzt-noch-nicht-in-weihnachtsstimmung-ist#article","isPartOf":{"@id":"https:\/\/gronau-inside.de\/nl\/kann-uns-mal-jemand-kneifen%e2%9c%a8-wer-jetzt-noch-nicht-in-weihnachtsstimmung-ist"},"author":{"name":"Gronau Inside","@id":"https:\/\/gronau-inside.de\/nl#\/schema\/person\/f2e1f5c91cd43ca8b12ddf26d7546e29"},"headline":"Kann uns mal jemand kneifen?\u2728 Wer jetzt noch nicht in Weihnachtsstimmung ist,&#8230;","datePublished":"2023-12-14T22:08:38+00:00","mainEntityOfPage":{"@id":"https:\/\/gronau-inside.de\/nl\/kann-uns-mal-jemand-kneifen%e2%9c%a8-wer-jetzt-noch-nicht-in-weihnachtsstimmung-ist"},"wordCount":95,"publisher":{"@id":"https:\/\/gronau-inside.de\/nl#organization"},"image":{"@id":"https:\/\/gronau-inside.de\/nl\/kann-uns-mal-jemand-kneifen%e2%9c%a8-wer-jetzt-noch-nicht-in-weihnachtsstimmung-ist#primaryimage"},"thumbnailUrl":"https:\/\/gronau-inside.de\/wp-content\/uploads\/2023\/12\/411203669_843599691104132_8441593153059531160_n.jpg","articleSection":["#ANGESAGT"],"inLanguage":"nl-NL"},{"@type":"WebPage","@id":"https:\/\/gronau-inside.de\/nl\/kann-uns-mal-jemand-kneifen%e2%9c%a8-wer-jetzt-noch-nicht-in-weihnachtsstimmung-ist","url":"https:\/\/gronau-inside.de\/nl\/kann-uns-mal-jemand-kneifen%e2%9c%a8-wer-jetzt-noch-nicht-in-weihnachtsstimmung-ist","name":"Kann uns mal jemand kneifen?\u2728 Wer jetzt noch nicht in Weihnachtsstimmung ist,... - Gronau Inside","isPartOf":{"@id":"https:\/\/gronau-inside.de\/nl#website"},"primaryImageOfPage":{"@id":"https:\/\/gronau-inside.de\/nl\/kann-uns-mal-jemand-kneifen%e2%9c%a8-wer-jetzt-noch-nicht-in-weihnachtsstimmung-ist#primaryimage"},"image":{"@id":"https:\/\/gronau-inside.de\/nl\/kann-uns-mal-jemand-kneifen%e2%9c%a8-wer-jetzt-noch-nicht-in-weihnachtsstimmung-ist#primaryimage"},"thumbnailUrl":"https:\/\/gronau-inside.de\/wp-content\/uploads\/2023\/12\/411203669_843599691104132_8441593153059531160_n.jpg","datePublished":"2023-12-14T22:08:38+00:00","breadcrumb":{"@id":"https:\/\/gronau-inside.de\/nl\/kann-uns-mal-jemand-kneifen%e2%9c%a8-wer-jetzt-noch-nicht-in-weihnachtsstimmung-ist#breadcrumb"},"inLanguage":"nl-NL","potentialAction":[{"@type":"ReadAction","target":["https:\/\/gronau-inside.de\/nl\/kann-uns-mal-jemand-kneifen%e2%9c%a8-wer-jetzt-noch-nicht-in-weihnachtsstimmung-ist"]}]},{"@type":"ImageObject","inLanguage":"nl-NL","@id":"https:\/\/gronau-inside.de\/nl\/kann-uns-mal-jemand-kneifen%e2%9c%a8-wer-jetzt-noch-nicht-in-weihnachtsstimmung-ist#primaryimage","url":"https:\/\/gronau-inside.de\/wp-content\/uploads\/2023\/12\/411203669_843599691104132_8441593153059531160_n.jpg","contentUrl":"https:\/\/gronau-inside.de\/wp-content\/uploads\/2023\/12\/411203669_843599691104132_8441593153059531160_n.jpg","width":960,"height":720},{"@type":"BreadcrumbList","@id":"https:\/\/gronau-inside.de\/nl\/kann-uns-mal-jemand-kneifen%e2%9c%a8-wer-jetzt-noch-nicht-in-weihnachtsstimmung-ist#breadcrumb","itemListElement":[{"@type":"ListItem","position":1,"name":"Startseite","item":"https:\/\/gronau-inside.de\/nl\/startseite"},{"@type":"ListItem","position":2,"name":"Kann uns mal jemand kneifen?\u2728 Wer jetzt noch nicht in Weihnachtsstimmung ist,&#8230;"}]},{"@type":"WebSite","@id":"https:\/\/gronau-inside.de\/nl#website","url":"https:\/\/gronau-inside.de\/nl","name":"Gronau Inside","description":"Musikstadt im Gr\u00fcnen","publisher":{"@id":"https:\/\/gronau-inside.de\/nl#organization"},"potentialAction":[{"@type":"SearchAction","target":{"@type":"EntryPoint","urlTemplate":"https:\/\/gronau-inside.de\/nl?s={search_term_string}"},"query-input":{"@type":"PropertyValueSpecification","valueRequired":true,"valueName":"search_term_string"}}],"inLanguage":"nl-NL"},{"@type":"Organization","@id":"https:\/\/gronau-inside.de\/nl#organization","name":"Gronau Inside","url":"https:\/\/gronau-inside.de\/nl","logo":{"@type":"ImageObject","inLanguage":"nl-NL","@id":"https:\/\/gronau-inside.de\/nl#\/schema\/logo\/image\/","url":"https:\/\/gronau-inside.de\/wp-content\/uploads\/2020\/10\/01_gronau-logo_weissaufweiss_Schriftzug-1.png","contentUrl":"https:\/\/gronau-inside.de\/wp-content\/uploads\/2020\/10\/01_gronau-logo_weissaufweiss_Schriftzug-1.png","width":254,"height":246,"caption":"Gronau Inside"},"image":{"@id":"https:\/\/gronau-inside.de\/nl#\/schema\/logo\/image\/"}},{"@type":"Person","@id":"https:\/\/gronau-inside.de\/nl#\/schema\/person\/f2e1f5c91cd43ca8b12ddf26d7546e29","name":"Gronau Inside"}]}},"_links":{"self":[{"href":"https:\/\/gronau-inside.de\/nl\/wp-json\/wp\/v2\/posts\/53702","targetHints":{"allow":["GET"]}}],"collection":[{"href":"https:\/\/gronau-inside.de\/nl\/wp-json\/wp\/v2\/posts"}],"about":[{"href":"https:\/\/gronau-inside.de\/nl\/wp-json\/wp\/v2\/types\/post"}],"author":[{"embeddable":true,"href":"https:\/\/gronau-inside.de\/nl\/wp-json\/wp\/v2\/users\/2"}],"replies":[{"embeddable":true,"href":"https:\/\/gronau-inside.de\/nl\/wp-json\/wp\/v2\/comments?post=53702"}],"version-history":[{"count":0,"href":"https:\/\/gronau-inside.de\/nl\/wp-json\/wp\/v2\/posts\/53702\/revisions"}],"wp:featuredmedia":[{"embeddable":true,"href":"https:\/\/gronau-inside.de\/nl\/wp-json\/wp\/v2\/media\/53699"}],"wp:attachment":[{"href":"https:\/\/gronau-inside.de\/nl\/wp-json\/wp\/v2\/media?parent=53702"}],"wp:term":[{"taxonomy":"category","embeddable":true,"href":"https:\/\/gronau-inside.de\/nl\/wp-json\/wp\/v2\/categories?post=53702"},{"taxonomy":"post_tag","embeddable":true,"href":"https:\/\/gronau-inside.de\/nl\/wp-json\/wp\/v2\/tags?post=53702"}],"curies":[{"name":"wp","href":"https:\/\/api.w.org\/{rel}","templated":true}]}}