{"id":53748,"date":"2023-12-17T09:31:37","date_gmt":"2023-12-17T08:31:37","guid":{"rendered":"https:\/\/gronau-inside.de\/heute-in-einer-woche-ist-heiligabend-gut-dass-heute-verkaufsoffen-in-gronau"},"modified":"2023-12-17T09:31:37","modified_gmt":"2023-12-17T08:31:37","slug":"heute-in-einer-woche-ist-heiligabend-gut-dass-heute-verkaufsoffen-in-gronau","status":"publish","type":"post","link":"https:\/\/gronau-inside.de\/nl\/heute-in-einer-woche-ist-heiligabend-gut-dass-heute-verkaufsoffen-in-gronau","title":{"rendered":"Heute in einer Woche ist Heiligabend! Gut, dass heute verkaufsoffen in Gronau&#8230;"},"content":{"rendered":"<p>Heute in einer Woche ist Heiligabend! Gut, dass heute verkaufsoffen in Gronau ist.\ud83c\udf84\ud83d\ude4c<\/p>\n<p>Ab 11:30 Uhr k\u00f6nnt ihr leckere Wildburger der B\u00fcrgerstiftung Gronau genie\u00dfen, ab 13 Uhr \u00f6ffnet dann der Weihnachtsmarkt und auch die Gesch\u00e4fte sind ge\u00f6ffnet. Svenja und Simon erwarten euch mit Livemusik und f\u00fcr die j\u00fcngsten Besucher gibt&#8217;s eine Speed-Tubing Bahn! Also, sehen wir uns heute in der Gronauer Innenstadt?<\/p>\n<p>Gemeinsam mit der Volksbank Gronau-Ahaus w\u00fcnschen wir euch einen wundersch\u00f6nen 3. Advent!\ud83c\udf1f<\/p>\n","protected":false},"excerpt":{"rendered":"<p>Heute in einer Woche ist Heiligabend! Gut, dass heute verkaufsoffen in Gronau ist.\ud83c\udf84\ud83d\ude4c Ab 11:30 Uhr k\u00f6nnt ihr leckere Wildburger der B\u00fcrgerstiftung Gronau genie\u00dfen, ab 13 Uhr \u00f6ffnet dann der [&hellip;]<\/p>\n","protected":false},"author":2,"featured_media":53745,"comment_status":"","ping_status":"open","sticky":false,"template":"","format":"standard","meta":{"_acf_changed":false,"_price":"","_stock":"","_tribe_ticket_header":"","_tribe_default_ticket_provider":"","_tribe_ticket_capacity":"","_ticket_start_date":"","_ticket_end_date":"","_tribe_ticket_show_description":"","_tribe_ticket_show_not_going":false,"_tribe_ticket_use_global_stock":"","_tribe_ticket_global_stock_level":"","_global_stock_mode":"","_global_stock_cap":"","_tribe_rsvp_for_event":"","_tribe_ticket_going_count":"","_tribe_ticket_not_going_count":"","_tribe_tickets_list":"[]","_tribe_ticket_has_attendee_info_fields":false,"footnotes":""},"categories":[21],"tags":[],"class_list":["post-53748","post","type-post","status-publish","format-standard","has-post-thumbnail","hentry","category-angesagt"],"acf":[],"yoast_head":"<!-- This site is optimized with the Yoast SEO plugin v27.4 - https:\/\/yoast.com\/product\/yoast-seo-wordpress\/ -->\n<title>Heute in einer Woche ist Heiligabend! Gut, dass heute verkaufsoffen in Gronau... - Gronau Inside<\/title>\n<meta name=\"robots\" content=\"index, follow, max-snippet:-1, max-image-preview:large, max-video-preview:-1\" \/>\n<link rel=\"canonical\" href=\"https:\/\/gronau-inside.de\/nl\/heute-in-einer-woche-ist-heiligabend-gut-dass-heute-verkaufsoffen-in-gronau\" \/>\n<meta property=\"og:locale\" content=\"nl_NL\" \/>\n<meta property=\"og:type\" content=\"article\" \/>\n<meta property=\"og:title\" content=\"Heute in einer Woche ist Heiligabend! Gut, dass heute verkaufsoffen in Gronau... - Gronau Inside\" \/>\n<meta property=\"og:description\" content=\"Heute in einer Woche ist Heiligabend! Gut, dass heute verkaufsoffen in Gronau ist.\ud83c\udf84\ud83d\ude4c Ab 11:30 Uhr k\u00f6nnt ihr leckere Wildburger der B\u00fcrgerstiftung Gronau genie\u00dfen, ab 13 Uhr \u00f6ffnet dann der [&hellip;]\" \/>\n<meta property=\"og:url\" content=\"https:\/\/gronau-inside.de\/nl\/heute-in-einer-woche-ist-heiligabend-gut-dass-heute-verkaufsoffen-in-gronau\" \/>\n<meta property=\"og:site_name\" content=\"Gronau Inside\" \/>\n<meta property=\"article:published_time\" content=\"2023-12-17T08:31:37+00:00\" \/>\n<meta property=\"og:image\" content=\"https:\/\/gronau-inside.de\/wp-content\/uploads\/2023\/12\/408204967_842715497859218_2243568919646903792_n.jpg\" \/>\n\t<meta property=\"og:image:width\" content=\"1079\" \/>\n\t<meta property=\"og:image:height\" content=\"720\" \/>\n\t<meta property=\"og:image:type\" content=\"image\/jpeg\" \/>\n<meta name=\"author\" content=\"Gronau Inside\" \/>\n<meta name=\"twitter:card\" content=\"summary_large_image\" \/>\n<meta name=\"twitter:label1\" content=\"Geschreven door\" \/>\n\t<meta name=\"twitter:data1\" content=\"Gronau Inside\" \/>\n<script type=\"application\/ld+json\" class=\"yoast-schema-graph\">{\"@context\":\"https:\\\/\\\/schema.org\",\"@graph\":[{\"@type\":\"Article\",\"@id\":\"https:\\\/\\\/gronau-inside.de\\\/nl\\\/heute-in-einer-woche-ist-heiligabend-gut-dass-heute-verkaufsoffen-in-gronau#article\",\"isPartOf\":{\"@id\":\"https:\\\/\\\/gronau-inside.de\\\/nl\\\/heute-in-einer-woche-ist-heiligabend-gut-dass-heute-verkaufsoffen-in-gronau\"},\"author\":{\"name\":\"Gronau Inside\",\"@id\":\"https:\\\/\\\/gronau-inside.de\\\/nl#\\\/schema\\\/person\\\/f2e1f5c91cd43ca8b12ddf26d7546e29\"},\"headline\":\"Heute in einer Woche ist Heiligabend! Gut, dass heute verkaufsoffen in Gronau&#8230;\",\"datePublished\":\"2023-12-17T08:31:37+00:00\",\"mainEntityOfPage\":{\"@id\":\"https:\\\/\\\/gronau-inside.de\\\/nl\\\/heute-in-einer-woche-ist-heiligabend-gut-dass-heute-verkaufsoffen-in-gronau\"},\"wordCount\":93,\"publisher\":{\"@id\":\"https:\\\/\\\/gronau-inside.de\\\/nl#organization\"},\"image\":{\"@id\":\"https:\\\/\\\/gronau-inside.de\\\/nl\\\/heute-in-einer-woche-ist-heiligabend-gut-dass-heute-verkaufsoffen-in-gronau#primaryimage\"},\"thumbnailUrl\":\"https:\\\/\\\/gronau-inside.de\\\/wp-content\\\/uploads\\\/2023\\\/12\\\/408204967_842715497859218_2243568919646903792_n.jpg\",\"articleSection\":[\"#ANGESAGT\"],\"inLanguage\":\"nl-NL\"},{\"@type\":\"WebPage\",\"@id\":\"https:\\\/\\\/gronau-inside.de\\\/nl\\\/heute-in-einer-woche-ist-heiligabend-gut-dass-heute-verkaufsoffen-in-gronau\",\"url\":\"https:\\\/\\\/gronau-inside.de\\\/nl\\\/heute-in-einer-woche-ist-heiligabend-gut-dass-heute-verkaufsoffen-in-gronau\",\"name\":\"Heute in einer Woche ist Heiligabend! Gut, dass heute verkaufsoffen in Gronau... - Gronau Inside\",\"isPartOf\":{\"@id\":\"https:\\\/\\\/gronau-inside.de\\\/nl#website\"},\"primaryImageOfPage\":{\"@id\":\"https:\\\/\\\/gronau-inside.de\\\/nl\\\/heute-in-einer-woche-ist-heiligabend-gut-dass-heute-verkaufsoffen-in-gronau#primaryimage\"},\"image\":{\"@id\":\"https:\\\/\\\/gronau-inside.de\\\/nl\\\/heute-in-einer-woche-ist-heiligabend-gut-dass-heute-verkaufsoffen-in-gronau#primaryimage\"},\"thumbnailUrl\":\"https:\\\/\\\/gronau-inside.de\\\/wp-content\\\/uploads\\\/2023\\\/12\\\/408204967_842715497859218_2243568919646903792_n.jpg\",\"datePublished\":\"2023-12-17T08:31:37+00:00\",\"breadcrumb\":{\"@id\":\"https:\\\/\\\/gronau-inside.de\\\/nl\\\/heute-in-einer-woche-ist-heiligabend-gut-dass-heute-verkaufsoffen-in-gronau#breadcrumb\"},\"inLanguage\":\"nl-NL\",\"potentialAction\":[{\"@type\":\"ReadAction\",\"target\":[\"https:\\\/\\\/gronau-inside.de\\\/nl\\\/heute-in-einer-woche-ist-heiligabend-gut-dass-heute-verkaufsoffen-in-gronau\"]}]},{\"@type\":\"ImageObject\",\"inLanguage\":\"nl-NL\",\"@id\":\"https:\\\/\\\/gronau-inside.de\\\/nl\\\/heute-in-einer-woche-ist-heiligabend-gut-dass-heute-verkaufsoffen-in-gronau#primaryimage\",\"url\":\"https:\\\/\\\/gronau-inside.de\\\/wp-content\\\/uploads\\\/2023\\\/12\\\/408204967_842715497859218_2243568919646903792_n.jpg\",\"contentUrl\":\"https:\\\/\\\/gronau-inside.de\\\/wp-content\\\/uploads\\\/2023\\\/12\\\/408204967_842715497859218_2243568919646903792_n.jpg\",\"width\":1079,\"height\":720},{\"@type\":\"BreadcrumbList\",\"@id\":\"https:\\\/\\\/gronau-inside.de\\\/nl\\\/heute-in-einer-woche-ist-heiligabend-gut-dass-heute-verkaufsoffen-in-gronau#breadcrumb\",\"itemListElement\":[{\"@type\":\"ListItem\",\"position\":1,\"name\":\"Startseite\",\"item\":\"https:\\\/\\\/gronau-inside.de\\\/nl\\\/startseite\"},{\"@type\":\"ListItem\",\"position\":2,\"name\":\"Heute in einer Woche ist Heiligabend! Gut, dass heute verkaufsoffen in Gronau&#8230;\"}]},{\"@type\":\"WebSite\",\"@id\":\"https:\\\/\\\/gronau-inside.de\\\/nl#website\",\"url\":\"https:\\\/\\\/gronau-inside.de\\\/nl\",\"name\":\"Gronau Inside\",\"description\":\"Musikstadt im Gr\u00fcnen\",\"publisher\":{\"@id\":\"https:\\\/\\\/gronau-inside.de\\\/nl#organization\"},\"potentialAction\":[{\"@type\":\"SearchAction\",\"target\":{\"@type\":\"EntryPoint\",\"urlTemplate\":\"https:\\\/\\\/gronau-inside.de\\\/nl?s={search_term_string}\"},\"query-input\":{\"@type\":\"PropertyValueSpecification\",\"valueRequired\":true,\"valueName\":\"search_term_string\"}}],\"inLanguage\":\"nl-NL\"},{\"@type\":\"Organization\",\"@id\":\"https:\\\/\\\/gronau-inside.de\\\/nl#organization\",\"name\":\"Gronau Inside\",\"url\":\"https:\\\/\\\/gronau-inside.de\\\/nl\",\"logo\":{\"@type\":\"ImageObject\",\"inLanguage\":\"nl-NL\",\"@id\":\"https:\\\/\\\/gronau-inside.de\\\/nl#\\\/schema\\\/logo\\\/image\\\/\",\"url\":\"https:\\\/\\\/gronau-inside.de\\\/wp-content\\\/uploads\\\/2020\\\/10\\\/01_gronau-logo_weissaufweiss_Schriftzug-1.png\",\"contentUrl\":\"https:\\\/\\\/gronau-inside.de\\\/wp-content\\\/uploads\\\/2020\\\/10\\\/01_gronau-logo_weissaufweiss_Schriftzug-1.png\",\"width\":254,\"height\":246,\"caption\":\"Gronau Inside\"},\"image\":{\"@id\":\"https:\\\/\\\/gronau-inside.de\\\/nl#\\\/schema\\\/logo\\\/image\\\/\"}},{\"@type\":\"Person\",\"@id\":\"https:\\\/\\\/gronau-inside.de\\\/nl#\\\/schema\\\/person\\\/f2e1f5c91cd43ca8b12ddf26d7546e29\",\"name\":\"Gronau Inside\"}]}<\/script>\n<!-- \/ Yoast SEO plugin. -->","yoast_head_json":{"title":"Heute in einer Woche ist Heiligabend! Gut, dass heute verkaufsoffen in Gronau... - Gronau Inside","robots":{"index":"index","follow":"follow","max-snippet":"max-snippet:-1","max-image-preview":"max-image-preview:large","max-video-preview":"max-video-preview:-1"},"canonical":"https:\/\/gronau-inside.de\/nl\/heute-in-einer-woche-ist-heiligabend-gut-dass-heute-verkaufsoffen-in-gronau","og_locale":"nl_NL","og_type":"article","og_title":"Heute in einer Woche ist Heiligabend! Gut, dass heute verkaufsoffen in Gronau... - Gronau Inside","og_description":"Heute in einer Woche ist Heiligabend! Gut, dass heute verkaufsoffen in Gronau ist.\ud83c\udf84\ud83d\ude4c Ab 11:30 Uhr k\u00f6nnt ihr leckere Wildburger der B\u00fcrgerstiftung Gronau genie\u00dfen, ab 13 Uhr \u00f6ffnet dann der [&hellip;]","og_url":"https:\/\/gronau-inside.de\/nl\/heute-in-einer-woche-ist-heiligabend-gut-dass-heute-verkaufsoffen-in-gronau","og_site_name":"Gronau Inside","article_published_time":"2023-12-17T08:31:37+00:00","og_image":[{"width":1079,"height":720,"url":"https:\/\/gronau-inside.de\/wp-content\/uploads\/2023\/12\/408204967_842715497859218_2243568919646903792_n.jpg","type":"image\/jpeg"}],"author":"Gronau Inside","twitter_card":"summary_large_image","twitter_misc":{"Geschreven door":"Gronau Inside"},"schema":{"@context":"https:\/\/schema.org","@graph":[{"@type":"Article","@id":"https:\/\/gronau-inside.de\/nl\/heute-in-einer-woche-ist-heiligabend-gut-dass-heute-verkaufsoffen-in-gronau#article","isPartOf":{"@id":"https:\/\/gronau-inside.de\/nl\/heute-in-einer-woche-ist-heiligabend-gut-dass-heute-verkaufsoffen-in-gronau"},"author":{"name":"Gronau Inside","@id":"https:\/\/gronau-inside.de\/nl#\/schema\/person\/f2e1f5c91cd43ca8b12ddf26d7546e29"},"headline":"Heute in einer Woche ist Heiligabend! Gut, dass heute verkaufsoffen in Gronau&#8230;","datePublished":"2023-12-17T08:31:37+00:00","mainEntityOfPage":{"@id":"https:\/\/gronau-inside.de\/nl\/heute-in-einer-woche-ist-heiligabend-gut-dass-heute-verkaufsoffen-in-gronau"},"wordCount":93,"publisher":{"@id":"https:\/\/gronau-inside.de\/nl#organization"},"image":{"@id":"https:\/\/gronau-inside.de\/nl\/heute-in-einer-woche-ist-heiligabend-gut-dass-heute-verkaufsoffen-in-gronau#primaryimage"},"thumbnailUrl":"https:\/\/gronau-inside.de\/wp-content\/uploads\/2023\/12\/408204967_842715497859218_2243568919646903792_n.jpg","articleSection":["#ANGESAGT"],"inLanguage":"nl-NL"},{"@type":"WebPage","@id":"https:\/\/gronau-inside.de\/nl\/heute-in-einer-woche-ist-heiligabend-gut-dass-heute-verkaufsoffen-in-gronau","url":"https:\/\/gronau-inside.de\/nl\/heute-in-einer-woche-ist-heiligabend-gut-dass-heute-verkaufsoffen-in-gronau","name":"Heute in einer Woche ist Heiligabend! Gut, dass heute verkaufsoffen in Gronau... - Gronau Inside","isPartOf":{"@id":"https:\/\/gronau-inside.de\/nl#website"},"primaryImageOfPage":{"@id":"https:\/\/gronau-inside.de\/nl\/heute-in-einer-woche-ist-heiligabend-gut-dass-heute-verkaufsoffen-in-gronau#primaryimage"},"image":{"@id":"https:\/\/gronau-inside.de\/nl\/heute-in-einer-woche-ist-heiligabend-gut-dass-heute-verkaufsoffen-in-gronau#primaryimage"},"thumbnailUrl":"https:\/\/gronau-inside.de\/wp-content\/uploads\/2023\/12\/408204967_842715497859218_2243568919646903792_n.jpg","datePublished":"2023-12-17T08:31:37+00:00","breadcrumb":{"@id":"https:\/\/gronau-inside.de\/nl\/heute-in-einer-woche-ist-heiligabend-gut-dass-heute-verkaufsoffen-in-gronau#breadcrumb"},"inLanguage":"nl-NL","potentialAction":[{"@type":"ReadAction","target":["https:\/\/gronau-inside.de\/nl\/heute-in-einer-woche-ist-heiligabend-gut-dass-heute-verkaufsoffen-in-gronau"]}]},{"@type":"ImageObject","inLanguage":"nl-NL","@id":"https:\/\/gronau-inside.de\/nl\/heute-in-einer-woche-ist-heiligabend-gut-dass-heute-verkaufsoffen-in-gronau#primaryimage","url":"https:\/\/gronau-inside.de\/wp-content\/uploads\/2023\/12\/408204967_842715497859218_2243568919646903792_n.jpg","contentUrl":"https:\/\/gronau-inside.de\/wp-content\/uploads\/2023\/12\/408204967_842715497859218_2243568919646903792_n.jpg","width":1079,"height":720},{"@type":"BreadcrumbList","@id":"https:\/\/gronau-inside.de\/nl\/heute-in-einer-woche-ist-heiligabend-gut-dass-heute-verkaufsoffen-in-gronau#breadcrumb","itemListElement":[{"@type":"ListItem","position":1,"name":"Startseite","item":"https:\/\/gronau-inside.de\/nl\/startseite"},{"@type":"ListItem","position":2,"name":"Heute in einer Woche ist Heiligabend! Gut, dass heute verkaufsoffen in Gronau&#8230;"}]},{"@type":"WebSite","@id":"https:\/\/gronau-inside.de\/nl#website","url":"https:\/\/gronau-inside.de\/nl","name":"Gronau Inside","description":"Musikstadt im Gr\u00fcnen","publisher":{"@id":"https:\/\/gronau-inside.de\/nl#organization"},"potentialAction":[{"@type":"SearchAction","target":{"@type":"EntryPoint","urlTemplate":"https:\/\/gronau-inside.de\/nl?s={search_term_string}"},"query-input":{"@type":"PropertyValueSpecification","valueRequired":true,"valueName":"search_term_string"}}],"inLanguage":"nl-NL"},{"@type":"Organization","@id":"https:\/\/gronau-inside.de\/nl#organization","name":"Gronau Inside","url":"https:\/\/gronau-inside.de\/nl","logo":{"@type":"ImageObject","inLanguage":"nl-NL","@id":"https:\/\/gronau-inside.de\/nl#\/schema\/logo\/image\/","url":"https:\/\/gronau-inside.de\/wp-content\/uploads\/2020\/10\/01_gronau-logo_weissaufweiss_Schriftzug-1.png","contentUrl":"https:\/\/gronau-inside.de\/wp-content\/uploads\/2020\/10\/01_gronau-logo_weissaufweiss_Schriftzug-1.png","width":254,"height":246,"caption":"Gronau Inside"},"image":{"@id":"https:\/\/gronau-inside.de\/nl#\/schema\/logo\/image\/"}},{"@type":"Person","@id":"https:\/\/gronau-inside.de\/nl#\/schema\/person\/f2e1f5c91cd43ca8b12ddf26d7546e29","name":"Gronau Inside"}]}},"_links":{"self":[{"href":"https:\/\/gronau-inside.de\/nl\/wp-json\/wp\/v2\/posts\/53748","targetHints":{"allow":["GET"]}}],"collection":[{"href":"https:\/\/gronau-inside.de\/nl\/wp-json\/wp\/v2\/posts"}],"about":[{"href":"https:\/\/gronau-inside.de\/nl\/wp-json\/wp\/v2\/types\/post"}],"author":[{"embeddable":true,"href":"https:\/\/gronau-inside.de\/nl\/wp-json\/wp\/v2\/users\/2"}],"replies":[{"embeddable":true,"href":"https:\/\/gronau-inside.de\/nl\/wp-json\/wp\/v2\/comments?post=53748"}],"version-history":[{"count":0,"href":"https:\/\/gronau-inside.de\/nl\/wp-json\/wp\/v2\/posts\/53748\/revisions"}],"wp:featuredmedia":[{"embeddable":true,"href":"https:\/\/gronau-inside.de\/nl\/wp-json\/wp\/v2\/media\/53745"}],"wp:attachment":[{"href":"https:\/\/gronau-inside.de\/nl\/wp-json\/wp\/v2\/media?parent=53748"}],"wp:term":[{"taxonomy":"category","embeddable":true,"href":"https:\/\/gronau-inside.de\/nl\/wp-json\/wp\/v2\/categories?post=53748"},{"taxonomy":"post_tag","embeddable":true,"href":"https:\/\/gronau-inside.de\/nl\/wp-json\/wp\/v2\/tags?post=53748"}],"curies":[{"name":"wp","href":"https:\/\/api.w.org\/{rel}","templated":true}]}}