{"id":54440,"date":"2024-01-01T18:11:58","date_gmt":"2024-01-01T17:11:58","guid":{"rendered":"https:\/\/gronau-inside.de\/und-auch-die-beliebten-alpaka-touren-sind-in-2024-back-%f0%9f%a5%b3entschleunigen-hei"},"modified":"2024-01-01T18:11:58","modified_gmt":"2024-01-01T17:11:58","slug":"und-auch-die-beliebten-alpaka-touren-sind-in-2024-back-%f0%9f%a5%b3entschleunigen-hei","status":"publish","type":"post","link":"https:\/\/gronau-inside.de\/nl\/und-auch-die-beliebten-alpaka-touren-sind-in-2024-back-%f0%9f%a5%b3entschleunigen-hei","title":{"rendered":"Und auch die beliebten Alpaka-Touren sind in 2024 back! \ud83e\udd73\n\nEntschleunigen hei&#8230;"},"content":{"rendered":"<p>Und auch die beliebten Alpaka-Touren sind in 2024 back! \ud83e\udd73<\/p>\n<p>Entschleunigen hei\u00dft das Stichwort, wenn die Alpakas mit euch auf eine Wanderung gehen. Nat\u00fcrlich in ihrem Tempo! \ud83d\ude42 Ihr d\u00fcrft eure Fragen stellen zu den Tieren, sie f\u00fcttern &#038; euch anschlie\u00dfend bei einem Picknick mit den anderen Teilnehmern und Teilnehmerinnen austauschen. <\/p>\n<p>Alle Termine findet ihr unter www.gronau.inside.de\/shop<\/p>\n","protected":false},"excerpt":{"rendered":"<p>Und auch die beliebten Alpaka-Touren sind in 2024 back! \ud83e\udd73 Entschleunigen hei\u00dft das Stichwort, wenn die Alpakas mit euch auf eine Wanderung gehen. Nat\u00fcrlich in ihrem Tempo! \ud83d\ude42 Ihr d\u00fcrft [&hellip;]<\/p>\n","protected":false},"author":2,"featured_media":54437,"comment_status":"","ping_status":"open","sticky":false,"template":"","format":"standard","meta":{"_acf_changed":false,"_price":"","_stock":"","_tribe_ticket_header":"","_tribe_default_ticket_provider":"","_tribe_ticket_capacity":"","_ticket_start_date":"","_ticket_end_date":"","_tribe_ticket_show_description":"","_tribe_ticket_show_not_going":false,"_tribe_ticket_use_global_stock":"","_tribe_ticket_global_stock_level":"","_global_stock_mode":"","_global_stock_cap":"","_tribe_rsvp_for_event":"","_tribe_ticket_going_count":"","_tribe_ticket_not_going_count":"","_tribe_tickets_list":"[]","_tribe_ticket_has_attendee_info_fields":false,"footnotes":""},"categories":[21],"tags":[],"class_list":["post-54440","post","type-post","status-publish","format-standard","has-post-thumbnail","hentry","category-angesagt"],"acf":[],"yoast_head":"<!-- This site is optimized with the Yoast SEO plugin v27.4 - https:\/\/yoast.com\/product\/yoast-seo-wordpress\/ -->\n<title>Und auch die beliebten Alpaka-Touren sind in 2024 back! \ud83e\udd73 Entschleunigen hei... - Gronau Inside<\/title>\n<meta name=\"robots\" content=\"index, follow, max-snippet:-1, max-image-preview:large, max-video-preview:-1\" \/>\n<link rel=\"canonical\" href=\"https:\/\/gronau-inside.de\/nl\/und-auch-die-beliebten-alpaka-touren-sind-in-2024-back-%f0%9f%a5%b3entschleunigen-hei\" \/>\n<meta property=\"og:locale\" content=\"nl_NL\" \/>\n<meta property=\"og:type\" content=\"article\" \/>\n<meta property=\"og:title\" content=\"Und auch die beliebten Alpaka-Touren sind in 2024 back! \ud83e\udd73 Entschleunigen hei... - Gronau Inside\" \/>\n<meta property=\"og:description\" content=\"Und auch die beliebten Alpaka-Touren sind in 2024 back! \ud83e\udd73 Entschleunigen hei\u00dft das Stichwort, wenn die Alpakas mit euch auf eine Wanderung gehen. Nat\u00fcrlich in ihrem Tempo! \ud83d\ude42 Ihr d\u00fcrft [&hellip;]\" \/>\n<meta property=\"og:url\" content=\"https:\/\/gronau-inside.de\/nl\/und-auch-die-beliebten-alpaka-touren-sind-in-2024-back-%f0%9f%a5%b3entschleunigen-hei\" \/>\n<meta property=\"og:site_name\" content=\"Gronau Inside\" \/>\n<meta property=\"article:published_time\" content=\"2024-01-01T17:11:58+00:00\" \/>\n<meta property=\"og:image\" content=\"https:\/\/gronau-inside.de\/wp-content\/uploads\/2024\/01\/415186910_853177300146371_3923588310199045644_n.jpg\" \/>\n\t<meta property=\"og:image:width\" content=\"960\" \/>\n\t<meta property=\"og:image:height\" content=\"720\" \/>\n\t<meta property=\"og:image:type\" content=\"image\/jpeg\" \/>\n<meta name=\"author\" content=\"Gronau Inside\" \/>\n<meta name=\"twitter:card\" content=\"summary_large_image\" \/>\n<meta name=\"twitter:label1\" content=\"Geschreven door\" \/>\n\t<meta name=\"twitter:data1\" content=\"Gronau Inside\" \/>\n<script type=\"application\/ld+json\" class=\"yoast-schema-graph\">{\"@context\":\"https:\\\/\\\/schema.org\",\"@graph\":[{\"@type\":\"Article\",\"@id\":\"https:\\\/\\\/gronau-inside.de\\\/nl\\\/und-auch-die-beliebten-alpaka-touren-sind-in-2024-back-%f0%9f%a5%b3entschleunigen-hei#article\",\"isPartOf\":{\"@id\":\"https:\\\/\\\/gronau-inside.de\\\/nl\\\/und-auch-die-beliebten-alpaka-touren-sind-in-2024-back-%f0%9f%a5%b3entschleunigen-hei\"},\"author\":{\"name\":\"Gronau Inside\",\"@id\":\"https:\\\/\\\/gronau-inside.de\\\/nl#\\\/schema\\\/person\\\/f2e1f5c91cd43ca8b12ddf26d7546e29\"},\"headline\":\"Und auch die beliebten Alpaka-Touren sind in 2024 back! \ud83e\udd73 Entschleunigen hei&#8230;\",\"datePublished\":\"2024-01-01T17:11:58+00:00\",\"mainEntityOfPage\":{\"@id\":\"https:\\\/\\\/gronau-inside.de\\\/nl\\\/und-auch-die-beliebten-alpaka-touren-sind-in-2024-back-%f0%9f%a5%b3entschleunigen-hei\"},\"wordCount\":73,\"publisher\":{\"@id\":\"https:\\\/\\\/gronau-inside.de\\\/nl#organization\"},\"image\":{\"@id\":\"https:\\\/\\\/gronau-inside.de\\\/nl\\\/und-auch-die-beliebten-alpaka-touren-sind-in-2024-back-%f0%9f%a5%b3entschleunigen-hei#primaryimage\"},\"thumbnailUrl\":\"https:\\\/\\\/gronau-inside.de\\\/wp-content\\\/uploads\\\/2024\\\/01\\\/415186910_853177300146371_3923588310199045644_n.jpg\",\"articleSection\":[\"#ANGESAGT\"],\"inLanguage\":\"nl-NL\"},{\"@type\":\"WebPage\",\"@id\":\"https:\\\/\\\/gronau-inside.de\\\/nl\\\/und-auch-die-beliebten-alpaka-touren-sind-in-2024-back-%f0%9f%a5%b3entschleunigen-hei\",\"url\":\"https:\\\/\\\/gronau-inside.de\\\/nl\\\/und-auch-die-beliebten-alpaka-touren-sind-in-2024-back-%f0%9f%a5%b3entschleunigen-hei\",\"name\":\"Und auch die beliebten Alpaka-Touren sind in 2024 back! \ud83e\udd73 Entschleunigen hei... - Gronau Inside\",\"isPartOf\":{\"@id\":\"https:\\\/\\\/gronau-inside.de\\\/nl#website\"},\"primaryImageOfPage\":{\"@id\":\"https:\\\/\\\/gronau-inside.de\\\/nl\\\/und-auch-die-beliebten-alpaka-touren-sind-in-2024-back-%f0%9f%a5%b3entschleunigen-hei#primaryimage\"},\"image\":{\"@id\":\"https:\\\/\\\/gronau-inside.de\\\/nl\\\/und-auch-die-beliebten-alpaka-touren-sind-in-2024-back-%f0%9f%a5%b3entschleunigen-hei#primaryimage\"},\"thumbnailUrl\":\"https:\\\/\\\/gronau-inside.de\\\/wp-content\\\/uploads\\\/2024\\\/01\\\/415186910_853177300146371_3923588310199045644_n.jpg\",\"datePublished\":\"2024-01-01T17:11:58+00:00\",\"breadcrumb\":{\"@id\":\"https:\\\/\\\/gronau-inside.de\\\/nl\\\/und-auch-die-beliebten-alpaka-touren-sind-in-2024-back-%f0%9f%a5%b3entschleunigen-hei#breadcrumb\"},\"inLanguage\":\"nl-NL\",\"potentialAction\":[{\"@type\":\"ReadAction\",\"target\":[\"https:\\\/\\\/gronau-inside.de\\\/nl\\\/und-auch-die-beliebten-alpaka-touren-sind-in-2024-back-%f0%9f%a5%b3entschleunigen-hei\"]}]},{\"@type\":\"ImageObject\",\"inLanguage\":\"nl-NL\",\"@id\":\"https:\\\/\\\/gronau-inside.de\\\/nl\\\/und-auch-die-beliebten-alpaka-touren-sind-in-2024-back-%f0%9f%a5%b3entschleunigen-hei#primaryimage\",\"url\":\"https:\\\/\\\/gronau-inside.de\\\/wp-content\\\/uploads\\\/2024\\\/01\\\/415186910_853177300146371_3923588310199045644_n.jpg\",\"contentUrl\":\"https:\\\/\\\/gronau-inside.de\\\/wp-content\\\/uploads\\\/2024\\\/01\\\/415186910_853177300146371_3923588310199045644_n.jpg\",\"width\":960,\"height\":720},{\"@type\":\"BreadcrumbList\",\"@id\":\"https:\\\/\\\/gronau-inside.de\\\/nl\\\/und-auch-die-beliebten-alpaka-touren-sind-in-2024-back-%f0%9f%a5%b3entschleunigen-hei#breadcrumb\",\"itemListElement\":[{\"@type\":\"ListItem\",\"position\":1,\"name\":\"Startseite\",\"item\":\"https:\\\/\\\/gronau-inside.de\\\/nl\\\/startseite\"},{\"@type\":\"ListItem\",\"position\":2,\"name\":\"Und auch die beliebten Alpaka-Touren sind in 2024 back! \ud83e\udd73 Entschleunigen hei&#8230;\"}]},{\"@type\":\"WebSite\",\"@id\":\"https:\\\/\\\/gronau-inside.de\\\/nl#website\",\"url\":\"https:\\\/\\\/gronau-inside.de\\\/nl\",\"name\":\"Gronau Inside\",\"description\":\"Musikstadt im Gr\u00fcnen\",\"publisher\":{\"@id\":\"https:\\\/\\\/gronau-inside.de\\\/nl#organization\"},\"potentialAction\":[{\"@type\":\"SearchAction\",\"target\":{\"@type\":\"EntryPoint\",\"urlTemplate\":\"https:\\\/\\\/gronau-inside.de\\\/nl?s={search_term_string}\"},\"query-input\":{\"@type\":\"PropertyValueSpecification\",\"valueRequired\":true,\"valueName\":\"search_term_string\"}}],\"inLanguage\":\"nl-NL\"},{\"@type\":\"Organization\",\"@id\":\"https:\\\/\\\/gronau-inside.de\\\/nl#organization\",\"name\":\"Gronau Inside\",\"url\":\"https:\\\/\\\/gronau-inside.de\\\/nl\",\"logo\":{\"@type\":\"ImageObject\",\"inLanguage\":\"nl-NL\",\"@id\":\"https:\\\/\\\/gronau-inside.de\\\/nl#\\\/schema\\\/logo\\\/image\\\/\",\"url\":\"https:\\\/\\\/gronau-inside.de\\\/wp-content\\\/uploads\\\/2020\\\/10\\\/01_gronau-logo_weissaufweiss_Schriftzug-1.png\",\"contentUrl\":\"https:\\\/\\\/gronau-inside.de\\\/wp-content\\\/uploads\\\/2020\\\/10\\\/01_gronau-logo_weissaufweiss_Schriftzug-1.png\",\"width\":254,\"height\":246,\"caption\":\"Gronau Inside\"},\"image\":{\"@id\":\"https:\\\/\\\/gronau-inside.de\\\/nl#\\\/schema\\\/logo\\\/image\\\/\"}},{\"@type\":\"Person\",\"@id\":\"https:\\\/\\\/gronau-inside.de\\\/nl#\\\/schema\\\/person\\\/f2e1f5c91cd43ca8b12ddf26d7546e29\",\"name\":\"Gronau Inside\"}]}<\/script>\n<!-- \/ Yoast SEO plugin. -->","yoast_head_json":{"title":"Und auch die beliebten Alpaka-Touren sind in 2024 back! \ud83e\udd73 Entschleunigen hei... - Gronau Inside","robots":{"index":"index","follow":"follow","max-snippet":"max-snippet:-1","max-image-preview":"max-image-preview:large","max-video-preview":"max-video-preview:-1"},"canonical":"https:\/\/gronau-inside.de\/nl\/und-auch-die-beliebten-alpaka-touren-sind-in-2024-back-%f0%9f%a5%b3entschleunigen-hei","og_locale":"nl_NL","og_type":"article","og_title":"Und auch die beliebten Alpaka-Touren sind in 2024 back! \ud83e\udd73 Entschleunigen hei... - Gronau Inside","og_description":"Und auch die beliebten Alpaka-Touren sind in 2024 back! \ud83e\udd73 Entschleunigen hei\u00dft das Stichwort, wenn die Alpakas mit euch auf eine Wanderung gehen. Nat\u00fcrlich in ihrem Tempo! \ud83d\ude42 Ihr d\u00fcrft [&hellip;]","og_url":"https:\/\/gronau-inside.de\/nl\/und-auch-die-beliebten-alpaka-touren-sind-in-2024-back-%f0%9f%a5%b3entschleunigen-hei","og_site_name":"Gronau Inside","article_published_time":"2024-01-01T17:11:58+00:00","og_image":[{"width":960,"height":720,"url":"https:\/\/gronau-inside.de\/wp-content\/uploads\/2024\/01\/415186910_853177300146371_3923588310199045644_n.jpg","type":"image\/jpeg"}],"author":"Gronau Inside","twitter_card":"summary_large_image","twitter_misc":{"Geschreven door":"Gronau Inside"},"schema":{"@context":"https:\/\/schema.org","@graph":[{"@type":"Article","@id":"https:\/\/gronau-inside.de\/nl\/und-auch-die-beliebten-alpaka-touren-sind-in-2024-back-%f0%9f%a5%b3entschleunigen-hei#article","isPartOf":{"@id":"https:\/\/gronau-inside.de\/nl\/und-auch-die-beliebten-alpaka-touren-sind-in-2024-back-%f0%9f%a5%b3entschleunigen-hei"},"author":{"name":"Gronau Inside","@id":"https:\/\/gronau-inside.de\/nl#\/schema\/person\/f2e1f5c91cd43ca8b12ddf26d7546e29"},"headline":"Und auch die beliebten Alpaka-Touren sind in 2024 back! \ud83e\udd73 Entschleunigen hei&#8230;","datePublished":"2024-01-01T17:11:58+00:00","mainEntityOfPage":{"@id":"https:\/\/gronau-inside.de\/nl\/und-auch-die-beliebten-alpaka-touren-sind-in-2024-back-%f0%9f%a5%b3entschleunigen-hei"},"wordCount":73,"publisher":{"@id":"https:\/\/gronau-inside.de\/nl#organization"},"image":{"@id":"https:\/\/gronau-inside.de\/nl\/und-auch-die-beliebten-alpaka-touren-sind-in-2024-back-%f0%9f%a5%b3entschleunigen-hei#primaryimage"},"thumbnailUrl":"https:\/\/gronau-inside.de\/wp-content\/uploads\/2024\/01\/415186910_853177300146371_3923588310199045644_n.jpg","articleSection":["#ANGESAGT"],"inLanguage":"nl-NL"},{"@type":"WebPage","@id":"https:\/\/gronau-inside.de\/nl\/und-auch-die-beliebten-alpaka-touren-sind-in-2024-back-%f0%9f%a5%b3entschleunigen-hei","url":"https:\/\/gronau-inside.de\/nl\/und-auch-die-beliebten-alpaka-touren-sind-in-2024-back-%f0%9f%a5%b3entschleunigen-hei","name":"Und auch die beliebten Alpaka-Touren sind in 2024 back! \ud83e\udd73 Entschleunigen hei... - Gronau Inside","isPartOf":{"@id":"https:\/\/gronau-inside.de\/nl#website"},"primaryImageOfPage":{"@id":"https:\/\/gronau-inside.de\/nl\/und-auch-die-beliebten-alpaka-touren-sind-in-2024-back-%f0%9f%a5%b3entschleunigen-hei#primaryimage"},"image":{"@id":"https:\/\/gronau-inside.de\/nl\/und-auch-die-beliebten-alpaka-touren-sind-in-2024-back-%f0%9f%a5%b3entschleunigen-hei#primaryimage"},"thumbnailUrl":"https:\/\/gronau-inside.de\/wp-content\/uploads\/2024\/01\/415186910_853177300146371_3923588310199045644_n.jpg","datePublished":"2024-01-01T17:11:58+00:00","breadcrumb":{"@id":"https:\/\/gronau-inside.de\/nl\/und-auch-die-beliebten-alpaka-touren-sind-in-2024-back-%f0%9f%a5%b3entschleunigen-hei#breadcrumb"},"inLanguage":"nl-NL","potentialAction":[{"@type":"ReadAction","target":["https:\/\/gronau-inside.de\/nl\/und-auch-die-beliebten-alpaka-touren-sind-in-2024-back-%f0%9f%a5%b3entschleunigen-hei"]}]},{"@type":"ImageObject","inLanguage":"nl-NL","@id":"https:\/\/gronau-inside.de\/nl\/und-auch-die-beliebten-alpaka-touren-sind-in-2024-back-%f0%9f%a5%b3entschleunigen-hei#primaryimage","url":"https:\/\/gronau-inside.de\/wp-content\/uploads\/2024\/01\/415186910_853177300146371_3923588310199045644_n.jpg","contentUrl":"https:\/\/gronau-inside.de\/wp-content\/uploads\/2024\/01\/415186910_853177300146371_3923588310199045644_n.jpg","width":960,"height":720},{"@type":"BreadcrumbList","@id":"https:\/\/gronau-inside.de\/nl\/und-auch-die-beliebten-alpaka-touren-sind-in-2024-back-%f0%9f%a5%b3entschleunigen-hei#breadcrumb","itemListElement":[{"@type":"ListItem","position":1,"name":"Startseite","item":"https:\/\/gronau-inside.de\/nl\/startseite"},{"@type":"ListItem","position":2,"name":"Und auch die beliebten Alpaka-Touren sind in 2024 back! \ud83e\udd73 Entschleunigen hei&#8230;"}]},{"@type":"WebSite","@id":"https:\/\/gronau-inside.de\/nl#website","url":"https:\/\/gronau-inside.de\/nl","name":"Gronau Inside","description":"Musikstadt im Gr\u00fcnen","publisher":{"@id":"https:\/\/gronau-inside.de\/nl#organization"},"potentialAction":[{"@type":"SearchAction","target":{"@type":"EntryPoint","urlTemplate":"https:\/\/gronau-inside.de\/nl?s={search_term_string}"},"query-input":{"@type":"PropertyValueSpecification","valueRequired":true,"valueName":"search_term_string"}}],"inLanguage":"nl-NL"},{"@type":"Organization","@id":"https:\/\/gronau-inside.de\/nl#organization","name":"Gronau Inside","url":"https:\/\/gronau-inside.de\/nl","logo":{"@type":"ImageObject","inLanguage":"nl-NL","@id":"https:\/\/gronau-inside.de\/nl#\/schema\/logo\/image\/","url":"https:\/\/gronau-inside.de\/wp-content\/uploads\/2020\/10\/01_gronau-logo_weissaufweiss_Schriftzug-1.png","contentUrl":"https:\/\/gronau-inside.de\/wp-content\/uploads\/2020\/10\/01_gronau-logo_weissaufweiss_Schriftzug-1.png","width":254,"height":246,"caption":"Gronau Inside"},"image":{"@id":"https:\/\/gronau-inside.de\/nl#\/schema\/logo\/image\/"}},{"@type":"Person","@id":"https:\/\/gronau-inside.de\/nl#\/schema\/person\/f2e1f5c91cd43ca8b12ddf26d7546e29","name":"Gronau Inside"}]}},"_links":{"self":[{"href":"https:\/\/gronau-inside.de\/nl\/wp-json\/wp\/v2\/posts\/54440","targetHints":{"allow":["GET"]}}],"collection":[{"href":"https:\/\/gronau-inside.de\/nl\/wp-json\/wp\/v2\/posts"}],"about":[{"href":"https:\/\/gronau-inside.de\/nl\/wp-json\/wp\/v2\/types\/post"}],"author":[{"embeddable":true,"href":"https:\/\/gronau-inside.de\/nl\/wp-json\/wp\/v2\/users\/2"}],"replies":[{"embeddable":true,"href":"https:\/\/gronau-inside.de\/nl\/wp-json\/wp\/v2\/comments?post=54440"}],"version-history":[{"count":0,"href":"https:\/\/gronau-inside.de\/nl\/wp-json\/wp\/v2\/posts\/54440\/revisions"}],"wp:featuredmedia":[{"embeddable":true,"href":"https:\/\/gronau-inside.de\/nl\/wp-json\/wp\/v2\/media\/54437"}],"wp:attachment":[{"href":"https:\/\/gronau-inside.de\/nl\/wp-json\/wp\/v2\/media?parent=54440"}],"wp:term":[{"taxonomy":"category","embeddable":true,"href":"https:\/\/gronau-inside.de\/nl\/wp-json\/wp\/v2\/categories?post=54440"},{"taxonomy":"post_tag","embeddable":true,"href":"https:\/\/gronau-inside.de\/nl\/wp-json\/wp\/v2\/tags?post=54440"}],"curies":[{"name":"wp","href":"https:\/\/api.w.org\/{rel}","templated":true}]}}