{"id":68973,"date":"2024-09-16T17:28:14","date_gmt":"2024-09-16T15:28:14","guid":{"rendered":"https:\/\/gronau-inside.de\/gronau-was-war-das-fuer-ein-wochenende-vielen-dank-an-die-zahlreichen-besuc"},"modified":"2024-09-16T17:28:14","modified_gmt":"2024-09-16T15:28:14","slug":"gronau-was-war-das-fuer-ein-wochenende-vielen-dank-an-die-zahlreichen-besuc","status":"publish","type":"post","link":"https:\/\/gronau-inside.de\/nl\/gronau-was-war-das-fuer-ein-wochenende-vielen-dank-an-die-zahlreichen-besuc","title":{"rendered":"Gronau, was war das f\u00fcr ein Wochenende?! Vielen Dank an die zahlreichen Besuc&#8230;"},"content":{"rendered":"<p>Gronau, was war das f\u00fcr ein Wochenende?! Vielen Dank an die zahlreichen Besucher, die beim Stadtfest Gronau ein bisschen Oktoberfest-Luft schnuppern wollten.\ud83d\udc4f<\/p>\n<p>Unter dem Motto &#8220;O&#8217; zapft is&#8221; performten verschiedenen Vereine und Bands auf der B\u00fchne und in der Innenstadt. Und k\u00f6nnen wir mal dar\u00fcber sprechen, wie viel M\u00fche sich alle jedes Mal aufs Neue geben?! \ud83d\ude0d\ud83d\udc4f Passend dazu die Schmankerl-Meile mit vielen Oktoberfest-Leckereien.\ud83c\udf7b<\/p>\n<p>Die Kids konnten sich beim Fairen Nachmittag austoben und einige Attraktionen auf der Urenco-Kindermeile entdecken. Ein gro\u00dfes Highlight: die Urenco-Eisenbahn! \ud83e\udd29 <\/p>\n<p>Nicht zu vergessen: Das Oldtimertreffen, mit vielen schicken Autos oder die verkaufsoffenen Gesch\u00e4fte, die zum Herbstshopping einluden. Was war euer Highlight? \ud83d\ude0a<\/p>\n<p>Wir bedanken und bei allen teilnehmenden Akteuren und besonders bei unserem Sponsor die Sparkasse Westm\u00fcnsterland!<\/p>\n","protected":false},"excerpt":{"rendered":"<p>Gronau, was war das f\u00fcr ein Wochenende?! Vielen Dank an die zahlreichen Besucher, die beim Stadtfest Gronau ein bisschen Oktoberfest-Luft schnuppern wollten.\ud83d\udc4f Unter dem Motto &#8220;O&#8217; zapft is&#8221; performten verschiedenen [&hellip;]<\/p>\n","protected":false},"author":2,"featured_media":68970,"comment_status":"","ping_status":"","sticky":false,"template":"","format":"standard","meta":{"_acf_changed":false,"_price":"","_stock":"","_tribe_ticket_header":"","_tribe_default_ticket_provider":"","_tribe_ticket_capacity":"","_ticket_start_date":"","_ticket_end_date":"","_tribe_ticket_show_description":"","_tribe_ticket_show_not_going":false,"_tribe_ticket_use_global_stock":"","_tribe_ticket_global_stock_level":"","_global_stock_mode":"","_global_stock_cap":"","_tribe_rsvp_for_event":"","_tribe_ticket_going_count":"","_tribe_ticket_not_going_count":"","_tribe_tickets_list":"[]","_tribe_ticket_has_attendee_info_fields":false,"footnotes":""},"categories":[21],"tags":[],"class_list":["post-68973","post","type-post","status-publish","format-standard","has-post-thumbnail","hentry","category-angesagt"],"acf":[],"yoast_head":"<!-- This site is optimized with the Yoast SEO plugin v27.5 - https:\/\/yoast.com\/product\/yoast-seo-wordpress\/ -->\n<title>Gronau, was war das f\u00fcr ein Wochenende?! Vielen Dank an die zahlreichen Besuc... - Gronau Inside<\/title>\n<meta name=\"robots\" content=\"index, follow, max-snippet:-1, max-image-preview:large, max-video-preview:-1\" \/>\n<link rel=\"canonical\" href=\"https:\/\/gronau-inside.de\/nl\/gronau-was-war-das-fuer-ein-wochenende-vielen-dank-an-die-zahlreichen-besuc\" \/>\n<meta property=\"og:locale\" content=\"nl_NL\" \/>\n<meta property=\"og:type\" content=\"article\" \/>\n<meta property=\"og:title\" content=\"Gronau, was war das f\u00fcr ein Wochenende?! Vielen Dank an die zahlreichen Besuc... - Gronau Inside\" \/>\n<meta property=\"og:description\" content=\"Gronau, was war das f\u00fcr ein Wochenende?! Vielen Dank an die zahlreichen Besucher, die beim Stadtfest Gronau ein bisschen Oktoberfest-Luft schnuppern wollten.\ud83d\udc4f Unter dem Motto &#8220;O&#8217; zapft is&#8221; performten verschiedenen [&hellip;]\" \/>\n<meta property=\"og:url\" content=\"https:\/\/gronau-inside.de\/nl\/gronau-was-war-das-fuer-ein-wochenende-vielen-dank-an-die-zahlreichen-besuc\" \/>\n<meta property=\"og:site_name\" content=\"Gronau Inside\" \/>\n<meta property=\"article:published_time\" content=\"2024-09-16T15:28:14+00:00\" \/>\n<meta name=\"author\" content=\"Gronau Inside\" \/>\n<meta name=\"twitter:card\" content=\"summary_large_image\" \/>\n<meta name=\"twitter:label1\" content=\"Geschreven door\" \/>\n\t<meta name=\"twitter:data1\" content=\"Gronau Inside\" \/>\n\t<meta name=\"twitter:label2\" content=\"Geschatte leestijd\" \/>\n\t<meta name=\"twitter:data2\" content=\"1 minuut\" \/>\n<script type=\"application\/ld+json\" class=\"yoast-schema-graph\">{\"@context\":\"https:\\\/\\\/schema.org\",\"@graph\":[{\"@type\":\"Article\",\"@id\":\"https:\\\/\\\/gronau-inside.de\\\/nl\\\/gronau-was-war-das-fuer-ein-wochenende-vielen-dank-an-die-zahlreichen-besuc#article\",\"isPartOf\":{\"@id\":\"https:\\\/\\\/gronau-inside.de\\\/nl\\\/gronau-was-war-das-fuer-ein-wochenende-vielen-dank-an-die-zahlreichen-besuc\"},\"author\":{\"name\":\"Gronau Inside\",\"@id\":\"https:\\\/\\\/gronau-inside.de\\\/nl#\\\/schema\\\/person\\\/f2e1f5c91cd43ca8b12ddf26d7546e29\"},\"headline\":\"Gronau, was war das f\u00fcr ein Wochenende?! Vielen Dank an die zahlreichen Besuc&#8230;\",\"datePublished\":\"2024-09-16T15:28:14+00:00\",\"mainEntityOfPage\":{\"@id\":\"https:\\\/\\\/gronau-inside.de\\\/nl\\\/gronau-was-war-das-fuer-ein-wochenende-vielen-dank-an-die-zahlreichen-besuc\"},\"wordCount\":141,\"publisher\":{\"@id\":\"https:\\\/\\\/gronau-inside.de\\\/nl#organization\"},\"image\":{\"@id\":\"https:\\\/\\\/gronau-inside.de\\\/nl\\\/gronau-was-war-das-fuer-ein-wochenende-vielen-dank-an-die-zahlreichen-besuc#primaryimage\"},\"thumbnailUrl\":\"https:\\\/\\\/gronau-inside.de\\\/wp-content\\\/uploads\\\/2024\\\/09\\\/460189718_1034859651978134_7590551444924382156_n.jpg\",\"articleSection\":[\"#ANGESAGT\"],\"inLanguage\":\"nl-NL\"},{\"@type\":\"WebPage\",\"@id\":\"https:\\\/\\\/gronau-inside.de\\\/nl\\\/gronau-was-war-das-fuer-ein-wochenende-vielen-dank-an-die-zahlreichen-besuc\",\"url\":\"https:\\\/\\\/gronau-inside.de\\\/nl\\\/gronau-was-war-das-fuer-ein-wochenende-vielen-dank-an-die-zahlreichen-besuc\",\"name\":\"Gronau, was war das f\u00fcr ein Wochenende?! Vielen Dank an die zahlreichen Besuc... - Gronau Inside\",\"isPartOf\":{\"@id\":\"https:\\\/\\\/gronau-inside.de\\\/nl#website\"},\"primaryImageOfPage\":{\"@id\":\"https:\\\/\\\/gronau-inside.de\\\/nl\\\/gronau-was-war-das-fuer-ein-wochenende-vielen-dank-an-die-zahlreichen-besuc#primaryimage\"},\"image\":{\"@id\":\"https:\\\/\\\/gronau-inside.de\\\/nl\\\/gronau-was-war-das-fuer-ein-wochenende-vielen-dank-an-die-zahlreichen-besuc#primaryimage\"},\"thumbnailUrl\":\"https:\\\/\\\/gronau-inside.de\\\/wp-content\\\/uploads\\\/2024\\\/09\\\/460189718_1034859651978134_7590551444924382156_n.jpg\",\"datePublished\":\"2024-09-16T15:28:14+00:00\",\"breadcrumb\":{\"@id\":\"https:\\\/\\\/gronau-inside.de\\\/nl\\\/gronau-was-war-das-fuer-ein-wochenende-vielen-dank-an-die-zahlreichen-besuc#breadcrumb\"},\"inLanguage\":\"nl-NL\",\"potentialAction\":[{\"@type\":\"ReadAction\",\"target\":[\"https:\\\/\\\/gronau-inside.de\\\/nl\\\/gronau-was-war-das-fuer-ein-wochenende-vielen-dank-an-die-zahlreichen-besuc\"]}]},{\"@type\":\"ImageObject\",\"inLanguage\":\"nl-NL\",\"@id\":\"https:\\\/\\\/gronau-inside.de\\\/nl\\\/gronau-was-war-das-fuer-ein-wochenende-vielen-dank-an-die-zahlreichen-besuc#primaryimage\",\"url\":\"https:\\\/\\\/gronau-inside.de\\\/wp-content\\\/uploads\\\/2024\\\/09\\\/460189718_1034859651978134_7590551444924382156_n.jpg\",\"contentUrl\":\"https:\\\/\\\/gronau-inside.de\\\/wp-content\\\/uploads\\\/2024\\\/09\\\/460189718_1034859651978134_7590551444924382156_n.jpg\",\"width\":960,\"height\":720},{\"@type\":\"BreadcrumbList\",\"@id\":\"https:\\\/\\\/gronau-inside.de\\\/nl\\\/gronau-was-war-das-fuer-ein-wochenende-vielen-dank-an-die-zahlreichen-besuc#breadcrumb\",\"itemListElement\":[{\"@type\":\"ListItem\",\"position\":1,\"name\":\"Startseite\",\"item\":\"https:\\\/\\\/gronau-inside.de\\\/nl\\\/startseite\"},{\"@type\":\"ListItem\",\"position\":2,\"name\":\"Gronau, was war das f\u00fcr ein Wochenende?! Vielen Dank an die zahlreichen Besuc&#8230;\"}]},{\"@type\":\"WebSite\",\"@id\":\"https:\\\/\\\/gronau-inside.de\\\/nl#website\",\"url\":\"https:\\\/\\\/gronau-inside.de\\\/nl\",\"name\":\"Gronau Inside\",\"description\":\"Musikstadt im Gr\u00fcnen\",\"publisher\":{\"@id\":\"https:\\\/\\\/gronau-inside.de\\\/nl#organization\"},\"potentialAction\":[{\"@type\":\"SearchAction\",\"target\":{\"@type\":\"EntryPoint\",\"urlTemplate\":\"https:\\\/\\\/gronau-inside.de\\\/nl?s={search_term_string}\"},\"query-input\":{\"@type\":\"PropertyValueSpecification\",\"valueRequired\":true,\"valueName\":\"search_term_string\"}}],\"inLanguage\":\"nl-NL\"},{\"@type\":\"Organization\",\"@id\":\"https:\\\/\\\/gronau-inside.de\\\/nl#organization\",\"name\":\"Gronau Inside\",\"url\":\"https:\\\/\\\/gronau-inside.de\\\/nl\",\"logo\":{\"@type\":\"ImageObject\",\"inLanguage\":\"nl-NL\",\"@id\":\"https:\\\/\\\/gronau-inside.de\\\/nl#\\\/schema\\\/logo\\\/image\\\/\",\"url\":\"https:\\\/\\\/gronau-inside.de\\\/wp-content\\\/uploads\\\/2020\\\/10\\\/01_gronau-logo_weissaufweiss_Schriftzug-1.png\",\"contentUrl\":\"https:\\\/\\\/gronau-inside.de\\\/wp-content\\\/uploads\\\/2020\\\/10\\\/01_gronau-logo_weissaufweiss_Schriftzug-1.png\",\"width\":254,\"height\":246,\"caption\":\"Gronau Inside\"},\"image\":{\"@id\":\"https:\\\/\\\/gronau-inside.de\\\/nl#\\\/schema\\\/logo\\\/image\\\/\"}},{\"@type\":\"Person\",\"@id\":\"https:\\\/\\\/gronau-inside.de\\\/nl#\\\/schema\\\/person\\\/f2e1f5c91cd43ca8b12ddf26d7546e29\",\"name\":\"Gronau Inside\"}]}<\/script>\n<!-- \/ Yoast SEO plugin. -->","yoast_head_json":{"title":"Gronau, was war das f\u00fcr ein Wochenende?! Vielen Dank an die zahlreichen Besuc... - Gronau Inside","robots":{"index":"index","follow":"follow","max-snippet":"max-snippet:-1","max-image-preview":"max-image-preview:large","max-video-preview":"max-video-preview:-1"},"canonical":"https:\/\/gronau-inside.de\/nl\/gronau-was-war-das-fuer-ein-wochenende-vielen-dank-an-die-zahlreichen-besuc","og_locale":"nl_NL","og_type":"article","og_title":"Gronau, was war das f\u00fcr ein Wochenende?! Vielen Dank an die zahlreichen Besuc... - Gronau Inside","og_description":"Gronau, was war das f\u00fcr ein Wochenende?! Vielen Dank an die zahlreichen Besucher, die beim Stadtfest Gronau ein bisschen Oktoberfest-Luft schnuppern wollten.\ud83d\udc4f Unter dem Motto &#8220;O&#8217; zapft is&#8221; performten verschiedenen [&hellip;]","og_url":"https:\/\/gronau-inside.de\/nl\/gronau-was-war-das-fuer-ein-wochenende-vielen-dank-an-die-zahlreichen-besuc","og_site_name":"Gronau Inside","article_published_time":"2024-09-16T15:28:14+00:00","author":"Gronau Inside","twitter_card":"summary_large_image","twitter_misc":{"Geschreven door":"Gronau Inside","Geschatte leestijd":"1 minuut"},"schema":{"@context":"https:\/\/schema.org","@graph":[{"@type":"Article","@id":"https:\/\/gronau-inside.de\/nl\/gronau-was-war-das-fuer-ein-wochenende-vielen-dank-an-die-zahlreichen-besuc#article","isPartOf":{"@id":"https:\/\/gronau-inside.de\/nl\/gronau-was-war-das-fuer-ein-wochenende-vielen-dank-an-die-zahlreichen-besuc"},"author":{"name":"Gronau Inside","@id":"https:\/\/gronau-inside.de\/nl#\/schema\/person\/f2e1f5c91cd43ca8b12ddf26d7546e29"},"headline":"Gronau, was war das f\u00fcr ein Wochenende?! Vielen Dank an die zahlreichen Besuc&#8230;","datePublished":"2024-09-16T15:28:14+00:00","mainEntityOfPage":{"@id":"https:\/\/gronau-inside.de\/nl\/gronau-was-war-das-fuer-ein-wochenende-vielen-dank-an-die-zahlreichen-besuc"},"wordCount":141,"publisher":{"@id":"https:\/\/gronau-inside.de\/nl#organization"},"image":{"@id":"https:\/\/gronau-inside.de\/nl\/gronau-was-war-das-fuer-ein-wochenende-vielen-dank-an-die-zahlreichen-besuc#primaryimage"},"thumbnailUrl":"https:\/\/gronau-inside.de\/wp-content\/uploads\/2024\/09\/460189718_1034859651978134_7590551444924382156_n.jpg","articleSection":["#ANGESAGT"],"inLanguage":"nl-NL"},{"@type":"WebPage","@id":"https:\/\/gronau-inside.de\/nl\/gronau-was-war-das-fuer-ein-wochenende-vielen-dank-an-die-zahlreichen-besuc","url":"https:\/\/gronau-inside.de\/nl\/gronau-was-war-das-fuer-ein-wochenende-vielen-dank-an-die-zahlreichen-besuc","name":"Gronau, was war das f\u00fcr ein Wochenende?! Vielen Dank an die zahlreichen Besuc... - Gronau Inside","isPartOf":{"@id":"https:\/\/gronau-inside.de\/nl#website"},"primaryImageOfPage":{"@id":"https:\/\/gronau-inside.de\/nl\/gronau-was-war-das-fuer-ein-wochenende-vielen-dank-an-die-zahlreichen-besuc#primaryimage"},"image":{"@id":"https:\/\/gronau-inside.de\/nl\/gronau-was-war-das-fuer-ein-wochenende-vielen-dank-an-die-zahlreichen-besuc#primaryimage"},"thumbnailUrl":"https:\/\/gronau-inside.de\/wp-content\/uploads\/2024\/09\/460189718_1034859651978134_7590551444924382156_n.jpg","datePublished":"2024-09-16T15:28:14+00:00","breadcrumb":{"@id":"https:\/\/gronau-inside.de\/nl\/gronau-was-war-das-fuer-ein-wochenende-vielen-dank-an-die-zahlreichen-besuc#breadcrumb"},"inLanguage":"nl-NL","potentialAction":[{"@type":"ReadAction","target":["https:\/\/gronau-inside.de\/nl\/gronau-was-war-das-fuer-ein-wochenende-vielen-dank-an-die-zahlreichen-besuc"]}]},{"@type":"ImageObject","inLanguage":"nl-NL","@id":"https:\/\/gronau-inside.de\/nl\/gronau-was-war-das-fuer-ein-wochenende-vielen-dank-an-die-zahlreichen-besuc#primaryimage","url":"https:\/\/gronau-inside.de\/wp-content\/uploads\/2024\/09\/460189718_1034859651978134_7590551444924382156_n.jpg","contentUrl":"https:\/\/gronau-inside.de\/wp-content\/uploads\/2024\/09\/460189718_1034859651978134_7590551444924382156_n.jpg","width":960,"height":720},{"@type":"BreadcrumbList","@id":"https:\/\/gronau-inside.de\/nl\/gronau-was-war-das-fuer-ein-wochenende-vielen-dank-an-die-zahlreichen-besuc#breadcrumb","itemListElement":[{"@type":"ListItem","position":1,"name":"Startseite","item":"https:\/\/gronau-inside.de\/nl\/startseite"},{"@type":"ListItem","position":2,"name":"Gronau, was war das f\u00fcr ein Wochenende?! Vielen Dank an die zahlreichen Besuc&#8230;"}]},{"@type":"WebSite","@id":"https:\/\/gronau-inside.de\/nl#website","url":"https:\/\/gronau-inside.de\/nl","name":"Gronau Inside","description":"Musikstadt im Gr\u00fcnen","publisher":{"@id":"https:\/\/gronau-inside.de\/nl#organization"},"potentialAction":[{"@type":"SearchAction","target":{"@type":"EntryPoint","urlTemplate":"https:\/\/gronau-inside.de\/nl?s={search_term_string}"},"query-input":{"@type":"PropertyValueSpecification","valueRequired":true,"valueName":"search_term_string"}}],"inLanguage":"nl-NL"},{"@type":"Organization","@id":"https:\/\/gronau-inside.de\/nl#organization","name":"Gronau Inside","url":"https:\/\/gronau-inside.de\/nl","logo":{"@type":"ImageObject","inLanguage":"nl-NL","@id":"https:\/\/gronau-inside.de\/nl#\/schema\/logo\/image\/","url":"https:\/\/gronau-inside.de\/wp-content\/uploads\/2020\/10\/01_gronau-logo_weissaufweiss_Schriftzug-1.png","contentUrl":"https:\/\/gronau-inside.de\/wp-content\/uploads\/2020\/10\/01_gronau-logo_weissaufweiss_Schriftzug-1.png","width":254,"height":246,"caption":"Gronau Inside"},"image":{"@id":"https:\/\/gronau-inside.de\/nl#\/schema\/logo\/image\/"}},{"@type":"Person","@id":"https:\/\/gronau-inside.de\/nl#\/schema\/person\/f2e1f5c91cd43ca8b12ddf26d7546e29","name":"Gronau Inside"}]}},"_links":{"self":[{"href":"https:\/\/gronau-inside.de\/nl\/wp-json\/wp\/v2\/posts\/68973","targetHints":{"allow":["GET"]}}],"collection":[{"href":"https:\/\/gronau-inside.de\/nl\/wp-json\/wp\/v2\/posts"}],"about":[{"href":"https:\/\/gronau-inside.de\/nl\/wp-json\/wp\/v2\/types\/post"}],"author":[{"embeddable":true,"href":"https:\/\/gronau-inside.de\/nl\/wp-json\/wp\/v2\/users\/2"}],"replies":[{"embeddable":true,"href":"https:\/\/gronau-inside.de\/nl\/wp-json\/wp\/v2\/comments?post=68973"}],"version-history":[{"count":0,"href":"https:\/\/gronau-inside.de\/nl\/wp-json\/wp\/v2\/posts\/68973\/revisions"}],"wp:featuredmedia":[{"embeddable":true,"href":"https:\/\/gronau-inside.de\/nl\/wp-json\/wp\/v2\/media\/68970"}],"wp:attachment":[{"href":"https:\/\/gronau-inside.de\/nl\/wp-json\/wp\/v2\/media?parent=68973"}],"wp:term":[{"taxonomy":"category","embeddable":true,"href":"https:\/\/gronau-inside.de\/nl\/wp-json\/wp\/v2\/categories?post=68973"},{"taxonomy":"post_tag","embeddable":true,"href":"https:\/\/gronau-inside.de\/nl\/wp-json\/wp\/v2\/tags?post=68973"}],"curies":[{"name":"wp","href":"https:\/\/api.w.org\/{rel}","templated":true}]}}