{"id":69332,"date":"2024-09-23T18:15:25","date_gmt":"2024-09-23T16:15:25","guid":{"rendered":"https:\/\/gronau-inside.de\/lust-auf-einen-musikalischen-abend%f0%9f%8e%b6im-rahmen-der-tolle-woche-sind-alle-e"},"modified":"2024-09-23T18:15:25","modified_gmt":"2024-09-23T16:15:25","slug":"lust-auf-einen-musikalischen-abend%f0%9f%8e%b6im-rahmen-der-tolle-woche-sind-alle-e","status":"publish","type":"post","link":"https:\/\/gronau-inside.de\/nl\/lust-auf-einen-musikalischen-abend%f0%9f%8e%b6im-rahmen-der-tolle-woche-sind-alle-e","title":{"rendered":"Lust auf einen musikalischen Abend?\ud83c\udfb6\n\nIm Rahmen der &#8220;Tolle Woche&#8221; sind alle E&#8230;"},"content":{"rendered":"<p>Lust auf einen musikalischen Abend?\ud83c\udfb6<\/p>\n<p>Im Rahmen der &#8220;Tolle Woche&#8221; sind alle Einwohner aus der Grenzregion herzlich eingeladen zu einem besonderen Auftritt der Berliner Vocalgruppe ONAIR am 27. September in der Grote Kerk auf dem Oude Markt in Enschede. Die herausragenden S\u00e4nger sorgen f\u00fcr einen unvergesslichen Abend, mit einem zus\u00e4tzlichen Highlight: dem Vorprogramm der Enscheder Vocalgruppe Half past Nine.<\/p>\n<p>Die &#8220;Tolle Woche&#8221; ist eine Zeit, in der wir uns als Einwohner der Grenzregion besser kennenlernen und die Zusammenarbeit zwischen den Menschen beiderseits der Grenze feiern m\u00f6chten. Dieses Konzert bietet eine wunderbare Gelegenheit, gemeinsam Kultur und Musik zu genie\u00dfen. <\/p>\n<p>Weitere Infos und Tickets: https:\/\/www.wilminktheater.nl\/&#8230;\/4611\/onair\/vocal-legends<\/p>\n","protected":false},"excerpt":{"rendered":"<p>Lust auf einen musikalischen Abend?\ud83c\udfb6 Im Rahmen der &#8220;Tolle Woche&#8221; sind alle Einwohner aus der Grenzregion herzlich eingeladen zu einem besonderen Auftritt der Berliner Vocalgruppe ONAIR am 27. September in [&hellip;]<\/p>\n","protected":false},"author":2,"featured_media":69329,"comment_status":"","ping_status":"","sticky":false,"template":"","format":"standard","meta":{"_acf_changed":false,"_price":"","_stock":"","_tribe_ticket_header":"","_tribe_default_ticket_provider":"","_tribe_ticket_capacity":"","_ticket_start_date":"","_ticket_end_date":"","_tribe_ticket_show_description":"","_tribe_ticket_show_not_going":false,"_tribe_ticket_use_global_stock":"","_tribe_ticket_global_stock_level":"","_global_stock_mode":"","_global_stock_cap":"","_tribe_rsvp_for_event":"","_tribe_ticket_going_count":"","_tribe_ticket_not_going_count":"","_tribe_tickets_list":"[]","_tribe_ticket_has_attendee_info_fields":false,"footnotes":""},"categories":[21],"tags":[],"class_list":["post-69332","post","type-post","status-publish","format-standard","has-post-thumbnail","hentry","category-angesagt"],"acf":[],"yoast_head":"<!-- This site is optimized with the Yoast SEO plugin v27.4 - https:\/\/yoast.com\/product\/yoast-seo-wordpress\/ -->\n<title>Lust auf einen musikalischen Abend?\ud83c\udfb6 Im Rahmen der &quot;Tolle Woche&quot; sind alle E... - Gronau Inside<\/title>\n<meta name=\"robots\" content=\"index, follow, max-snippet:-1, max-image-preview:large, max-video-preview:-1\" \/>\n<link rel=\"canonical\" href=\"https:\/\/gronau-inside.de\/nl\/lust-auf-einen-musikalischen-abend%f0%9f%8e%b6im-rahmen-der-tolle-woche-sind-alle-e\" \/>\n<meta property=\"og:locale\" content=\"nl_NL\" \/>\n<meta property=\"og:type\" content=\"article\" \/>\n<meta property=\"og:title\" content=\"Lust auf einen musikalischen Abend?\ud83c\udfb6 Im Rahmen der &quot;Tolle Woche&quot; sind alle E... - Gronau Inside\" \/>\n<meta property=\"og:description\" content=\"Lust auf einen musikalischen Abend?\ud83c\udfb6 Im Rahmen der &#8220;Tolle Woche&#8221; sind alle Einwohner aus der Grenzregion herzlich eingeladen zu einem besonderen Auftritt der Berliner Vocalgruppe ONAIR am 27. September in [&hellip;]\" \/>\n<meta property=\"og:url\" content=\"https:\/\/gronau-inside.de\/nl\/lust-auf-einen-musikalischen-abend%f0%9f%8e%b6im-rahmen-der-tolle-woche-sind-alle-e\" \/>\n<meta property=\"og:site_name\" content=\"Gronau Inside\" \/>\n<meta property=\"article:published_time\" content=\"2024-09-23T16:15:25+00:00\" \/>\n<meta name=\"author\" content=\"Gronau Inside\" \/>\n<meta name=\"twitter:card\" content=\"summary_large_image\" \/>\n<meta name=\"twitter:label1\" content=\"Geschreven door\" \/>\n\t<meta name=\"twitter:data1\" content=\"Gronau Inside\" \/>\n\t<meta name=\"twitter:label2\" content=\"Geschatte leestijd\" \/>\n\t<meta name=\"twitter:data2\" content=\"1 minuut\" \/>\n<script type=\"application\/ld+json\" class=\"yoast-schema-graph\">{\"@context\":\"https:\\\/\\\/schema.org\",\"@graph\":[{\"@type\":\"Article\",\"@id\":\"https:\\\/\\\/gronau-inside.de\\\/nl\\\/lust-auf-einen-musikalischen-abend%f0%9f%8e%b6im-rahmen-der-tolle-woche-sind-alle-e#article\",\"isPartOf\":{\"@id\":\"https:\\\/\\\/gronau-inside.de\\\/nl\\\/lust-auf-einen-musikalischen-abend%f0%9f%8e%b6im-rahmen-der-tolle-woche-sind-alle-e\"},\"author\":{\"name\":\"Gronau Inside\",\"@id\":\"https:\\\/\\\/gronau-inside.de\\\/nl#\\\/schema\\\/person\\\/f2e1f5c91cd43ca8b12ddf26d7546e29\"},\"headline\":\"Lust auf einen musikalischen Abend?\ud83c\udfb6 Im Rahmen der &#8220;Tolle Woche&#8221; sind alle E&#8230;\",\"datePublished\":\"2024-09-23T16:15:25+00:00\",\"mainEntityOfPage\":{\"@id\":\"https:\\\/\\\/gronau-inside.de\\\/nl\\\/lust-auf-einen-musikalischen-abend%f0%9f%8e%b6im-rahmen-der-tolle-woche-sind-alle-e\"},\"wordCount\":125,\"publisher\":{\"@id\":\"https:\\\/\\\/gronau-inside.de\\\/nl#organization\"},\"image\":{\"@id\":\"https:\\\/\\\/gronau-inside.de\\\/nl\\\/lust-auf-einen-musikalischen-abend%f0%9f%8e%b6im-rahmen-der-tolle-woche-sind-alle-e#primaryimage\"},\"thumbnailUrl\":\"https:\\\/\\\/gronau-inside.de\\\/wp-content\\\/uploads\\\/2024\\\/09\\\/460486839_1037976171666482_5101038909102608732_n.jpg\",\"articleSection\":[\"#ANGESAGT\"],\"inLanguage\":\"nl-NL\"},{\"@type\":\"WebPage\",\"@id\":\"https:\\\/\\\/gronau-inside.de\\\/nl\\\/lust-auf-einen-musikalischen-abend%f0%9f%8e%b6im-rahmen-der-tolle-woche-sind-alle-e\",\"url\":\"https:\\\/\\\/gronau-inside.de\\\/nl\\\/lust-auf-einen-musikalischen-abend%f0%9f%8e%b6im-rahmen-der-tolle-woche-sind-alle-e\",\"name\":\"Lust auf einen musikalischen Abend?\ud83c\udfb6 Im Rahmen der \\\"Tolle Woche\\\" sind alle E... - Gronau Inside\",\"isPartOf\":{\"@id\":\"https:\\\/\\\/gronau-inside.de\\\/nl#website\"},\"primaryImageOfPage\":{\"@id\":\"https:\\\/\\\/gronau-inside.de\\\/nl\\\/lust-auf-einen-musikalischen-abend%f0%9f%8e%b6im-rahmen-der-tolle-woche-sind-alle-e#primaryimage\"},\"image\":{\"@id\":\"https:\\\/\\\/gronau-inside.de\\\/nl\\\/lust-auf-einen-musikalischen-abend%f0%9f%8e%b6im-rahmen-der-tolle-woche-sind-alle-e#primaryimage\"},\"thumbnailUrl\":\"https:\\\/\\\/gronau-inside.de\\\/wp-content\\\/uploads\\\/2024\\\/09\\\/460486839_1037976171666482_5101038909102608732_n.jpg\",\"datePublished\":\"2024-09-23T16:15:25+00:00\",\"breadcrumb\":{\"@id\":\"https:\\\/\\\/gronau-inside.de\\\/nl\\\/lust-auf-einen-musikalischen-abend%f0%9f%8e%b6im-rahmen-der-tolle-woche-sind-alle-e#breadcrumb\"},\"inLanguage\":\"nl-NL\",\"potentialAction\":[{\"@type\":\"ReadAction\",\"target\":[\"https:\\\/\\\/gronau-inside.de\\\/nl\\\/lust-auf-einen-musikalischen-abend%f0%9f%8e%b6im-rahmen-der-tolle-woche-sind-alle-e\"]}]},{\"@type\":\"ImageObject\",\"inLanguage\":\"nl-NL\",\"@id\":\"https:\\\/\\\/gronau-inside.de\\\/nl\\\/lust-auf-einen-musikalischen-abend%f0%9f%8e%b6im-rahmen-der-tolle-woche-sind-alle-e#primaryimage\",\"url\":\"https:\\\/\\\/gronau-inside.de\\\/wp-content\\\/uploads\\\/2024\\\/09\\\/460486839_1037976171666482_5101038909102608732_n.jpg\",\"contentUrl\":\"https:\\\/\\\/gronau-inside.de\\\/wp-content\\\/uploads\\\/2024\\\/09\\\/460486839_1037976171666482_5101038909102608732_n.jpg\",\"width\":1730,\"height\":720},{\"@type\":\"BreadcrumbList\",\"@id\":\"https:\\\/\\\/gronau-inside.de\\\/nl\\\/lust-auf-einen-musikalischen-abend%f0%9f%8e%b6im-rahmen-der-tolle-woche-sind-alle-e#breadcrumb\",\"itemListElement\":[{\"@type\":\"ListItem\",\"position\":1,\"name\":\"Startseite\",\"item\":\"https:\\\/\\\/gronau-inside.de\\\/nl\\\/startseite\"},{\"@type\":\"ListItem\",\"position\":2,\"name\":\"Lust auf einen musikalischen Abend?\ud83c\udfb6 Im Rahmen der &#8220;Tolle Woche&#8221; sind alle E&#8230;\"}]},{\"@type\":\"WebSite\",\"@id\":\"https:\\\/\\\/gronau-inside.de\\\/nl#website\",\"url\":\"https:\\\/\\\/gronau-inside.de\\\/nl\",\"name\":\"Gronau Inside\",\"description\":\"Musikstadt im Gr\u00fcnen\",\"publisher\":{\"@id\":\"https:\\\/\\\/gronau-inside.de\\\/nl#organization\"},\"potentialAction\":[{\"@type\":\"SearchAction\",\"target\":{\"@type\":\"EntryPoint\",\"urlTemplate\":\"https:\\\/\\\/gronau-inside.de\\\/nl?s={search_term_string}\"},\"query-input\":{\"@type\":\"PropertyValueSpecification\",\"valueRequired\":true,\"valueName\":\"search_term_string\"}}],\"inLanguage\":\"nl-NL\"},{\"@type\":\"Organization\",\"@id\":\"https:\\\/\\\/gronau-inside.de\\\/nl#organization\",\"name\":\"Gronau Inside\",\"url\":\"https:\\\/\\\/gronau-inside.de\\\/nl\",\"logo\":{\"@type\":\"ImageObject\",\"inLanguage\":\"nl-NL\",\"@id\":\"https:\\\/\\\/gronau-inside.de\\\/nl#\\\/schema\\\/logo\\\/image\\\/\",\"url\":\"https:\\\/\\\/gronau-inside.de\\\/wp-content\\\/uploads\\\/2020\\\/10\\\/01_gronau-logo_weissaufweiss_Schriftzug-1.png\",\"contentUrl\":\"https:\\\/\\\/gronau-inside.de\\\/wp-content\\\/uploads\\\/2020\\\/10\\\/01_gronau-logo_weissaufweiss_Schriftzug-1.png\",\"width\":254,\"height\":246,\"caption\":\"Gronau Inside\"},\"image\":{\"@id\":\"https:\\\/\\\/gronau-inside.de\\\/nl#\\\/schema\\\/logo\\\/image\\\/\"}},{\"@type\":\"Person\",\"@id\":\"https:\\\/\\\/gronau-inside.de\\\/nl#\\\/schema\\\/person\\\/f2e1f5c91cd43ca8b12ddf26d7546e29\",\"name\":\"Gronau Inside\"}]}<\/script>\n<!-- \/ Yoast SEO plugin. -->","yoast_head_json":{"title":"Lust auf einen musikalischen Abend?\ud83c\udfb6 Im Rahmen der \"Tolle Woche\" sind alle E... - Gronau Inside","robots":{"index":"index","follow":"follow","max-snippet":"max-snippet:-1","max-image-preview":"max-image-preview:large","max-video-preview":"max-video-preview:-1"},"canonical":"https:\/\/gronau-inside.de\/nl\/lust-auf-einen-musikalischen-abend%f0%9f%8e%b6im-rahmen-der-tolle-woche-sind-alle-e","og_locale":"nl_NL","og_type":"article","og_title":"Lust auf einen musikalischen Abend?\ud83c\udfb6 Im Rahmen der \"Tolle Woche\" sind alle E... - Gronau Inside","og_description":"Lust auf einen musikalischen Abend?\ud83c\udfb6 Im Rahmen der &#8220;Tolle Woche&#8221; sind alle Einwohner aus der Grenzregion herzlich eingeladen zu einem besonderen Auftritt der Berliner Vocalgruppe ONAIR am 27. September in [&hellip;]","og_url":"https:\/\/gronau-inside.de\/nl\/lust-auf-einen-musikalischen-abend%f0%9f%8e%b6im-rahmen-der-tolle-woche-sind-alle-e","og_site_name":"Gronau Inside","article_published_time":"2024-09-23T16:15:25+00:00","author":"Gronau Inside","twitter_card":"summary_large_image","twitter_misc":{"Geschreven door":"Gronau Inside","Geschatte leestijd":"1 minuut"},"schema":{"@context":"https:\/\/schema.org","@graph":[{"@type":"Article","@id":"https:\/\/gronau-inside.de\/nl\/lust-auf-einen-musikalischen-abend%f0%9f%8e%b6im-rahmen-der-tolle-woche-sind-alle-e#article","isPartOf":{"@id":"https:\/\/gronau-inside.de\/nl\/lust-auf-einen-musikalischen-abend%f0%9f%8e%b6im-rahmen-der-tolle-woche-sind-alle-e"},"author":{"name":"Gronau Inside","@id":"https:\/\/gronau-inside.de\/nl#\/schema\/person\/f2e1f5c91cd43ca8b12ddf26d7546e29"},"headline":"Lust auf einen musikalischen Abend?\ud83c\udfb6 Im Rahmen der &#8220;Tolle Woche&#8221; sind alle E&#8230;","datePublished":"2024-09-23T16:15:25+00:00","mainEntityOfPage":{"@id":"https:\/\/gronau-inside.de\/nl\/lust-auf-einen-musikalischen-abend%f0%9f%8e%b6im-rahmen-der-tolle-woche-sind-alle-e"},"wordCount":125,"publisher":{"@id":"https:\/\/gronau-inside.de\/nl#organization"},"image":{"@id":"https:\/\/gronau-inside.de\/nl\/lust-auf-einen-musikalischen-abend%f0%9f%8e%b6im-rahmen-der-tolle-woche-sind-alle-e#primaryimage"},"thumbnailUrl":"https:\/\/gronau-inside.de\/wp-content\/uploads\/2024\/09\/460486839_1037976171666482_5101038909102608732_n.jpg","articleSection":["#ANGESAGT"],"inLanguage":"nl-NL"},{"@type":"WebPage","@id":"https:\/\/gronau-inside.de\/nl\/lust-auf-einen-musikalischen-abend%f0%9f%8e%b6im-rahmen-der-tolle-woche-sind-alle-e","url":"https:\/\/gronau-inside.de\/nl\/lust-auf-einen-musikalischen-abend%f0%9f%8e%b6im-rahmen-der-tolle-woche-sind-alle-e","name":"Lust auf einen musikalischen Abend?\ud83c\udfb6 Im Rahmen der \"Tolle Woche\" sind alle E... - Gronau Inside","isPartOf":{"@id":"https:\/\/gronau-inside.de\/nl#website"},"primaryImageOfPage":{"@id":"https:\/\/gronau-inside.de\/nl\/lust-auf-einen-musikalischen-abend%f0%9f%8e%b6im-rahmen-der-tolle-woche-sind-alle-e#primaryimage"},"image":{"@id":"https:\/\/gronau-inside.de\/nl\/lust-auf-einen-musikalischen-abend%f0%9f%8e%b6im-rahmen-der-tolle-woche-sind-alle-e#primaryimage"},"thumbnailUrl":"https:\/\/gronau-inside.de\/wp-content\/uploads\/2024\/09\/460486839_1037976171666482_5101038909102608732_n.jpg","datePublished":"2024-09-23T16:15:25+00:00","breadcrumb":{"@id":"https:\/\/gronau-inside.de\/nl\/lust-auf-einen-musikalischen-abend%f0%9f%8e%b6im-rahmen-der-tolle-woche-sind-alle-e#breadcrumb"},"inLanguage":"nl-NL","potentialAction":[{"@type":"ReadAction","target":["https:\/\/gronau-inside.de\/nl\/lust-auf-einen-musikalischen-abend%f0%9f%8e%b6im-rahmen-der-tolle-woche-sind-alle-e"]}]},{"@type":"ImageObject","inLanguage":"nl-NL","@id":"https:\/\/gronau-inside.de\/nl\/lust-auf-einen-musikalischen-abend%f0%9f%8e%b6im-rahmen-der-tolle-woche-sind-alle-e#primaryimage","url":"https:\/\/gronau-inside.de\/wp-content\/uploads\/2024\/09\/460486839_1037976171666482_5101038909102608732_n.jpg","contentUrl":"https:\/\/gronau-inside.de\/wp-content\/uploads\/2024\/09\/460486839_1037976171666482_5101038909102608732_n.jpg","width":1730,"height":720},{"@type":"BreadcrumbList","@id":"https:\/\/gronau-inside.de\/nl\/lust-auf-einen-musikalischen-abend%f0%9f%8e%b6im-rahmen-der-tolle-woche-sind-alle-e#breadcrumb","itemListElement":[{"@type":"ListItem","position":1,"name":"Startseite","item":"https:\/\/gronau-inside.de\/nl\/startseite"},{"@type":"ListItem","position":2,"name":"Lust auf einen musikalischen Abend?\ud83c\udfb6 Im Rahmen der &#8220;Tolle Woche&#8221; sind alle E&#8230;"}]},{"@type":"WebSite","@id":"https:\/\/gronau-inside.de\/nl#website","url":"https:\/\/gronau-inside.de\/nl","name":"Gronau Inside","description":"Musikstadt im Gr\u00fcnen","publisher":{"@id":"https:\/\/gronau-inside.de\/nl#organization"},"potentialAction":[{"@type":"SearchAction","target":{"@type":"EntryPoint","urlTemplate":"https:\/\/gronau-inside.de\/nl?s={search_term_string}"},"query-input":{"@type":"PropertyValueSpecification","valueRequired":true,"valueName":"search_term_string"}}],"inLanguage":"nl-NL"},{"@type":"Organization","@id":"https:\/\/gronau-inside.de\/nl#organization","name":"Gronau Inside","url":"https:\/\/gronau-inside.de\/nl","logo":{"@type":"ImageObject","inLanguage":"nl-NL","@id":"https:\/\/gronau-inside.de\/nl#\/schema\/logo\/image\/","url":"https:\/\/gronau-inside.de\/wp-content\/uploads\/2020\/10\/01_gronau-logo_weissaufweiss_Schriftzug-1.png","contentUrl":"https:\/\/gronau-inside.de\/wp-content\/uploads\/2020\/10\/01_gronau-logo_weissaufweiss_Schriftzug-1.png","width":254,"height":246,"caption":"Gronau Inside"},"image":{"@id":"https:\/\/gronau-inside.de\/nl#\/schema\/logo\/image\/"}},{"@type":"Person","@id":"https:\/\/gronau-inside.de\/nl#\/schema\/person\/f2e1f5c91cd43ca8b12ddf26d7546e29","name":"Gronau Inside"}]}},"_links":{"self":[{"href":"https:\/\/gronau-inside.de\/nl\/wp-json\/wp\/v2\/posts\/69332","targetHints":{"allow":["GET"]}}],"collection":[{"href":"https:\/\/gronau-inside.de\/nl\/wp-json\/wp\/v2\/posts"}],"about":[{"href":"https:\/\/gronau-inside.de\/nl\/wp-json\/wp\/v2\/types\/post"}],"author":[{"embeddable":true,"href":"https:\/\/gronau-inside.de\/nl\/wp-json\/wp\/v2\/users\/2"}],"replies":[{"embeddable":true,"href":"https:\/\/gronau-inside.de\/nl\/wp-json\/wp\/v2\/comments?post=69332"}],"version-history":[{"count":0,"href":"https:\/\/gronau-inside.de\/nl\/wp-json\/wp\/v2\/posts\/69332\/revisions"}],"wp:featuredmedia":[{"embeddable":true,"href":"https:\/\/gronau-inside.de\/nl\/wp-json\/wp\/v2\/media\/69329"}],"wp:attachment":[{"href":"https:\/\/gronau-inside.de\/nl\/wp-json\/wp\/v2\/media?parent=69332"}],"wp:term":[{"taxonomy":"category","embeddable":true,"href":"https:\/\/gronau-inside.de\/nl\/wp-json\/wp\/v2\/categories?post=69332"},{"taxonomy":"post_tag","embeddable":true,"href":"https:\/\/gronau-inside.de\/nl\/wp-json\/wp\/v2\/tags?post=69332"}],"curies":[{"name":"wp","href":"https:\/\/api.w.org\/{rel}","templated":true}]}}