{"id":70175,"date":"2024-10-12T14:05:11","date_gmt":"2024-10-12T12:05:11","guid":{"rendered":"https:\/\/gronau-inside.de\/habt-ihr-schon-das-neue-cafe-1836-in-gronau-ausgetestet-%e2%98%95%ef%b8%8fim-neuen-cafe-18"},"modified":"2024-10-12T14:05:11","modified_gmt":"2024-10-12T12:05:11","slug":"habt-ihr-schon-das-neue-cafe-1836-in-gronau-ausgetestet-%e2%98%95%ef%b8%8fim-neuen-cafe-18","status":"publish","type":"post","link":"https:\/\/gronau-inside.de\/nl\/habt-ihr-schon-das-neue-cafe-1836-in-gronau-ausgetestet-%e2%98%95%ef%b8%8fim-neuen-cafe-18","title":{"rendered":"Habt ihr schon das neue Caf\u00e9 1836 in Gronau ausgetestet? \u2615\ufe0f\n\nIm neuen Caf\u00e9 18&#8230;"},"content":{"rendered":"<p>Habt ihr schon das neue Caf\u00e9 1836 in Gronau ausgetestet? \u2615\ufe0f<\/p>\n<p>Im neuen Caf\u00e9 1836, der kleinen Schwester des Hotel Restaurant Seeblick, flossen am Er\u00f6ffnungswochenende beeindruckende 100 Liter Milch in die Kaffeespezialit\u00e4ten. Ralph Schw\u00e4gerl und Lorena Kleideiter haben mit so viel Andrang nicht gerechnet! \ud83d\udc4f<\/p>\n<p>Das Caf\u00e9 besticht durch regionale Produkte, handgemachte Quiches, Bowls und die beliebten Stullen mit frischem Brot &#8211; hier kann den ganzen Tag gefr\u00fchst\u00fcckt werden!\ud83e\udd50<br \/>\nSowohl das Restaurant Seeblick als auch das Caf\u00e9 1836 sind mit dem M\u00fcnsterland-Siegel ausgezeichnet!  <\/p>\n<p>Das Highlight? Nat\u00fcrlich der Kaffee. Nicht umsonst steht der Name \u201e1836\u201c f\u00fcr das perfekte Espresso-Br\u00fchverh\u00e4ltnis! \ud83e\udd0c<\/p>\n<p>Schaut vorbei und testet es selbst aus: \ud83d\udd70 Mo-Fr: 9:30 &#8211; 18:00 Uhr Sa: 9:30 &#8211; 17:00 Uhr<\/p>\n","protected":false},"excerpt":{"rendered":"<p>Habt ihr schon das neue Caf\u00e9 1836 in Gronau ausgetestet? \u2615\ufe0f Im neuen Caf\u00e9 1836, der kleinen Schwester des Hotel Restaurant Seeblick, flossen am Er\u00f6ffnungswochenende beeindruckende 100 Liter Milch in [&hellip;]<\/p>\n","protected":false},"author":2,"featured_media":70172,"comment_status":"","ping_status":"","sticky":false,"template":"","format":"standard","meta":{"_acf_changed":false,"_price":"","_stock":"","_tribe_ticket_header":"","_tribe_default_ticket_provider":"","_tribe_ticket_capacity":"","_ticket_start_date":"","_ticket_end_date":"","_tribe_ticket_show_description":"","_tribe_ticket_show_not_going":false,"_tribe_ticket_use_global_stock":"","_tribe_ticket_global_stock_level":"","_global_stock_mode":"","_global_stock_cap":"","_tribe_rsvp_for_event":"","_tribe_ticket_going_count":"","_tribe_ticket_not_going_count":"","_tribe_tickets_list":"[]","_tribe_ticket_has_attendee_info_fields":false,"footnotes":""},"categories":[21],"tags":[],"class_list":["post-70175","post","type-post","status-publish","format-standard","has-post-thumbnail","hentry","category-angesagt"],"acf":[],"yoast_head":"<!-- This site is optimized with the Yoast SEO plugin v27.5 - https:\/\/yoast.com\/product\/yoast-seo-wordpress\/ -->\n<title>Habt ihr schon das neue Caf\u00e9 1836 in Gronau ausgetestet? \u2615\ufe0f Im neuen Caf\u00e9 18... - Gronau Inside<\/title>\n<meta name=\"robots\" content=\"index, follow, max-snippet:-1, max-image-preview:large, max-video-preview:-1\" \/>\n<link rel=\"canonical\" href=\"https:\/\/gronau-inside.de\/nl\/habt-ihr-schon-das-neue-cafe-1836-in-gronau-ausgetestet-%e2%98%95%ef%b8%8fim-neuen-cafe-18\" \/>\n<meta property=\"og:locale\" content=\"nl_NL\" \/>\n<meta property=\"og:type\" content=\"article\" \/>\n<meta property=\"og:title\" content=\"Habt ihr schon das neue Caf\u00e9 1836 in Gronau ausgetestet? \u2615\ufe0f Im neuen Caf\u00e9 18... - Gronau Inside\" \/>\n<meta property=\"og:description\" content=\"Habt ihr schon das neue Caf\u00e9 1836 in Gronau ausgetestet? \u2615\ufe0f Im neuen Caf\u00e9 1836, der kleinen Schwester des Hotel Restaurant Seeblick, flossen am Er\u00f6ffnungswochenende beeindruckende 100 Liter Milch in [&hellip;]\" \/>\n<meta property=\"og:url\" content=\"https:\/\/gronau-inside.de\/nl\/habt-ihr-schon-das-neue-cafe-1836-in-gronau-ausgetestet-%e2%98%95%ef%b8%8fim-neuen-cafe-18\" \/>\n<meta property=\"og:site_name\" content=\"Gronau Inside\" \/>\n<meta property=\"article:published_time\" content=\"2024-10-12T12:05:11+00:00\" \/>\n<meta name=\"author\" content=\"Gronau Inside\" \/>\n<meta name=\"twitter:card\" content=\"summary_large_image\" \/>\n<meta name=\"twitter:label1\" content=\"Geschreven door\" \/>\n\t<meta name=\"twitter:data1\" content=\"Gronau Inside\" \/>\n\t<meta name=\"twitter:label2\" content=\"Geschatte leestijd\" \/>\n\t<meta name=\"twitter:data2\" content=\"1 minuut\" \/>\n<script type=\"application\/ld+json\" class=\"yoast-schema-graph\">{\"@context\":\"https:\\\/\\\/schema.org\",\"@graph\":[{\"@type\":\"Article\",\"@id\":\"https:\\\/\\\/gronau-inside.de\\\/nl\\\/habt-ihr-schon-das-neue-cafe-1836-in-gronau-ausgetestet-%e2%98%95%ef%b8%8fim-neuen-cafe-18#article\",\"isPartOf\":{\"@id\":\"https:\\\/\\\/gronau-inside.de\\\/nl\\\/habt-ihr-schon-das-neue-cafe-1836-in-gronau-ausgetestet-%e2%98%95%ef%b8%8fim-neuen-cafe-18\"},\"author\":{\"name\":\"Gronau Inside\",\"@id\":\"https:\\\/\\\/gronau-inside.de\\\/nl#\\\/schema\\\/person\\\/f2e1f5c91cd43ca8b12ddf26d7546e29\"},\"headline\":\"Habt ihr schon das neue Caf\u00e9 1836 in Gronau ausgetestet? \u2615\ufe0f Im neuen Caf\u00e9 18&#8230;\",\"datePublished\":\"2024-10-12T12:05:11+00:00\",\"mainEntityOfPage\":{\"@id\":\"https:\\\/\\\/gronau-inside.de\\\/nl\\\/habt-ihr-schon-das-neue-cafe-1836-in-gronau-ausgetestet-%e2%98%95%ef%b8%8fim-neuen-cafe-18\"},\"wordCount\":126,\"publisher\":{\"@id\":\"https:\\\/\\\/gronau-inside.de\\\/nl#organization\"},\"image\":{\"@id\":\"https:\\\/\\\/gronau-inside.de\\\/nl\\\/habt-ihr-schon-das-neue-cafe-1836-in-gronau-ausgetestet-%e2%98%95%ef%b8%8fim-neuen-cafe-18#primaryimage\"},\"thumbnailUrl\":\"https:\\\/\\\/gronau-inside.de\\\/wp-content\\\/uploads\\\/2024\\\/10\\\/461999682_1053680693429363_8753344059771165358_n.jpg\",\"articleSection\":[\"#ANGESAGT\"],\"inLanguage\":\"nl-NL\"},{\"@type\":\"WebPage\",\"@id\":\"https:\\\/\\\/gronau-inside.de\\\/nl\\\/habt-ihr-schon-das-neue-cafe-1836-in-gronau-ausgetestet-%e2%98%95%ef%b8%8fim-neuen-cafe-18\",\"url\":\"https:\\\/\\\/gronau-inside.de\\\/nl\\\/habt-ihr-schon-das-neue-cafe-1836-in-gronau-ausgetestet-%e2%98%95%ef%b8%8fim-neuen-cafe-18\",\"name\":\"Habt ihr schon das neue Caf\u00e9 1836 in Gronau ausgetestet? \u2615\ufe0f Im neuen Caf\u00e9 18... - Gronau Inside\",\"isPartOf\":{\"@id\":\"https:\\\/\\\/gronau-inside.de\\\/nl#website\"},\"primaryImageOfPage\":{\"@id\":\"https:\\\/\\\/gronau-inside.de\\\/nl\\\/habt-ihr-schon-das-neue-cafe-1836-in-gronau-ausgetestet-%e2%98%95%ef%b8%8fim-neuen-cafe-18#primaryimage\"},\"image\":{\"@id\":\"https:\\\/\\\/gronau-inside.de\\\/nl\\\/habt-ihr-schon-das-neue-cafe-1836-in-gronau-ausgetestet-%e2%98%95%ef%b8%8fim-neuen-cafe-18#primaryimage\"},\"thumbnailUrl\":\"https:\\\/\\\/gronau-inside.de\\\/wp-content\\\/uploads\\\/2024\\\/10\\\/461999682_1053680693429363_8753344059771165358_n.jpg\",\"datePublished\":\"2024-10-12T12:05:11+00:00\",\"breadcrumb\":{\"@id\":\"https:\\\/\\\/gronau-inside.de\\\/nl\\\/habt-ihr-schon-das-neue-cafe-1836-in-gronau-ausgetestet-%e2%98%95%ef%b8%8fim-neuen-cafe-18#breadcrumb\"},\"inLanguage\":\"nl-NL\",\"potentialAction\":[{\"@type\":\"ReadAction\",\"target\":[\"https:\\\/\\\/gronau-inside.de\\\/nl\\\/habt-ihr-schon-das-neue-cafe-1836-in-gronau-ausgetestet-%e2%98%95%ef%b8%8fim-neuen-cafe-18\"]}]},{\"@type\":\"ImageObject\",\"inLanguage\":\"nl-NL\",\"@id\":\"https:\\\/\\\/gronau-inside.de\\\/nl\\\/habt-ihr-schon-das-neue-cafe-1836-in-gronau-ausgetestet-%e2%98%95%ef%b8%8fim-neuen-cafe-18#primaryimage\",\"url\":\"https:\\\/\\\/gronau-inside.de\\\/wp-content\\\/uploads\\\/2024\\\/10\\\/461999682_1053680693429363_8753344059771165358_n.jpg\",\"contentUrl\":\"https:\\\/\\\/gronau-inside.de\\\/wp-content\\\/uploads\\\/2024\\\/10\\\/461999682_1053680693429363_8753344059771165358_n.jpg\",\"width\":720,\"height\":900},{\"@type\":\"BreadcrumbList\",\"@id\":\"https:\\\/\\\/gronau-inside.de\\\/nl\\\/habt-ihr-schon-das-neue-cafe-1836-in-gronau-ausgetestet-%e2%98%95%ef%b8%8fim-neuen-cafe-18#breadcrumb\",\"itemListElement\":[{\"@type\":\"ListItem\",\"position\":1,\"name\":\"Startseite\",\"item\":\"https:\\\/\\\/gronau-inside.de\\\/nl\\\/startseite\"},{\"@type\":\"ListItem\",\"position\":2,\"name\":\"Habt ihr schon das neue Caf\u00e9 1836 in Gronau ausgetestet? \u2615\ufe0f Im neuen Caf\u00e9 18&#8230;\"}]},{\"@type\":\"WebSite\",\"@id\":\"https:\\\/\\\/gronau-inside.de\\\/nl#website\",\"url\":\"https:\\\/\\\/gronau-inside.de\\\/nl\",\"name\":\"Gronau Inside\",\"description\":\"Musikstadt im Gr\u00fcnen\",\"publisher\":{\"@id\":\"https:\\\/\\\/gronau-inside.de\\\/nl#organization\"},\"potentialAction\":[{\"@type\":\"SearchAction\",\"target\":{\"@type\":\"EntryPoint\",\"urlTemplate\":\"https:\\\/\\\/gronau-inside.de\\\/nl?s={search_term_string}\"},\"query-input\":{\"@type\":\"PropertyValueSpecification\",\"valueRequired\":true,\"valueName\":\"search_term_string\"}}],\"inLanguage\":\"nl-NL\"},{\"@type\":\"Organization\",\"@id\":\"https:\\\/\\\/gronau-inside.de\\\/nl#organization\",\"name\":\"Gronau Inside\",\"url\":\"https:\\\/\\\/gronau-inside.de\\\/nl\",\"logo\":{\"@type\":\"ImageObject\",\"inLanguage\":\"nl-NL\",\"@id\":\"https:\\\/\\\/gronau-inside.de\\\/nl#\\\/schema\\\/logo\\\/image\\\/\",\"url\":\"https:\\\/\\\/gronau-inside.de\\\/wp-content\\\/uploads\\\/2020\\\/10\\\/01_gronau-logo_weissaufweiss_Schriftzug-1.png\",\"contentUrl\":\"https:\\\/\\\/gronau-inside.de\\\/wp-content\\\/uploads\\\/2020\\\/10\\\/01_gronau-logo_weissaufweiss_Schriftzug-1.png\",\"width\":254,\"height\":246,\"caption\":\"Gronau Inside\"},\"image\":{\"@id\":\"https:\\\/\\\/gronau-inside.de\\\/nl#\\\/schema\\\/logo\\\/image\\\/\"}},{\"@type\":\"Person\",\"@id\":\"https:\\\/\\\/gronau-inside.de\\\/nl#\\\/schema\\\/person\\\/f2e1f5c91cd43ca8b12ddf26d7546e29\",\"name\":\"Gronau Inside\"}]}<\/script>\n<!-- \/ Yoast SEO plugin. -->","yoast_head_json":{"title":"Habt ihr schon das neue Caf\u00e9 1836 in Gronau ausgetestet? \u2615\ufe0f Im neuen Caf\u00e9 18... - Gronau Inside","robots":{"index":"index","follow":"follow","max-snippet":"max-snippet:-1","max-image-preview":"max-image-preview:large","max-video-preview":"max-video-preview:-1"},"canonical":"https:\/\/gronau-inside.de\/nl\/habt-ihr-schon-das-neue-cafe-1836-in-gronau-ausgetestet-%e2%98%95%ef%b8%8fim-neuen-cafe-18","og_locale":"nl_NL","og_type":"article","og_title":"Habt ihr schon das neue Caf\u00e9 1836 in Gronau ausgetestet? \u2615\ufe0f Im neuen Caf\u00e9 18... - Gronau Inside","og_description":"Habt ihr schon das neue Caf\u00e9 1836 in Gronau ausgetestet? \u2615\ufe0f Im neuen Caf\u00e9 1836, der kleinen Schwester des Hotel Restaurant Seeblick, flossen am Er\u00f6ffnungswochenende beeindruckende 100 Liter Milch in [&hellip;]","og_url":"https:\/\/gronau-inside.de\/nl\/habt-ihr-schon-das-neue-cafe-1836-in-gronau-ausgetestet-%e2%98%95%ef%b8%8fim-neuen-cafe-18","og_site_name":"Gronau Inside","article_published_time":"2024-10-12T12:05:11+00:00","author":"Gronau Inside","twitter_card":"summary_large_image","twitter_misc":{"Geschreven door":"Gronau Inside","Geschatte leestijd":"1 minuut"},"schema":{"@context":"https:\/\/schema.org","@graph":[{"@type":"Article","@id":"https:\/\/gronau-inside.de\/nl\/habt-ihr-schon-das-neue-cafe-1836-in-gronau-ausgetestet-%e2%98%95%ef%b8%8fim-neuen-cafe-18#article","isPartOf":{"@id":"https:\/\/gronau-inside.de\/nl\/habt-ihr-schon-das-neue-cafe-1836-in-gronau-ausgetestet-%e2%98%95%ef%b8%8fim-neuen-cafe-18"},"author":{"name":"Gronau Inside","@id":"https:\/\/gronau-inside.de\/nl#\/schema\/person\/f2e1f5c91cd43ca8b12ddf26d7546e29"},"headline":"Habt ihr schon das neue Caf\u00e9 1836 in Gronau ausgetestet? \u2615\ufe0f Im neuen Caf\u00e9 18&#8230;","datePublished":"2024-10-12T12:05:11+00:00","mainEntityOfPage":{"@id":"https:\/\/gronau-inside.de\/nl\/habt-ihr-schon-das-neue-cafe-1836-in-gronau-ausgetestet-%e2%98%95%ef%b8%8fim-neuen-cafe-18"},"wordCount":126,"publisher":{"@id":"https:\/\/gronau-inside.de\/nl#organization"},"image":{"@id":"https:\/\/gronau-inside.de\/nl\/habt-ihr-schon-das-neue-cafe-1836-in-gronau-ausgetestet-%e2%98%95%ef%b8%8fim-neuen-cafe-18#primaryimage"},"thumbnailUrl":"https:\/\/gronau-inside.de\/wp-content\/uploads\/2024\/10\/461999682_1053680693429363_8753344059771165358_n.jpg","articleSection":["#ANGESAGT"],"inLanguage":"nl-NL"},{"@type":"WebPage","@id":"https:\/\/gronau-inside.de\/nl\/habt-ihr-schon-das-neue-cafe-1836-in-gronau-ausgetestet-%e2%98%95%ef%b8%8fim-neuen-cafe-18","url":"https:\/\/gronau-inside.de\/nl\/habt-ihr-schon-das-neue-cafe-1836-in-gronau-ausgetestet-%e2%98%95%ef%b8%8fim-neuen-cafe-18","name":"Habt ihr schon das neue Caf\u00e9 1836 in Gronau ausgetestet? \u2615\ufe0f Im neuen Caf\u00e9 18... - Gronau Inside","isPartOf":{"@id":"https:\/\/gronau-inside.de\/nl#website"},"primaryImageOfPage":{"@id":"https:\/\/gronau-inside.de\/nl\/habt-ihr-schon-das-neue-cafe-1836-in-gronau-ausgetestet-%e2%98%95%ef%b8%8fim-neuen-cafe-18#primaryimage"},"image":{"@id":"https:\/\/gronau-inside.de\/nl\/habt-ihr-schon-das-neue-cafe-1836-in-gronau-ausgetestet-%e2%98%95%ef%b8%8fim-neuen-cafe-18#primaryimage"},"thumbnailUrl":"https:\/\/gronau-inside.de\/wp-content\/uploads\/2024\/10\/461999682_1053680693429363_8753344059771165358_n.jpg","datePublished":"2024-10-12T12:05:11+00:00","breadcrumb":{"@id":"https:\/\/gronau-inside.de\/nl\/habt-ihr-schon-das-neue-cafe-1836-in-gronau-ausgetestet-%e2%98%95%ef%b8%8fim-neuen-cafe-18#breadcrumb"},"inLanguage":"nl-NL","potentialAction":[{"@type":"ReadAction","target":["https:\/\/gronau-inside.de\/nl\/habt-ihr-schon-das-neue-cafe-1836-in-gronau-ausgetestet-%e2%98%95%ef%b8%8fim-neuen-cafe-18"]}]},{"@type":"ImageObject","inLanguage":"nl-NL","@id":"https:\/\/gronau-inside.de\/nl\/habt-ihr-schon-das-neue-cafe-1836-in-gronau-ausgetestet-%e2%98%95%ef%b8%8fim-neuen-cafe-18#primaryimage","url":"https:\/\/gronau-inside.de\/wp-content\/uploads\/2024\/10\/461999682_1053680693429363_8753344059771165358_n.jpg","contentUrl":"https:\/\/gronau-inside.de\/wp-content\/uploads\/2024\/10\/461999682_1053680693429363_8753344059771165358_n.jpg","width":720,"height":900},{"@type":"BreadcrumbList","@id":"https:\/\/gronau-inside.de\/nl\/habt-ihr-schon-das-neue-cafe-1836-in-gronau-ausgetestet-%e2%98%95%ef%b8%8fim-neuen-cafe-18#breadcrumb","itemListElement":[{"@type":"ListItem","position":1,"name":"Startseite","item":"https:\/\/gronau-inside.de\/nl\/startseite"},{"@type":"ListItem","position":2,"name":"Habt ihr schon das neue Caf\u00e9 1836 in Gronau ausgetestet? \u2615\ufe0f Im neuen Caf\u00e9 18&#8230;"}]},{"@type":"WebSite","@id":"https:\/\/gronau-inside.de\/nl#website","url":"https:\/\/gronau-inside.de\/nl","name":"Gronau Inside","description":"Musikstadt im Gr\u00fcnen","publisher":{"@id":"https:\/\/gronau-inside.de\/nl#organization"},"potentialAction":[{"@type":"SearchAction","target":{"@type":"EntryPoint","urlTemplate":"https:\/\/gronau-inside.de\/nl?s={search_term_string}"},"query-input":{"@type":"PropertyValueSpecification","valueRequired":true,"valueName":"search_term_string"}}],"inLanguage":"nl-NL"},{"@type":"Organization","@id":"https:\/\/gronau-inside.de\/nl#organization","name":"Gronau Inside","url":"https:\/\/gronau-inside.de\/nl","logo":{"@type":"ImageObject","inLanguage":"nl-NL","@id":"https:\/\/gronau-inside.de\/nl#\/schema\/logo\/image\/","url":"https:\/\/gronau-inside.de\/wp-content\/uploads\/2020\/10\/01_gronau-logo_weissaufweiss_Schriftzug-1.png","contentUrl":"https:\/\/gronau-inside.de\/wp-content\/uploads\/2020\/10\/01_gronau-logo_weissaufweiss_Schriftzug-1.png","width":254,"height":246,"caption":"Gronau Inside"},"image":{"@id":"https:\/\/gronau-inside.de\/nl#\/schema\/logo\/image\/"}},{"@type":"Person","@id":"https:\/\/gronau-inside.de\/nl#\/schema\/person\/f2e1f5c91cd43ca8b12ddf26d7546e29","name":"Gronau Inside"}]}},"_links":{"self":[{"href":"https:\/\/gronau-inside.de\/nl\/wp-json\/wp\/v2\/posts\/70175","targetHints":{"allow":["GET"]}}],"collection":[{"href":"https:\/\/gronau-inside.de\/nl\/wp-json\/wp\/v2\/posts"}],"about":[{"href":"https:\/\/gronau-inside.de\/nl\/wp-json\/wp\/v2\/types\/post"}],"author":[{"embeddable":true,"href":"https:\/\/gronau-inside.de\/nl\/wp-json\/wp\/v2\/users\/2"}],"replies":[{"embeddable":true,"href":"https:\/\/gronau-inside.de\/nl\/wp-json\/wp\/v2\/comments?post=70175"}],"version-history":[{"count":0,"href":"https:\/\/gronau-inside.de\/nl\/wp-json\/wp\/v2\/posts\/70175\/revisions"}],"wp:featuredmedia":[{"embeddable":true,"href":"https:\/\/gronau-inside.de\/nl\/wp-json\/wp\/v2\/media\/70172"}],"wp:attachment":[{"href":"https:\/\/gronau-inside.de\/nl\/wp-json\/wp\/v2\/media?parent=70175"}],"wp:term":[{"taxonomy":"category","embeddable":true,"href":"https:\/\/gronau-inside.de\/nl\/wp-json\/wp\/v2\/categories?post=70175"},{"taxonomy":"post_tag","embeddable":true,"href":"https:\/\/gronau-inside.de\/nl\/wp-json\/wp\/v2\/tags?post=70175"}],"curies":[{"name":"wp","href":"https:\/\/api.w.org\/{rel}","templated":true}]}}