{"id":70327,"date":"2024-10-19T18:53:02","date_gmt":"2024-10-19T16:53:02","guid":{"rendered":"https:\/\/gronau-inside.de\/hinweis-zur-bogenbruecke-ab-montag-bis-einschliesslich-29-november-werden-die"},"modified":"2024-10-19T18:53:02","modified_gmt":"2024-10-19T16:53:02","slug":"hinweis-zur-bogenbruecke-ab-montag-bis-einschliesslich-29-november-werden-die","status":"publish","type":"post","link":"https:\/\/gronau-inside.de\/nl\/hinweis-zur-bogenbruecke-ab-montag-bis-einschliesslich-29-november-werden-die","title":{"rendered":"Hinweis zur Bogenbr\u00fccke: Ab Montag bis einschlie\u00dflich 29. November werden die&#8230;"},"content":{"rendered":"<p>Hinweis zur Bogenbr\u00fccke: Ab Montag bis einschlie\u00dflich 29. November werden die Bohlen der Bogenbr\u00fccke im Rampenbereich saniert. Der betroffene Bereich am Rocknpopmuseum wird gesperrt, die Treppen sind jedoch uneingeschr\u00e4nkt nutzbar. Eine barrierefreie Umleitung wird \u00fcber die Unterf\u00fchrung am Bahnhof eingerichtet.<\/p>\n","protected":false},"excerpt":{"rendered":"<p>Hinweis zur Bogenbr\u00fccke: Ab Montag bis einschlie\u00dflich 29. November werden die Bohlen der Bogenbr\u00fccke im Rampenbereich saniert. Der betroffene Bereich am Rocknpopmuseum wird gesperrt, die Treppen sind jedoch uneingeschr\u00e4nkt nutzbar. [&hellip;]<\/p>\n","protected":false},"author":2,"featured_media":70324,"comment_status":"","ping_status":"","sticky":false,"template":"","format":"standard","meta":{"_acf_changed":false,"_price":"","_stock":"","_tribe_ticket_header":"","_tribe_default_ticket_provider":"","_tribe_ticket_capacity":"","_ticket_start_date":"","_ticket_end_date":"","_tribe_ticket_show_description":"","_tribe_ticket_show_not_going":false,"_tribe_ticket_use_global_stock":"","_tribe_ticket_global_stock_level":"","_global_stock_mode":"","_global_stock_cap":"","_tribe_rsvp_for_event":"","_tribe_ticket_going_count":"","_tribe_ticket_not_going_count":"","_tribe_tickets_list":"[]","_tribe_ticket_has_attendee_info_fields":false,"footnotes":""},"categories":[21],"tags":[],"class_list":["post-70327","post","type-post","status-publish","format-standard","has-post-thumbnail","hentry","category-angesagt"],"acf":[],"yoast_head":"<!-- This site is optimized with the Yoast SEO plugin v27.5 - https:\/\/yoast.com\/product\/yoast-seo-wordpress\/ -->\n<title>Hinweis zur Bogenbr\u00fccke: Ab Montag bis einschlie\u00dflich 29. November werden die... - Gronau Inside<\/title>\n<meta name=\"robots\" content=\"index, follow, max-snippet:-1, max-image-preview:large, max-video-preview:-1\" \/>\n<link rel=\"canonical\" href=\"https:\/\/gronau-inside.de\/nl\/hinweis-zur-bogenbruecke-ab-montag-bis-einschliesslich-29-november-werden-die\" \/>\n<meta property=\"og:locale\" content=\"nl_NL\" \/>\n<meta property=\"og:type\" content=\"article\" \/>\n<meta property=\"og:title\" content=\"Hinweis zur Bogenbr\u00fccke: Ab Montag bis einschlie\u00dflich 29. November werden die... - Gronau Inside\" \/>\n<meta property=\"og:description\" content=\"Hinweis zur Bogenbr\u00fccke: Ab Montag bis einschlie\u00dflich 29. November werden die Bohlen der Bogenbr\u00fccke im Rampenbereich saniert. Der betroffene Bereich am Rocknpopmuseum wird gesperrt, die Treppen sind jedoch uneingeschr\u00e4nkt nutzbar. [&hellip;]\" \/>\n<meta property=\"og:url\" content=\"https:\/\/gronau-inside.de\/nl\/hinweis-zur-bogenbruecke-ab-montag-bis-einschliesslich-29-november-werden-die\" \/>\n<meta property=\"og:site_name\" content=\"Gronau Inside\" \/>\n<meta property=\"article:published_time\" content=\"2024-10-19T16:53:02+00:00\" \/>\n<meta name=\"author\" content=\"Gronau Inside\" \/>\n<meta name=\"twitter:card\" content=\"summary_large_image\" \/>\n<meta name=\"twitter:label1\" content=\"Geschreven door\" \/>\n\t<meta name=\"twitter:data1\" content=\"Gronau Inside\" \/>\n<script type=\"application\/ld+json\" class=\"yoast-schema-graph\">{\"@context\":\"https:\\\/\\\/schema.org\",\"@graph\":[{\"@type\":\"Article\",\"@id\":\"https:\\\/\\\/gronau-inside.de\\\/nl\\\/hinweis-zur-bogenbruecke-ab-montag-bis-einschliesslich-29-november-werden-die#article\",\"isPartOf\":{\"@id\":\"https:\\\/\\\/gronau-inside.de\\\/nl\\\/hinweis-zur-bogenbruecke-ab-montag-bis-einschliesslich-29-november-werden-die\"},\"author\":{\"name\":\"Gronau Inside\",\"@id\":\"https:\\\/\\\/gronau-inside.de\\\/nl#\\\/schema\\\/person\\\/f2e1f5c91cd43ca8b12ddf26d7546e29\"},\"headline\":\"Hinweis zur Bogenbr\u00fccke: Ab Montag bis einschlie\u00dflich 29. November werden die&#8230;\",\"datePublished\":\"2024-10-19T16:53:02+00:00\",\"mainEntityOfPage\":{\"@id\":\"https:\\\/\\\/gronau-inside.de\\\/nl\\\/hinweis-zur-bogenbruecke-ab-montag-bis-einschliesslich-29-november-werden-die\"},\"wordCount\":56,\"publisher\":{\"@id\":\"https:\\\/\\\/gronau-inside.de\\\/nl#organization\"},\"image\":{\"@id\":\"https:\\\/\\\/gronau-inside.de\\\/nl\\\/hinweis-zur-bogenbruecke-ab-montag-bis-einschliesslich-29-november-werden-die#primaryimage\"},\"thumbnailUrl\":\"https:\\\/\\\/gronau-inside.de\\\/wp-content\\\/uploads\\\/2024\\\/10\\\/463609815_1061227696007996_3231722506286177683_n.jpg\",\"articleSection\":[\"#ANGESAGT\"],\"inLanguage\":\"nl-NL\"},{\"@type\":\"WebPage\",\"@id\":\"https:\\\/\\\/gronau-inside.de\\\/nl\\\/hinweis-zur-bogenbruecke-ab-montag-bis-einschliesslich-29-november-werden-die\",\"url\":\"https:\\\/\\\/gronau-inside.de\\\/nl\\\/hinweis-zur-bogenbruecke-ab-montag-bis-einschliesslich-29-november-werden-die\",\"name\":\"Hinweis zur Bogenbr\u00fccke: Ab Montag bis einschlie\u00dflich 29. November werden die... - Gronau Inside\",\"isPartOf\":{\"@id\":\"https:\\\/\\\/gronau-inside.de\\\/nl#website\"},\"primaryImageOfPage\":{\"@id\":\"https:\\\/\\\/gronau-inside.de\\\/nl\\\/hinweis-zur-bogenbruecke-ab-montag-bis-einschliesslich-29-november-werden-die#primaryimage\"},\"image\":{\"@id\":\"https:\\\/\\\/gronau-inside.de\\\/nl\\\/hinweis-zur-bogenbruecke-ab-montag-bis-einschliesslich-29-november-werden-die#primaryimage\"},\"thumbnailUrl\":\"https:\\\/\\\/gronau-inside.de\\\/wp-content\\\/uploads\\\/2024\\\/10\\\/463609815_1061227696007996_3231722506286177683_n.jpg\",\"datePublished\":\"2024-10-19T16:53:02+00:00\",\"breadcrumb\":{\"@id\":\"https:\\\/\\\/gronau-inside.de\\\/nl\\\/hinweis-zur-bogenbruecke-ab-montag-bis-einschliesslich-29-november-werden-die#breadcrumb\"},\"inLanguage\":\"nl-NL\",\"potentialAction\":[{\"@type\":\"ReadAction\",\"target\":[\"https:\\\/\\\/gronau-inside.de\\\/nl\\\/hinweis-zur-bogenbruecke-ab-montag-bis-einschliesslich-29-november-werden-die\"]}]},{\"@type\":\"ImageObject\",\"inLanguage\":\"nl-NL\",\"@id\":\"https:\\\/\\\/gronau-inside.de\\\/nl\\\/hinweis-zur-bogenbruecke-ab-montag-bis-einschliesslich-29-november-werden-die#primaryimage\",\"url\":\"https:\\\/\\\/gronau-inside.de\\\/wp-content\\\/uploads\\\/2024\\\/10\\\/463609815_1061227696007996_3231722506286177683_n.jpg\",\"contentUrl\":\"https:\\\/\\\/gronau-inside.de\\\/wp-content\\\/uploads\\\/2024\\\/10\\\/463609815_1061227696007996_3231722506286177683_n.jpg\",\"width\":960,\"height\":720},{\"@type\":\"BreadcrumbList\",\"@id\":\"https:\\\/\\\/gronau-inside.de\\\/nl\\\/hinweis-zur-bogenbruecke-ab-montag-bis-einschliesslich-29-november-werden-die#breadcrumb\",\"itemListElement\":[{\"@type\":\"ListItem\",\"position\":1,\"name\":\"Startseite\",\"item\":\"https:\\\/\\\/gronau-inside.de\\\/nl\\\/startseite\"},{\"@type\":\"ListItem\",\"position\":2,\"name\":\"Hinweis zur Bogenbr\u00fccke: Ab Montag bis einschlie\u00dflich 29. November werden die&#8230;\"}]},{\"@type\":\"WebSite\",\"@id\":\"https:\\\/\\\/gronau-inside.de\\\/nl#website\",\"url\":\"https:\\\/\\\/gronau-inside.de\\\/nl\",\"name\":\"Gronau Inside\",\"description\":\"Musikstadt im Gr\u00fcnen\",\"publisher\":{\"@id\":\"https:\\\/\\\/gronau-inside.de\\\/nl#organization\"},\"potentialAction\":[{\"@type\":\"SearchAction\",\"target\":{\"@type\":\"EntryPoint\",\"urlTemplate\":\"https:\\\/\\\/gronau-inside.de\\\/nl?s={search_term_string}\"},\"query-input\":{\"@type\":\"PropertyValueSpecification\",\"valueRequired\":true,\"valueName\":\"search_term_string\"}}],\"inLanguage\":\"nl-NL\"},{\"@type\":\"Organization\",\"@id\":\"https:\\\/\\\/gronau-inside.de\\\/nl#organization\",\"name\":\"Gronau Inside\",\"url\":\"https:\\\/\\\/gronau-inside.de\\\/nl\",\"logo\":{\"@type\":\"ImageObject\",\"inLanguage\":\"nl-NL\",\"@id\":\"https:\\\/\\\/gronau-inside.de\\\/nl#\\\/schema\\\/logo\\\/image\\\/\",\"url\":\"https:\\\/\\\/gronau-inside.de\\\/wp-content\\\/uploads\\\/2020\\\/10\\\/01_gronau-logo_weissaufweiss_Schriftzug-1.png\",\"contentUrl\":\"https:\\\/\\\/gronau-inside.de\\\/wp-content\\\/uploads\\\/2020\\\/10\\\/01_gronau-logo_weissaufweiss_Schriftzug-1.png\",\"width\":254,\"height\":246,\"caption\":\"Gronau Inside\"},\"image\":{\"@id\":\"https:\\\/\\\/gronau-inside.de\\\/nl#\\\/schema\\\/logo\\\/image\\\/\"}},{\"@type\":\"Person\",\"@id\":\"https:\\\/\\\/gronau-inside.de\\\/nl#\\\/schema\\\/person\\\/f2e1f5c91cd43ca8b12ddf26d7546e29\",\"name\":\"Gronau Inside\"}]}<\/script>\n<!-- \/ Yoast SEO plugin. -->","yoast_head_json":{"title":"Hinweis zur Bogenbr\u00fccke: Ab Montag bis einschlie\u00dflich 29. November werden die... - Gronau Inside","robots":{"index":"index","follow":"follow","max-snippet":"max-snippet:-1","max-image-preview":"max-image-preview:large","max-video-preview":"max-video-preview:-1"},"canonical":"https:\/\/gronau-inside.de\/nl\/hinweis-zur-bogenbruecke-ab-montag-bis-einschliesslich-29-november-werden-die","og_locale":"nl_NL","og_type":"article","og_title":"Hinweis zur Bogenbr\u00fccke: Ab Montag bis einschlie\u00dflich 29. November werden die... - Gronau Inside","og_description":"Hinweis zur Bogenbr\u00fccke: Ab Montag bis einschlie\u00dflich 29. November werden die Bohlen der Bogenbr\u00fccke im Rampenbereich saniert. Der betroffene Bereich am Rocknpopmuseum wird gesperrt, die Treppen sind jedoch uneingeschr\u00e4nkt nutzbar. [&hellip;]","og_url":"https:\/\/gronau-inside.de\/nl\/hinweis-zur-bogenbruecke-ab-montag-bis-einschliesslich-29-november-werden-die","og_site_name":"Gronau Inside","article_published_time":"2024-10-19T16:53:02+00:00","author":"Gronau Inside","twitter_card":"summary_large_image","twitter_misc":{"Geschreven door":"Gronau Inside"},"schema":{"@context":"https:\/\/schema.org","@graph":[{"@type":"Article","@id":"https:\/\/gronau-inside.de\/nl\/hinweis-zur-bogenbruecke-ab-montag-bis-einschliesslich-29-november-werden-die#article","isPartOf":{"@id":"https:\/\/gronau-inside.de\/nl\/hinweis-zur-bogenbruecke-ab-montag-bis-einschliesslich-29-november-werden-die"},"author":{"name":"Gronau Inside","@id":"https:\/\/gronau-inside.de\/nl#\/schema\/person\/f2e1f5c91cd43ca8b12ddf26d7546e29"},"headline":"Hinweis zur Bogenbr\u00fccke: Ab Montag bis einschlie\u00dflich 29. November werden die&#8230;","datePublished":"2024-10-19T16:53:02+00:00","mainEntityOfPage":{"@id":"https:\/\/gronau-inside.de\/nl\/hinweis-zur-bogenbruecke-ab-montag-bis-einschliesslich-29-november-werden-die"},"wordCount":56,"publisher":{"@id":"https:\/\/gronau-inside.de\/nl#organization"},"image":{"@id":"https:\/\/gronau-inside.de\/nl\/hinweis-zur-bogenbruecke-ab-montag-bis-einschliesslich-29-november-werden-die#primaryimage"},"thumbnailUrl":"https:\/\/gronau-inside.de\/wp-content\/uploads\/2024\/10\/463609815_1061227696007996_3231722506286177683_n.jpg","articleSection":["#ANGESAGT"],"inLanguage":"nl-NL"},{"@type":"WebPage","@id":"https:\/\/gronau-inside.de\/nl\/hinweis-zur-bogenbruecke-ab-montag-bis-einschliesslich-29-november-werden-die","url":"https:\/\/gronau-inside.de\/nl\/hinweis-zur-bogenbruecke-ab-montag-bis-einschliesslich-29-november-werden-die","name":"Hinweis zur Bogenbr\u00fccke: Ab Montag bis einschlie\u00dflich 29. November werden die... - Gronau Inside","isPartOf":{"@id":"https:\/\/gronau-inside.de\/nl#website"},"primaryImageOfPage":{"@id":"https:\/\/gronau-inside.de\/nl\/hinweis-zur-bogenbruecke-ab-montag-bis-einschliesslich-29-november-werden-die#primaryimage"},"image":{"@id":"https:\/\/gronau-inside.de\/nl\/hinweis-zur-bogenbruecke-ab-montag-bis-einschliesslich-29-november-werden-die#primaryimage"},"thumbnailUrl":"https:\/\/gronau-inside.de\/wp-content\/uploads\/2024\/10\/463609815_1061227696007996_3231722506286177683_n.jpg","datePublished":"2024-10-19T16:53:02+00:00","breadcrumb":{"@id":"https:\/\/gronau-inside.de\/nl\/hinweis-zur-bogenbruecke-ab-montag-bis-einschliesslich-29-november-werden-die#breadcrumb"},"inLanguage":"nl-NL","potentialAction":[{"@type":"ReadAction","target":["https:\/\/gronau-inside.de\/nl\/hinweis-zur-bogenbruecke-ab-montag-bis-einschliesslich-29-november-werden-die"]}]},{"@type":"ImageObject","inLanguage":"nl-NL","@id":"https:\/\/gronau-inside.de\/nl\/hinweis-zur-bogenbruecke-ab-montag-bis-einschliesslich-29-november-werden-die#primaryimage","url":"https:\/\/gronau-inside.de\/wp-content\/uploads\/2024\/10\/463609815_1061227696007996_3231722506286177683_n.jpg","contentUrl":"https:\/\/gronau-inside.de\/wp-content\/uploads\/2024\/10\/463609815_1061227696007996_3231722506286177683_n.jpg","width":960,"height":720},{"@type":"BreadcrumbList","@id":"https:\/\/gronau-inside.de\/nl\/hinweis-zur-bogenbruecke-ab-montag-bis-einschliesslich-29-november-werden-die#breadcrumb","itemListElement":[{"@type":"ListItem","position":1,"name":"Startseite","item":"https:\/\/gronau-inside.de\/nl\/startseite"},{"@type":"ListItem","position":2,"name":"Hinweis zur Bogenbr\u00fccke: Ab Montag bis einschlie\u00dflich 29. November werden die&#8230;"}]},{"@type":"WebSite","@id":"https:\/\/gronau-inside.de\/nl#website","url":"https:\/\/gronau-inside.de\/nl","name":"Gronau Inside","description":"Musikstadt im Gr\u00fcnen","publisher":{"@id":"https:\/\/gronau-inside.de\/nl#organization"},"potentialAction":[{"@type":"SearchAction","target":{"@type":"EntryPoint","urlTemplate":"https:\/\/gronau-inside.de\/nl?s={search_term_string}"},"query-input":{"@type":"PropertyValueSpecification","valueRequired":true,"valueName":"search_term_string"}}],"inLanguage":"nl-NL"},{"@type":"Organization","@id":"https:\/\/gronau-inside.de\/nl#organization","name":"Gronau Inside","url":"https:\/\/gronau-inside.de\/nl","logo":{"@type":"ImageObject","inLanguage":"nl-NL","@id":"https:\/\/gronau-inside.de\/nl#\/schema\/logo\/image\/","url":"https:\/\/gronau-inside.de\/wp-content\/uploads\/2020\/10\/01_gronau-logo_weissaufweiss_Schriftzug-1.png","contentUrl":"https:\/\/gronau-inside.de\/wp-content\/uploads\/2020\/10\/01_gronau-logo_weissaufweiss_Schriftzug-1.png","width":254,"height":246,"caption":"Gronau Inside"},"image":{"@id":"https:\/\/gronau-inside.de\/nl#\/schema\/logo\/image\/"}},{"@type":"Person","@id":"https:\/\/gronau-inside.de\/nl#\/schema\/person\/f2e1f5c91cd43ca8b12ddf26d7546e29","name":"Gronau Inside"}]}},"_links":{"self":[{"href":"https:\/\/gronau-inside.de\/nl\/wp-json\/wp\/v2\/posts\/70327","targetHints":{"allow":["GET"]}}],"collection":[{"href":"https:\/\/gronau-inside.de\/nl\/wp-json\/wp\/v2\/posts"}],"about":[{"href":"https:\/\/gronau-inside.de\/nl\/wp-json\/wp\/v2\/types\/post"}],"author":[{"embeddable":true,"href":"https:\/\/gronau-inside.de\/nl\/wp-json\/wp\/v2\/users\/2"}],"replies":[{"embeddable":true,"href":"https:\/\/gronau-inside.de\/nl\/wp-json\/wp\/v2\/comments?post=70327"}],"version-history":[{"count":0,"href":"https:\/\/gronau-inside.de\/nl\/wp-json\/wp\/v2\/posts\/70327\/revisions"}],"wp:featuredmedia":[{"embeddable":true,"href":"https:\/\/gronau-inside.de\/nl\/wp-json\/wp\/v2\/media\/70324"}],"wp:attachment":[{"href":"https:\/\/gronau-inside.de\/nl\/wp-json\/wp\/v2\/media?parent=70327"}],"wp:term":[{"taxonomy":"category","embeddable":true,"href":"https:\/\/gronau-inside.de\/nl\/wp-json\/wp\/v2\/categories?post=70327"},{"taxonomy":"post_tag","embeddable":true,"href":"https:\/\/gronau-inside.de\/nl\/wp-json\/wp\/v2\/tags?post=70327"}],"curies":[{"name":"wp","href":"https:\/\/api.w.org\/{rel}","templated":true}]}}