{"id":70837,"date":"2024-11-01T14:09:27","date_gmt":"2024-11-01T13:09:27","guid":{"rendered":"https:\/\/gronau-inside.de\/henk-de-jong-hat-der-kriminalistik-eigentlich-den-ruecken-gekehrt-doch-biswei"},"modified":"2024-11-01T14:09:27","modified_gmt":"2024-11-01T13:09:27","slug":"henk-de-jong-hat-der-kriminalistik-eigentlich-den-ruecken-gekehrt-doch-biswei","status":"publish","type":"post","link":"https:\/\/gronau-inside.de\/nl\/henk-de-jong-hat-der-kriminalistik-eigentlich-den-ruecken-gekehrt-doch-biswei","title":{"rendered":"Henk de Jong hat der Kriminalistik eigentlich den R\u00fccken gekehrt, doch biswei&#8230;"},"content":{"rendered":"<p>Henk de Jong hat der Kriminalistik eigentlich den R\u00fccken gekehrt, doch bisweilen gibt es F\u00e4lle, an denen er nicht vorbeigehen kann, handelt es sich doch dann und wann um Begebenheiten aus seiner aktiven Zeit als Hauptkommissar. Ob in M\u00fcnster oder um M\u00fcnster herum: Auch im beschaulichen M\u00fcnster ist nicht alles eitel Sonnenschein. <\/p>\n<p>Denn: Auch in seinem neuesten Werk &#8220;Lies\u2018 mir das Buch vom Tod&#8221; geht es darum, einen Mord aufzukl\u00e4ren. Gelesen vom Autor selbst geht es um einen Mord in einer Kriminalroman-Ausstellung in M\u00fcnster und eine ganze Reihe mysteri\u00f6ser Umst\u00e4nde die der Kl\u00e4rung bed\u00fcrfen. <\/p>\n<p>Krimi-Autor Christoph G\u00fcsken, in M\u00f6nchengladbach geboren, hat in M\u00fcnster und Bonn Theologie studiert und war zun\u00e4chst als Buchh\u00e4ndler t\u00e4tig. Er ist seit 1995 als freiberuflicher Autor t\u00e4tig. Christoph G\u00fcsken lebt in M\u00fcnster. <\/p>\n<p>Wo? Stadtb\u00fccherei Gronau<br \/>\nWann? Dienstag, 05.11.2024, 19:00 \u2013 ca. 21:30<br \/>\nAnmeldung erforderlich: 02562 12-442 oder 12-666<br \/>\n10,00 Euro im Vorverkauf, 12,00 Euro an der Abendkasse.<\/p>\n","protected":false},"excerpt":{"rendered":"<p>Henk de Jong hat der Kriminalistik eigentlich den R\u00fccken gekehrt, doch bisweilen gibt es F\u00e4lle, an denen er nicht vorbeigehen kann, handelt es sich doch dann und wann um Begebenheiten [&hellip;]<\/p>\n","protected":false},"author":2,"featured_media":70834,"comment_status":"","ping_status":"","sticky":false,"template":"","format":"standard","meta":{"_acf_changed":false,"_price":"","_stock":"","_tribe_ticket_header":"","_tribe_default_ticket_provider":"","_tribe_ticket_capacity":"","_ticket_start_date":"","_ticket_end_date":"","_tribe_ticket_show_description":"","_tribe_ticket_show_not_going":false,"_tribe_ticket_use_global_stock":"","_tribe_ticket_global_stock_level":"","_global_stock_mode":"","_global_stock_cap":"","_tribe_rsvp_for_event":"","_tribe_ticket_going_count":"","_tribe_ticket_not_going_count":"","_tribe_tickets_list":"[]","_tribe_ticket_has_attendee_info_fields":false,"footnotes":""},"categories":[21],"tags":[],"class_list":["post-70837","post","type-post","status-publish","format-standard","has-post-thumbnail","hentry","category-angesagt"],"acf":[],"yoast_head":"<!-- This site is optimized with the Yoast SEO plugin v27.5 - https:\/\/yoast.com\/product\/yoast-seo-wordpress\/ -->\n<title>Henk de Jong hat der Kriminalistik eigentlich den R\u00fccken gekehrt, doch biswei... - Gronau Inside<\/title>\n<meta name=\"robots\" content=\"index, follow, max-snippet:-1, max-image-preview:large, max-video-preview:-1\" \/>\n<link rel=\"canonical\" href=\"https:\/\/gronau-inside.de\/nl\/henk-de-jong-hat-der-kriminalistik-eigentlich-den-ruecken-gekehrt-doch-biswei\" \/>\n<meta property=\"og:locale\" content=\"nl_NL\" \/>\n<meta property=\"og:type\" content=\"article\" \/>\n<meta property=\"og:title\" content=\"Henk de Jong hat der Kriminalistik eigentlich den R\u00fccken gekehrt, doch biswei... - Gronau Inside\" \/>\n<meta property=\"og:description\" content=\"Henk de Jong hat der Kriminalistik eigentlich den R\u00fccken gekehrt, doch bisweilen gibt es F\u00e4lle, an denen er nicht vorbeigehen kann, handelt es sich doch dann und wann um Begebenheiten [&hellip;]\" \/>\n<meta property=\"og:url\" content=\"https:\/\/gronau-inside.de\/nl\/henk-de-jong-hat-der-kriminalistik-eigentlich-den-ruecken-gekehrt-doch-biswei\" \/>\n<meta property=\"og:site_name\" content=\"Gronau Inside\" \/>\n<meta property=\"article:published_time\" content=\"2024-11-01T13:09:27+00:00\" \/>\n<meta name=\"author\" content=\"Gronau Inside\" \/>\n<meta name=\"twitter:card\" content=\"summary_large_image\" \/>\n<meta name=\"twitter:label1\" content=\"Geschreven door\" \/>\n\t<meta name=\"twitter:data1\" content=\"Gronau Inside\" \/>\n\t<meta name=\"twitter:label2\" content=\"Geschatte leestijd\" \/>\n\t<meta name=\"twitter:data2\" content=\"1 minuut\" \/>\n<script type=\"application\/ld+json\" class=\"yoast-schema-graph\">{\"@context\":\"https:\\\/\\\/schema.org\",\"@graph\":[{\"@type\":\"Article\",\"@id\":\"https:\\\/\\\/gronau-inside.de\\\/nl\\\/henk-de-jong-hat-der-kriminalistik-eigentlich-den-ruecken-gekehrt-doch-biswei#article\",\"isPartOf\":{\"@id\":\"https:\\\/\\\/gronau-inside.de\\\/nl\\\/henk-de-jong-hat-der-kriminalistik-eigentlich-den-ruecken-gekehrt-doch-biswei\"},\"author\":{\"name\":\"Gronau Inside\",\"@id\":\"https:\\\/\\\/gronau-inside.de\\\/nl#\\\/schema\\\/person\\\/f2e1f5c91cd43ca8b12ddf26d7546e29\"},\"headline\":\"Henk de Jong hat der Kriminalistik eigentlich den R\u00fccken gekehrt, doch biswei&#8230;\",\"datePublished\":\"2024-11-01T13:09:27+00:00\",\"mainEntityOfPage\":{\"@id\":\"https:\\\/\\\/gronau-inside.de\\\/nl\\\/henk-de-jong-hat-der-kriminalistik-eigentlich-den-ruecken-gekehrt-doch-biswei\"},\"wordCount\":177,\"publisher\":{\"@id\":\"https:\\\/\\\/gronau-inside.de\\\/nl#organization\"},\"image\":{\"@id\":\"https:\\\/\\\/gronau-inside.de\\\/nl\\\/henk-de-jong-hat-der-kriminalistik-eigentlich-den-ruecken-gekehrt-doch-biswei#primaryimage\"},\"thumbnailUrl\":\"https:\\\/\\\/gronau-inside.de\\\/wp-content\\\/uploads\\\/2024\\\/11\\\/463883792_1063501045780661_6681360754935154017_n.jpg\",\"articleSection\":[\"#ANGESAGT\"],\"inLanguage\":\"nl-NL\"},{\"@type\":\"WebPage\",\"@id\":\"https:\\\/\\\/gronau-inside.de\\\/nl\\\/henk-de-jong-hat-der-kriminalistik-eigentlich-den-ruecken-gekehrt-doch-biswei\",\"url\":\"https:\\\/\\\/gronau-inside.de\\\/nl\\\/henk-de-jong-hat-der-kriminalistik-eigentlich-den-ruecken-gekehrt-doch-biswei\",\"name\":\"Henk de Jong hat der Kriminalistik eigentlich den R\u00fccken gekehrt, doch biswei... - Gronau Inside\",\"isPartOf\":{\"@id\":\"https:\\\/\\\/gronau-inside.de\\\/nl#website\"},\"primaryImageOfPage\":{\"@id\":\"https:\\\/\\\/gronau-inside.de\\\/nl\\\/henk-de-jong-hat-der-kriminalistik-eigentlich-den-ruecken-gekehrt-doch-biswei#primaryimage\"},\"image\":{\"@id\":\"https:\\\/\\\/gronau-inside.de\\\/nl\\\/henk-de-jong-hat-der-kriminalistik-eigentlich-den-ruecken-gekehrt-doch-biswei#primaryimage\"},\"thumbnailUrl\":\"https:\\\/\\\/gronau-inside.de\\\/wp-content\\\/uploads\\\/2024\\\/11\\\/463883792_1063501045780661_6681360754935154017_n.jpg\",\"datePublished\":\"2024-11-01T13:09:27+00:00\",\"breadcrumb\":{\"@id\":\"https:\\\/\\\/gronau-inside.de\\\/nl\\\/henk-de-jong-hat-der-kriminalistik-eigentlich-den-ruecken-gekehrt-doch-biswei#breadcrumb\"},\"inLanguage\":\"nl-NL\",\"potentialAction\":[{\"@type\":\"ReadAction\",\"target\":[\"https:\\\/\\\/gronau-inside.de\\\/nl\\\/henk-de-jong-hat-der-kriminalistik-eigentlich-den-ruecken-gekehrt-doch-biswei\"]}]},{\"@type\":\"ImageObject\",\"inLanguage\":\"nl-NL\",\"@id\":\"https:\\\/\\\/gronau-inside.de\\\/nl\\\/henk-de-jong-hat-der-kriminalistik-eigentlich-den-ruecken-gekehrt-doch-biswei#primaryimage\",\"url\":\"https:\\\/\\\/gronau-inside.de\\\/wp-content\\\/uploads\\\/2024\\\/11\\\/463883792_1063501045780661_6681360754935154017_n.jpg\",\"contentUrl\":\"https:\\\/\\\/gronau-inside.de\\\/wp-content\\\/uploads\\\/2024\\\/11\\\/463883792_1063501045780661_6681360754935154017_n.jpg\",\"width\":720,\"height\":1018},{\"@type\":\"BreadcrumbList\",\"@id\":\"https:\\\/\\\/gronau-inside.de\\\/nl\\\/henk-de-jong-hat-der-kriminalistik-eigentlich-den-ruecken-gekehrt-doch-biswei#breadcrumb\",\"itemListElement\":[{\"@type\":\"ListItem\",\"position\":1,\"name\":\"Startseite\",\"item\":\"https:\\\/\\\/gronau-inside.de\\\/nl\\\/startseite\"},{\"@type\":\"ListItem\",\"position\":2,\"name\":\"Henk de Jong hat der Kriminalistik eigentlich den R\u00fccken gekehrt, doch biswei&#8230;\"}]},{\"@type\":\"WebSite\",\"@id\":\"https:\\\/\\\/gronau-inside.de\\\/nl#website\",\"url\":\"https:\\\/\\\/gronau-inside.de\\\/nl\",\"name\":\"Gronau Inside\",\"description\":\"Musikstadt im Gr\u00fcnen\",\"publisher\":{\"@id\":\"https:\\\/\\\/gronau-inside.de\\\/nl#organization\"},\"potentialAction\":[{\"@type\":\"SearchAction\",\"target\":{\"@type\":\"EntryPoint\",\"urlTemplate\":\"https:\\\/\\\/gronau-inside.de\\\/nl?s={search_term_string}\"},\"query-input\":{\"@type\":\"PropertyValueSpecification\",\"valueRequired\":true,\"valueName\":\"search_term_string\"}}],\"inLanguage\":\"nl-NL\"},{\"@type\":\"Organization\",\"@id\":\"https:\\\/\\\/gronau-inside.de\\\/nl#organization\",\"name\":\"Gronau Inside\",\"url\":\"https:\\\/\\\/gronau-inside.de\\\/nl\",\"logo\":{\"@type\":\"ImageObject\",\"inLanguage\":\"nl-NL\",\"@id\":\"https:\\\/\\\/gronau-inside.de\\\/nl#\\\/schema\\\/logo\\\/image\\\/\",\"url\":\"https:\\\/\\\/gronau-inside.de\\\/wp-content\\\/uploads\\\/2020\\\/10\\\/01_gronau-logo_weissaufweiss_Schriftzug-1.png\",\"contentUrl\":\"https:\\\/\\\/gronau-inside.de\\\/wp-content\\\/uploads\\\/2020\\\/10\\\/01_gronau-logo_weissaufweiss_Schriftzug-1.png\",\"width\":254,\"height\":246,\"caption\":\"Gronau Inside\"},\"image\":{\"@id\":\"https:\\\/\\\/gronau-inside.de\\\/nl#\\\/schema\\\/logo\\\/image\\\/\"}},{\"@type\":\"Person\",\"@id\":\"https:\\\/\\\/gronau-inside.de\\\/nl#\\\/schema\\\/person\\\/f2e1f5c91cd43ca8b12ddf26d7546e29\",\"name\":\"Gronau Inside\"}]}<\/script>\n<!-- \/ Yoast SEO plugin. -->","yoast_head_json":{"title":"Henk de Jong hat der Kriminalistik eigentlich den R\u00fccken gekehrt, doch biswei... - Gronau Inside","robots":{"index":"index","follow":"follow","max-snippet":"max-snippet:-1","max-image-preview":"max-image-preview:large","max-video-preview":"max-video-preview:-1"},"canonical":"https:\/\/gronau-inside.de\/nl\/henk-de-jong-hat-der-kriminalistik-eigentlich-den-ruecken-gekehrt-doch-biswei","og_locale":"nl_NL","og_type":"article","og_title":"Henk de Jong hat der Kriminalistik eigentlich den R\u00fccken gekehrt, doch biswei... - Gronau Inside","og_description":"Henk de Jong hat der Kriminalistik eigentlich den R\u00fccken gekehrt, doch bisweilen gibt es F\u00e4lle, an denen er nicht vorbeigehen kann, handelt es sich doch dann und wann um Begebenheiten [&hellip;]","og_url":"https:\/\/gronau-inside.de\/nl\/henk-de-jong-hat-der-kriminalistik-eigentlich-den-ruecken-gekehrt-doch-biswei","og_site_name":"Gronau Inside","article_published_time":"2024-11-01T13:09:27+00:00","author":"Gronau Inside","twitter_card":"summary_large_image","twitter_misc":{"Geschreven door":"Gronau Inside","Geschatte leestijd":"1 minuut"},"schema":{"@context":"https:\/\/schema.org","@graph":[{"@type":"Article","@id":"https:\/\/gronau-inside.de\/nl\/henk-de-jong-hat-der-kriminalistik-eigentlich-den-ruecken-gekehrt-doch-biswei#article","isPartOf":{"@id":"https:\/\/gronau-inside.de\/nl\/henk-de-jong-hat-der-kriminalistik-eigentlich-den-ruecken-gekehrt-doch-biswei"},"author":{"name":"Gronau Inside","@id":"https:\/\/gronau-inside.de\/nl#\/schema\/person\/f2e1f5c91cd43ca8b12ddf26d7546e29"},"headline":"Henk de Jong hat der Kriminalistik eigentlich den R\u00fccken gekehrt, doch biswei&#8230;","datePublished":"2024-11-01T13:09:27+00:00","mainEntityOfPage":{"@id":"https:\/\/gronau-inside.de\/nl\/henk-de-jong-hat-der-kriminalistik-eigentlich-den-ruecken-gekehrt-doch-biswei"},"wordCount":177,"publisher":{"@id":"https:\/\/gronau-inside.de\/nl#organization"},"image":{"@id":"https:\/\/gronau-inside.de\/nl\/henk-de-jong-hat-der-kriminalistik-eigentlich-den-ruecken-gekehrt-doch-biswei#primaryimage"},"thumbnailUrl":"https:\/\/gronau-inside.de\/wp-content\/uploads\/2024\/11\/463883792_1063501045780661_6681360754935154017_n.jpg","articleSection":["#ANGESAGT"],"inLanguage":"nl-NL"},{"@type":"WebPage","@id":"https:\/\/gronau-inside.de\/nl\/henk-de-jong-hat-der-kriminalistik-eigentlich-den-ruecken-gekehrt-doch-biswei","url":"https:\/\/gronau-inside.de\/nl\/henk-de-jong-hat-der-kriminalistik-eigentlich-den-ruecken-gekehrt-doch-biswei","name":"Henk de Jong hat der Kriminalistik eigentlich den R\u00fccken gekehrt, doch biswei... - Gronau Inside","isPartOf":{"@id":"https:\/\/gronau-inside.de\/nl#website"},"primaryImageOfPage":{"@id":"https:\/\/gronau-inside.de\/nl\/henk-de-jong-hat-der-kriminalistik-eigentlich-den-ruecken-gekehrt-doch-biswei#primaryimage"},"image":{"@id":"https:\/\/gronau-inside.de\/nl\/henk-de-jong-hat-der-kriminalistik-eigentlich-den-ruecken-gekehrt-doch-biswei#primaryimage"},"thumbnailUrl":"https:\/\/gronau-inside.de\/wp-content\/uploads\/2024\/11\/463883792_1063501045780661_6681360754935154017_n.jpg","datePublished":"2024-11-01T13:09:27+00:00","breadcrumb":{"@id":"https:\/\/gronau-inside.de\/nl\/henk-de-jong-hat-der-kriminalistik-eigentlich-den-ruecken-gekehrt-doch-biswei#breadcrumb"},"inLanguage":"nl-NL","potentialAction":[{"@type":"ReadAction","target":["https:\/\/gronau-inside.de\/nl\/henk-de-jong-hat-der-kriminalistik-eigentlich-den-ruecken-gekehrt-doch-biswei"]}]},{"@type":"ImageObject","inLanguage":"nl-NL","@id":"https:\/\/gronau-inside.de\/nl\/henk-de-jong-hat-der-kriminalistik-eigentlich-den-ruecken-gekehrt-doch-biswei#primaryimage","url":"https:\/\/gronau-inside.de\/wp-content\/uploads\/2024\/11\/463883792_1063501045780661_6681360754935154017_n.jpg","contentUrl":"https:\/\/gronau-inside.de\/wp-content\/uploads\/2024\/11\/463883792_1063501045780661_6681360754935154017_n.jpg","width":720,"height":1018},{"@type":"BreadcrumbList","@id":"https:\/\/gronau-inside.de\/nl\/henk-de-jong-hat-der-kriminalistik-eigentlich-den-ruecken-gekehrt-doch-biswei#breadcrumb","itemListElement":[{"@type":"ListItem","position":1,"name":"Startseite","item":"https:\/\/gronau-inside.de\/nl\/startseite"},{"@type":"ListItem","position":2,"name":"Henk de Jong hat der Kriminalistik eigentlich den R\u00fccken gekehrt, doch biswei&#8230;"}]},{"@type":"WebSite","@id":"https:\/\/gronau-inside.de\/nl#website","url":"https:\/\/gronau-inside.de\/nl","name":"Gronau Inside","description":"Musikstadt im Gr\u00fcnen","publisher":{"@id":"https:\/\/gronau-inside.de\/nl#organization"},"potentialAction":[{"@type":"SearchAction","target":{"@type":"EntryPoint","urlTemplate":"https:\/\/gronau-inside.de\/nl?s={search_term_string}"},"query-input":{"@type":"PropertyValueSpecification","valueRequired":true,"valueName":"search_term_string"}}],"inLanguage":"nl-NL"},{"@type":"Organization","@id":"https:\/\/gronau-inside.de\/nl#organization","name":"Gronau Inside","url":"https:\/\/gronau-inside.de\/nl","logo":{"@type":"ImageObject","inLanguage":"nl-NL","@id":"https:\/\/gronau-inside.de\/nl#\/schema\/logo\/image\/","url":"https:\/\/gronau-inside.de\/wp-content\/uploads\/2020\/10\/01_gronau-logo_weissaufweiss_Schriftzug-1.png","contentUrl":"https:\/\/gronau-inside.de\/wp-content\/uploads\/2020\/10\/01_gronau-logo_weissaufweiss_Schriftzug-1.png","width":254,"height":246,"caption":"Gronau Inside"},"image":{"@id":"https:\/\/gronau-inside.de\/nl#\/schema\/logo\/image\/"}},{"@type":"Person","@id":"https:\/\/gronau-inside.de\/nl#\/schema\/person\/f2e1f5c91cd43ca8b12ddf26d7546e29","name":"Gronau Inside"}]}},"_links":{"self":[{"href":"https:\/\/gronau-inside.de\/nl\/wp-json\/wp\/v2\/posts\/70837","targetHints":{"allow":["GET"]}}],"collection":[{"href":"https:\/\/gronau-inside.de\/nl\/wp-json\/wp\/v2\/posts"}],"about":[{"href":"https:\/\/gronau-inside.de\/nl\/wp-json\/wp\/v2\/types\/post"}],"author":[{"embeddable":true,"href":"https:\/\/gronau-inside.de\/nl\/wp-json\/wp\/v2\/users\/2"}],"replies":[{"embeddable":true,"href":"https:\/\/gronau-inside.de\/nl\/wp-json\/wp\/v2\/comments?post=70837"}],"version-history":[{"count":0,"href":"https:\/\/gronau-inside.de\/nl\/wp-json\/wp\/v2\/posts\/70837\/revisions"}],"wp:featuredmedia":[{"embeddable":true,"href":"https:\/\/gronau-inside.de\/nl\/wp-json\/wp\/v2\/media\/70834"}],"wp:attachment":[{"href":"https:\/\/gronau-inside.de\/nl\/wp-json\/wp\/v2\/media?parent=70837"}],"wp:term":[{"taxonomy":"category","embeddable":true,"href":"https:\/\/gronau-inside.de\/nl\/wp-json\/wp\/v2\/categories?post=70837"},{"taxonomy":"post_tag","embeddable":true,"href":"https:\/\/gronau-inside.de\/nl\/wp-json\/wp\/v2\/tags?post=70837"}],"curies":[{"name":"wp","href":"https:\/\/api.w.org\/{rel}","templated":true}]}}