{"id":72361,"date":"2024-12-06T09:14:21","date_gmt":"2024-12-06T08:14:21","guid":{"rendered":"https:\/\/gronau-inside.de\/auf-die-stiefel-fertig-looooos-%f0%9f%a5%be%f0%9f%8e%85an-alle-die-einen-stiefel-abgegeben-hab"},"modified":"2024-12-06T09:14:21","modified_gmt":"2024-12-06T08:14:21","slug":"auf-die-stiefel-fertig-looooos-%f0%9f%a5%be%f0%9f%8e%85an-alle-die-einen-stiefel-abgegeben-hab","status":"publish","type":"post","link":"https:\/\/gronau-inside.de\/nl\/auf-die-stiefel-fertig-looooos-%f0%9f%a5%be%f0%9f%8e%85an-alle-die-einen-stiefel-abgegeben-hab","title":{"rendered":"Auf die Stiefel, fertig, looooos \ud83e\udd7e\ud83c\udf85\n\nAn alle, die einen Stiefel abgegeben hab&#8230;"},"content":{"rendered":"<p>Auf die Stiefel, fertig, looooos \ud83e\udd7e\ud83c\udf85<\/p>\n<p>An alle, die einen Stiefel abgegeben haben. Diese k\u00f6nnen ab sofort in den teilnehmenden Gesch\u00e4ften mit dem passenden Gegenst\u00fcck gesucht werden. Die, die ihren Stiefel in Epe abgegeben haben, d\u00fcrfen in Epe suchen &#038; und die, die ihren Stiefel in der Touristinfo Gronau abgegeben haben, d\u00fcrfen in Gronau suchen. \u263a\ufe0f<\/p>\n<p>Alle teilnehmenden Gesch\u00e4fte findet ihr unter https:\/\/gronau-inside.de\/nl\/veranstaltung\/finde-deinen-nikolausstiefel<\/p>\n<p>Zur Info: In Epe ist H\u00d6RLEBEN Akustik Litmeier dazu gekommen. \ud83d\ude0a<\/p>\n","protected":false},"excerpt":{"rendered":"<p>Auf die Stiefel, fertig, looooos \ud83e\udd7e\ud83c\udf85 An alle, die einen Stiefel abgegeben haben. Diese k\u00f6nnen ab sofort in den teilnehmenden Gesch\u00e4ften mit dem passenden Gegenst\u00fcck gesucht werden. Die, die ihren [&hellip;]<\/p>\n","protected":false},"author":2,"featured_media":72358,"comment_status":"","ping_status":"","sticky":false,"template":"","format":"standard","meta":{"_acf_changed":false,"_price":"","_stock":"","_tribe_ticket_header":"","_tribe_default_ticket_provider":"","_tribe_ticket_capacity":"","_ticket_start_date":"","_ticket_end_date":"","_tribe_ticket_show_description":"","_tribe_ticket_show_not_going":false,"_tribe_ticket_use_global_stock":"","_tribe_ticket_global_stock_level":"","_global_stock_mode":"","_global_stock_cap":"","_tribe_rsvp_for_event":"","_tribe_ticket_going_count":"","_tribe_ticket_not_going_count":"","_tribe_tickets_list":"[]","_tribe_ticket_has_attendee_info_fields":false,"footnotes":""},"categories":[21],"tags":[],"class_list":["post-72361","post","type-post","status-publish","format-standard","has-post-thumbnail","hentry","category-angesagt"],"acf":[],"yoast_head":"<!-- This site is optimized with the Yoast SEO plugin v27.5 - https:\/\/yoast.com\/product\/yoast-seo-wordpress\/ -->\n<title>Auf die Stiefel, fertig, looooos \ud83e\udd7e\ud83c\udf85 An alle, die einen Stiefel abgegeben hab... - Gronau Inside<\/title>\n<meta name=\"robots\" content=\"index, follow, max-snippet:-1, max-image-preview:large, max-video-preview:-1\" \/>\n<link rel=\"canonical\" href=\"https:\/\/gronau-inside.de\/nl\/auf-die-stiefel-fertig-looooos-%f0%9f%a5%be%f0%9f%8e%85an-alle-die-einen-stiefel-abgegeben-hab\" \/>\n<meta property=\"og:locale\" content=\"nl_NL\" \/>\n<meta property=\"og:type\" content=\"article\" \/>\n<meta property=\"og:title\" content=\"Auf die Stiefel, fertig, looooos \ud83e\udd7e\ud83c\udf85 An alle, die einen Stiefel abgegeben hab... - Gronau Inside\" \/>\n<meta property=\"og:description\" content=\"Auf die Stiefel, fertig, looooos \ud83e\udd7e\ud83c\udf85 An alle, die einen Stiefel abgegeben haben. Diese k\u00f6nnen ab sofort in den teilnehmenden Gesch\u00e4ften mit dem passenden Gegenst\u00fcck gesucht werden. Die, die ihren [&hellip;]\" \/>\n<meta property=\"og:url\" content=\"https:\/\/gronau-inside.de\/nl\/auf-die-stiefel-fertig-looooos-%f0%9f%a5%be%f0%9f%8e%85an-alle-die-einen-stiefel-abgegeben-hab\" \/>\n<meta property=\"og:site_name\" content=\"Gronau Inside\" \/>\n<meta property=\"article:published_time\" content=\"2024-12-06T08:14:21+00:00\" \/>\n<meta name=\"author\" content=\"Gronau Inside\" \/>\n<meta name=\"twitter:card\" content=\"summary_large_image\" \/>\n<meta name=\"twitter:label1\" content=\"Geschreven door\" \/>\n\t<meta name=\"twitter:data1\" content=\"Gronau Inside\" \/>\n<script type=\"application\/ld+json\" class=\"yoast-schema-graph\">{\"@context\":\"https:\\\/\\\/schema.org\",\"@graph\":[{\"@type\":\"Article\",\"@id\":\"https:\\\/\\\/gronau-inside.de\\\/nl\\\/auf-die-stiefel-fertig-looooos-%f0%9f%a5%be%f0%9f%8e%85an-alle-die-einen-stiefel-abgegeben-hab#article\",\"isPartOf\":{\"@id\":\"https:\\\/\\\/gronau-inside.de\\\/nl\\\/auf-die-stiefel-fertig-looooos-%f0%9f%a5%be%f0%9f%8e%85an-alle-die-einen-stiefel-abgegeben-hab\"},\"author\":{\"name\":\"Gronau Inside\",\"@id\":\"https:\\\/\\\/gronau-inside.de\\\/nl#\\\/schema\\\/person\\\/f2e1f5c91cd43ca8b12ddf26d7546e29\"},\"headline\":\"Auf die Stiefel, fertig, looooos \ud83e\udd7e\ud83c\udf85 An alle, die einen Stiefel abgegeben hab&#8230;\",\"datePublished\":\"2024-12-06T08:14:21+00:00\",\"mainEntityOfPage\":{\"@id\":\"https:\\\/\\\/gronau-inside.de\\\/nl\\\/auf-die-stiefel-fertig-looooos-%f0%9f%a5%be%f0%9f%8e%85an-alle-die-einen-stiefel-abgegeben-hab\"},\"wordCount\":94,\"publisher\":{\"@id\":\"https:\\\/\\\/gronau-inside.de\\\/nl#organization\"},\"image\":{\"@id\":\"https:\\\/\\\/gronau-inside.de\\\/nl\\\/auf-die-stiefel-fertig-looooos-%f0%9f%a5%be%f0%9f%8e%85an-alle-die-einen-stiefel-abgegeben-hab#primaryimage\"},\"thumbnailUrl\":\"https:\\\/\\\/gronau-inside.de\\\/wp-content\\\/uploads\\\/2024\\\/12\\\/469122682_1097381149059317_5870521652475160391_n.jpg\",\"articleSection\":[\"#ANGESAGT\"],\"inLanguage\":\"nl-NL\"},{\"@type\":\"WebPage\",\"@id\":\"https:\\\/\\\/gronau-inside.de\\\/nl\\\/auf-die-stiefel-fertig-looooos-%f0%9f%a5%be%f0%9f%8e%85an-alle-die-einen-stiefel-abgegeben-hab\",\"url\":\"https:\\\/\\\/gronau-inside.de\\\/nl\\\/auf-die-stiefel-fertig-looooos-%f0%9f%a5%be%f0%9f%8e%85an-alle-die-einen-stiefel-abgegeben-hab\",\"name\":\"Auf die Stiefel, fertig, looooos \ud83e\udd7e\ud83c\udf85 An alle, die einen Stiefel abgegeben hab... - Gronau Inside\",\"isPartOf\":{\"@id\":\"https:\\\/\\\/gronau-inside.de\\\/nl#website\"},\"primaryImageOfPage\":{\"@id\":\"https:\\\/\\\/gronau-inside.de\\\/nl\\\/auf-die-stiefel-fertig-looooos-%f0%9f%a5%be%f0%9f%8e%85an-alle-die-einen-stiefel-abgegeben-hab#primaryimage\"},\"image\":{\"@id\":\"https:\\\/\\\/gronau-inside.de\\\/nl\\\/auf-die-stiefel-fertig-looooos-%f0%9f%a5%be%f0%9f%8e%85an-alle-die-einen-stiefel-abgegeben-hab#primaryimage\"},\"thumbnailUrl\":\"https:\\\/\\\/gronau-inside.de\\\/wp-content\\\/uploads\\\/2024\\\/12\\\/469122682_1097381149059317_5870521652475160391_n.jpg\",\"datePublished\":\"2024-12-06T08:14:21+00:00\",\"breadcrumb\":{\"@id\":\"https:\\\/\\\/gronau-inside.de\\\/nl\\\/auf-die-stiefel-fertig-looooos-%f0%9f%a5%be%f0%9f%8e%85an-alle-die-einen-stiefel-abgegeben-hab#breadcrumb\"},\"inLanguage\":\"nl-NL\",\"potentialAction\":[{\"@type\":\"ReadAction\",\"target\":[\"https:\\\/\\\/gronau-inside.de\\\/nl\\\/auf-die-stiefel-fertig-looooos-%f0%9f%a5%be%f0%9f%8e%85an-alle-die-einen-stiefel-abgegeben-hab\"]}]},{\"@type\":\"ImageObject\",\"inLanguage\":\"nl-NL\",\"@id\":\"https:\\\/\\\/gronau-inside.de\\\/nl\\\/auf-die-stiefel-fertig-looooos-%f0%9f%a5%be%f0%9f%8e%85an-alle-die-einen-stiefel-abgegeben-hab#primaryimage\",\"url\":\"https:\\\/\\\/gronau-inside.de\\\/wp-content\\\/uploads\\\/2024\\\/12\\\/469122682_1097381149059317_5870521652475160391_n.jpg\",\"contentUrl\":\"https:\\\/\\\/gronau-inside.de\\\/wp-content\\\/uploads\\\/2024\\\/12\\\/469122682_1097381149059317_5870521652475160391_n.jpg\",\"width\":960,\"height\":720},{\"@type\":\"BreadcrumbList\",\"@id\":\"https:\\\/\\\/gronau-inside.de\\\/nl\\\/auf-die-stiefel-fertig-looooos-%f0%9f%a5%be%f0%9f%8e%85an-alle-die-einen-stiefel-abgegeben-hab#breadcrumb\",\"itemListElement\":[{\"@type\":\"ListItem\",\"position\":1,\"name\":\"Startseite\",\"item\":\"https:\\\/\\\/gronau-inside.de\\\/nl\\\/startseite\"},{\"@type\":\"ListItem\",\"position\":2,\"name\":\"Auf die Stiefel, fertig, looooos \ud83e\udd7e\ud83c\udf85 An alle, die einen Stiefel abgegeben hab&#8230;\"}]},{\"@type\":\"WebSite\",\"@id\":\"https:\\\/\\\/gronau-inside.de\\\/nl#website\",\"url\":\"https:\\\/\\\/gronau-inside.de\\\/nl\",\"name\":\"Gronau Inside\",\"description\":\"Musikstadt im Gr\u00fcnen\",\"publisher\":{\"@id\":\"https:\\\/\\\/gronau-inside.de\\\/nl#organization\"},\"potentialAction\":[{\"@type\":\"SearchAction\",\"target\":{\"@type\":\"EntryPoint\",\"urlTemplate\":\"https:\\\/\\\/gronau-inside.de\\\/nl?s={search_term_string}\"},\"query-input\":{\"@type\":\"PropertyValueSpecification\",\"valueRequired\":true,\"valueName\":\"search_term_string\"}}],\"inLanguage\":\"nl-NL\"},{\"@type\":\"Organization\",\"@id\":\"https:\\\/\\\/gronau-inside.de\\\/nl#organization\",\"name\":\"Gronau Inside\",\"url\":\"https:\\\/\\\/gronau-inside.de\\\/nl\",\"logo\":{\"@type\":\"ImageObject\",\"inLanguage\":\"nl-NL\",\"@id\":\"https:\\\/\\\/gronau-inside.de\\\/nl#\\\/schema\\\/logo\\\/image\\\/\",\"url\":\"https:\\\/\\\/gronau-inside.de\\\/wp-content\\\/uploads\\\/2020\\\/10\\\/01_gronau-logo_weissaufweiss_Schriftzug-1.png\",\"contentUrl\":\"https:\\\/\\\/gronau-inside.de\\\/wp-content\\\/uploads\\\/2020\\\/10\\\/01_gronau-logo_weissaufweiss_Schriftzug-1.png\",\"width\":254,\"height\":246,\"caption\":\"Gronau Inside\"},\"image\":{\"@id\":\"https:\\\/\\\/gronau-inside.de\\\/nl#\\\/schema\\\/logo\\\/image\\\/\"}},{\"@type\":\"Person\",\"@id\":\"https:\\\/\\\/gronau-inside.de\\\/nl#\\\/schema\\\/person\\\/f2e1f5c91cd43ca8b12ddf26d7546e29\",\"name\":\"Gronau Inside\"}]}<\/script>\n<!-- \/ Yoast SEO plugin. -->","yoast_head_json":{"title":"Auf die Stiefel, fertig, looooos \ud83e\udd7e\ud83c\udf85 An alle, die einen Stiefel abgegeben hab... - Gronau Inside","robots":{"index":"index","follow":"follow","max-snippet":"max-snippet:-1","max-image-preview":"max-image-preview:large","max-video-preview":"max-video-preview:-1"},"canonical":"https:\/\/gronau-inside.de\/nl\/auf-die-stiefel-fertig-looooos-%f0%9f%a5%be%f0%9f%8e%85an-alle-die-einen-stiefel-abgegeben-hab","og_locale":"nl_NL","og_type":"article","og_title":"Auf die Stiefel, fertig, looooos \ud83e\udd7e\ud83c\udf85 An alle, die einen Stiefel abgegeben hab... - Gronau Inside","og_description":"Auf die Stiefel, fertig, looooos \ud83e\udd7e\ud83c\udf85 An alle, die einen Stiefel abgegeben haben. Diese k\u00f6nnen ab sofort in den teilnehmenden Gesch\u00e4ften mit dem passenden Gegenst\u00fcck gesucht werden. Die, die ihren [&hellip;]","og_url":"https:\/\/gronau-inside.de\/nl\/auf-die-stiefel-fertig-looooos-%f0%9f%a5%be%f0%9f%8e%85an-alle-die-einen-stiefel-abgegeben-hab","og_site_name":"Gronau Inside","article_published_time":"2024-12-06T08:14:21+00:00","author":"Gronau Inside","twitter_card":"summary_large_image","twitter_misc":{"Geschreven door":"Gronau Inside"},"schema":{"@context":"https:\/\/schema.org","@graph":[{"@type":"Article","@id":"https:\/\/gronau-inside.de\/nl\/auf-die-stiefel-fertig-looooos-%f0%9f%a5%be%f0%9f%8e%85an-alle-die-einen-stiefel-abgegeben-hab#article","isPartOf":{"@id":"https:\/\/gronau-inside.de\/nl\/auf-die-stiefel-fertig-looooos-%f0%9f%a5%be%f0%9f%8e%85an-alle-die-einen-stiefel-abgegeben-hab"},"author":{"name":"Gronau Inside","@id":"https:\/\/gronau-inside.de\/nl#\/schema\/person\/f2e1f5c91cd43ca8b12ddf26d7546e29"},"headline":"Auf die Stiefel, fertig, looooos \ud83e\udd7e\ud83c\udf85 An alle, die einen Stiefel abgegeben hab&#8230;","datePublished":"2024-12-06T08:14:21+00:00","mainEntityOfPage":{"@id":"https:\/\/gronau-inside.de\/nl\/auf-die-stiefel-fertig-looooos-%f0%9f%a5%be%f0%9f%8e%85an-alle-die-einen-stiefel-abgegeben-hab"},"wordCount":94,"publisher":{"@id":"https:\/\/gronau-inside.de\/nl#organization"},"image":{"@id":"https:\/\/gronau-inside.de\/nl\/auf-die-stiefel-fertig-looooos-%f0%9f%a5%be%f0%9f%8e%85an-alle-die-einen-stiefel-abgegeben-hab#primaryimage"},"thumbnailUrl":"https:\/\/gronau-inside.de\/wp-content\/uploads\/2024\/12\/469122682_1097381149059317_5870521652475160391_n.jpg","articleSection":["#ANGESAGT"],"inLanguage":"nl-NL"},{"@type":"WebPage","@id":"https:\/\/gronau-inside.de\/nl\/auf-die-stiefel-fertig-looooos-%f0%9f%a5%be%f0%9f%8e%85an-alle-die-einen-stiefel-abgegeben-hab","url":"https:\/\/gronau-inside.de\/nl\/auf-die-stiefel-fertig-looooos-%f0%9f%a5%be%f0%9f%8e%85an-alle-die-einen-stiefel-abgegeben-hab","name":"Auf die Stiefel, fertig, looooos \ud83e\udd7e\ud83c\udf85 An alle, die einen Stiefel abgegeben hab... - Gronau Inside","isPartOf":{"@id":"https:\/\/gronau-inside.de\/nl#website"},"primaryImageOfPage":{"@id":"https:\/\/gronau-inside.de\/nl\/auf-die-stiefel-fertig-looooos-%f0%9f%a5%be%f0%9f%8e%85an-alle-die-einen-stiefel-abgegeben-hab#primaryimage"},"image":{"@id":"https:\/\/gronau-inside.de\/nl\/auf-die-stiefel-fertig-looooos-%f0%9f%a5%be%f0%9f%8e%85an-alle-die-einen-stiefel-abgegeben-hab#primaryimage"},"thumbnailUrl":"https:\/\/gronau-inside.de\/wp-content\/uploads\/2024\/12\/469122682_1097381149059317_5870521652475160391_n.jpg","datePublished":"2024-12-06T08:14:21+00:00","breadcrumb":{"@id":"https:\/\/gronau-inside.de\/nl\/auf-die-stiefel-fertig-looooos-%f0%9f%a5%be%f0%9f%8e%85an-alle-die-einen-stiefel-abgegeben-hab#breadcrumb"},"inLanguage":"nl-NL","potentialAction":[{"@type":"ReadAction","target":["https:\/\/gronau-inside.de\/nl\/auf-die-stiefel-fertig-looooos-%f0%9f%a5%be%f0%9f%8e%85an-alle-die-einen-stiefel-abgegeben-hab"]}]},{"@type":"ImageObject","inLanguage":"nl-NL","@id":"https:\/\/gronau-inside.de\/nl\/auf-die-stiefel-fertig-looooos-%f0%9f%a5%be%f0%9f%8e%85an-alle-die-einen-stiefel-abgegeben-hab#primaryimage","url":"https:\/\/gronau-inside.de\/wp-content\/uploads\/2024\/12\/469122682_1097381149059317_5870521652475160391_n.jpg","contentUrl":"https:\/\/gronau-inside.de\/wp-content\/uploads\/2024\/12\/469122682_1097381149059317_5870521652475160391_n.jpg","width":960,"height":720},{"@type":"BreadcrumbList","@id":"https:\/\/gronau-inside.de\/nl\/auf-die-stiefel-fertig-looooos-%f0%9f%a5%be%f0%9f%8e%85an-alle-die-einen-stiefel-abgegeben-hab#breadcrumb","itemListElement":[{"@type":"ListItem","position":1,"name":"Startseite","item":"https:\/\/gronau-inside.de\/nl\/startseite"},{"@type":"ListItem","position":2,"name":"Auf die Stiefel, fertig, looooos \ud83e\udd7e\ud83c\udf85 An alle, die einen Stiefel abgegeben hab&#8230;"}]},{"@type":"WebSite","@id":"https:\/\/gronau-inside.de\/nl#website","url":"https:\/\/gronau-inside.de\/nl","name":"Gronau Inside","description":"Musikstadt im Gr\u00fcnen","publisher":{"@id":"https:\/\/gronau-inside.de\/nl#organization"},"potentialAction":[{"@type":"SearchAction","target":{"@type":"EntryPoint","urlTemplate":"https:\/\/gronau-inside.de\/nl?s={search_term_string}"},"query-input":{"@type":"PropertyValueSpecification","valueRequired":true,"valueName":"search_term_string"}}],"inLanguage":"nl-NL"},{"@type":"Organization","@id":"https:\/\/gronau-inside.de\/nl#organization","name":"Gronau Inside","url":"https:\/\/gronau-inside.de\/nl","logo":{"@type":"ImageObject","inLanguage":"nl-NL","@id":"https:\/\/gronau-inside.de\/nl#\/schema\/logo\/image\/","url":"https:\/\/gronau-inside.de\/wp-content\/uploads\/2020\/10\/01_gronau-logo_weissaufweiss_Schriftzug-1.png","contentUrl":"https:\/\/gronau-inside.de\/wp-content\/uploads\/2020\/10\/01_gronau-logo_weissaufweiss_Schriftzug-1.png","width":254,"height":246,"caption":"Gronau Inside"},"image":{"@id":"https:\/\/gronau-inside.de\/nl#\/schema\/logo\/image\/"}},{"@type":"Person","@id":"https:\/\/gronau-inside.de\/nl#\/schema\/person\/f2e1f5c91cd43ca8b12ddf26d7546e29","name":"Gronau Inside"}]}},"_links":{"self":[{"href":"https:\/\/gronau-inside.de\/nl\/wp-json\/wp\/v2\/posts\/72361","targetHints":{"allow":["GET"]}}],"collection":[{"href":"https:\/\/gronau-inside.de\/nl\/wp-json\/wp\/v2\/posts"}],"about":[{"href":"https:\/\/gronau-inside.de\/nl\/wp-json\/wp\/v2\/types\/post"}],"author":[{"embeddable":true,"href":"https:\/\/gronau-inside.de\/nl\/wp-json\/wp\/v2\/users\/2"}],"replies":[{"embeddable":true,"href":"https:\/\/gronau-inside.de\/nl\/wp-json\/wp\/v2\/comments?post=72361"}],"version-history":[{"count":0,"href":"https:\/\/gronau-inside.de\/nl\/wp-json\/wp\/v2\/posts\/72361\/revisions"}],"wp:featuredmedia":[{"embeddable":true,"href":"https:\/\/gronau-inside.de\/nl\/wp-json\/wp\/v2\/media\/72358"}],"wp:attachment":[{"href":"https:\/\/gronau-inside.de\/nl\/wp-json\/wp\/v2\/media?parent=72361"}],"wp:term":[{"taxonomy":"category","embeddable":true,"href":"https:\/\/gronau-inside.de\/nl\/wp-json\/wp\/v2\/categories?post=72361"},{"taxonomy":"post_tag","embeddable":true,"href":"https:\/\/gronau-inside.de\/nl\/wp-json\/wp\/v2\/tags?post=72361"}],"curies":[{"name":"wp","href":"https:\/\/api.w.org\/{rel}","templated":true}]}}