{"id":93068,"date":"2026-03-23T18:06:30","date_gmt":"2026-03-23T17:06:30","guid":{"rendered":"https:\/\/gronau-inside.de\/%f0%9f%9a%b4%e2%99%82%ef%b8%8f-fahrradsaison-in-gronau-startet-%f0%9f%9a%b4%e2%99%80%ef%b8%8fam-samstag-18-april-2026-eroeff"},"modified":"2026-03-23T18:06:30","modified_gmt":"2026-03-23T17:06:30","slug":"%f0%9f%9a%b4%e2%99%82%ef%b8%8f-fahrradsaison-in-gronau-startet-%f0%9f%9a%b4%e2%99%80%ef%b8%8fam-samstag-18-april-2026-eroeff","status":"publish","type":"post","link":"https:\/\/gronau-inside.de\/nl\/%f0%9f%9a%b4%e2%99%82%ef%b8%8f-fahrradsaison-in-gronau-startet-%f0%9f%9a%b4%e2%99%80%ef%b8%8fam-samstag-18-april-2026-eroeff","title":{"rendered":"\ud83d\udeb4\u200d\u2642\ufe0f Fahrradsaison in Gronau startet! \ud83d\udeb4\u200d\u2640\ufe0f\n\nAm Samstag, 18. April 2026, er\u00f6ff&#8230;"},"content":{"rendered":"<p>\ud83d\udeb4\u200d\u2642\ufe0f Fahrradsaison in Gronau startet! \ud83d\udeb4\u200d\u2640\ufe0f<\/p>\n<p>Am Samstag, 18. April 2026, er\u00f6ffnet T\u00f6nne Speckmann mit seiner beliebten Tour \u201eMet T\u00f6nne Speckmann r\u00fcnd \u00fcm Ep\u2019\u201c die Fahrradsaison! Freut euch auf eine rund 35 km lange, gef\u00fchrte Tour voller Anekdoten und spannender Geschichten rund um Epe \u2013 nat\u00fcrlich stilecht auf Plattdeutsch.<\/p>\n<p>\ud83d\udd50 Start: 13:00 Uhr<br \/>\n\ud83d\udccd Ziel: Marters\u00e4ule an der St. Agatha Kirche (ca. 17:00 Uhr)<br \/>\n\u2615 Inklusive gem\u00fctlicher Kaffee- &#038; Kuchenpause im Restaurant Seeblick<\/p>\n<p>\ud83d\udcb6 Tickets: 29,00 \u20ac pro Person<br \/>\n\ud83d\udc49 Erh\u00e4ltlich in der Touristinfo Gronau oder online: https:\/\/gronau-inside.de\/produkt\/met-toenne-speckmann-ruend-uem-ep<\/p>\n<p>Perfekt, um gemeinsam Erinnerungen aufleben zu lassen oder neue zu schaffen. Jetzt anmelden und Epe neu entdecken!<\/p>\n<p>Fotos: M\u00fcnsterland e.V. \/  Philipp F\u00f6lting<\/p>\n","protected":false},"excerpt":{"rendered":"<p>\ud83d\udeb4\u200d\u2642\ufe0f Fahrradsaison in Gronau startet! \ud83d\udeb4\u200d\u2640\ufe0f Am Samstag, 18. April 2026, er\u00f6ffnet T\u00f6nne Speckmann mit seiner beliebten Tour \u201eMet T\u00f6nne Speckmann r\u00fcnd \u00fcm Ep\u2019\u201c die Fahrradsaison! Freut euch auf eine [&hellip;]<\/p>\n","protected":false},"author":2,"featured_media":93067,"comment_status":"","ping_status":"","sticky":false,"template":"","format":"standard","meta":{"_acf_changed":false,"_price":"","_stock":"","_tribe_ticket_header":"","_tribe_default_ticket_provider":"","_tribe_ticket_capacity":"","_ticket_start_date":"","_ticket_end_date":"","_tribe_ticket_show_description":"","_tribe_ticket_show_not_going":false,"_tribe_ticket_use_global_stock":"","_tribe_ticket_global_stock_level":"","_global_stock_mode":"","_global_stock_cap":"","_tribe_rsvp_for_event":"","_tribe_ticket_going_count":"","_tribe_ticket_not_going_count":"","_tribe_tickets_list":"[]","_tribe_ticket_has_attendee_info_fields":false,"footnotes":""},"categories":[21],"tags":[],"class_list":["post-93068","post","type-post","status-publish","format-standard","has-post-thumbnail","hentry","category-angesagt"],"acf":[],"yoast_head":"<!-- This site is optimized with the Yoast SEO plugin v27.5 - https:\/\/yoast.com\/product\/yoast-seo-wordpress\/ -->\n<title>\ud83d\udeb4\u200d\u2642\ufe0f Fahrradsaison in Gronau startet! \ud83d\udeb4\u200d\u2640\ufe0f Am Samstag, 18. April 2026, er\u00f6ff... - Gronau Inside<\/title>\n<meta name=\"robots\" content=\"index, follow, max-snippet:-1, max-image-preview:large, max-video-preview:-1\" \/>\n<link rel=\"canonical\" href=\"https:\/\/gronau-inside.de\/nl\/%f0%9f%9a%b4%e2%99%82%ef%b8%8f-fahrradsaison-in-gronau-startet-%f0%9f%9a%b4%e2%99%80%ef%b8%8fam-samstag-18-april-2026-eroeff\" \/>\n<meta property=\"og:locale\" content=\"nl_NL\" \/>\n<meta property=\"og:type\" content=\"article\" \/>\n<meta property=\"og:title\" content=\"\ud83d\udeb4\u200d\u2642\ufe0f Fahrradsaison in Gronau startet! \ud83d\udeb4\u200d\u2640\ufe0f Am Samstag, 18. April 2026, er\u00f6ff... - Gronau Inside\" \/>\n<meta property=\"og:description\" content=\"\ud83d\udeb4\u200d\u2642\ufe0f Fahrradsaison in Gronau startet! \ud83d\udeb4\u200d\u2640\ufe0f Am Samstag, 18. April 2026, er\u00f6ffnet T\u00f6nne Speckmann mit seiner beliebten Tour \u201eMet T\u00f6nne Speckmann r\u00fcnd \u00fcm Ep\u2019\u201c die Fahrradsaison! Freut euch auf eine [&hellip;]\" \/>\n<meta property=\"og:url\" content=\"https:\/\/gronau-inside.de\/nl\/%f0%9f%9a%b4%e2%99%82%ef%b8%8f-fahrradsaison-in-gronau-startet-%f0%9f%9a%b4%e2%99%80%ef%b8%8fam-samstag-18-april-2026-eroeff\" \/>\n<meta property=\"og:site_name\" content=\"Gronau Inside\" \/>\n<meta property=\"article:published_time\" content=\"2026-03-23T17:06:30+00:00\" \/>\n<meta name=\"author\" content=\"Gronau Inside\" \/>\n<meta name=\"twitter:card\" content=\"summary_large_image\" \/>\n<meta name=\"twitter:label1\" content=\"Geschreven door\" \/>\n\t<meta name=\"twitter:data1\" content=\"Gronau Inside\" \/>\n\t<meta name=\"twitter:label2\" content=\"Geschatte leestijd\" \/>\n\t<meta name=\"twitter:data2\" content=\"1 minuut\" \/>\n<script type=\"application\/ld+json\" class=\"yoast-schema-graph\">{\"@context\":\"https:\\\/\\\/schema.org\",\"@graph\":[{\"@type\":\"Article\",\"@id\":\"https:\\\/\\\/gronau-inside.de\\\/nl\\\/%f0%9f%9a%b4%e2%99%82%ef%b8%8f-fahrradsaison-in-gronau-startet-%f0%9f%9a%b4%e2%99%80%ef%b8%8fam-samstag-18-april-2026-eroeff#article\",\"isPartOf\":{\"@id\":\"https:\\\/\\\/gronau-inside.de\\\/nl\\\/%f0%9f%9a%b4%e2%99%82%ef%b8%8f-fahrradsaison-in-gronau-startet-%f0%9f%9a%b4%e2%99%80%ef%b8%8fam-samstag-18-april-2026-eroeff\"},\"author\":{\"name\":\"Gronau Inside\",\"@id\":\"https:\\\/\\\/gronau-inside.de\\\/nl#\\\/schema\\\/person\\\/f2e1f5c91cd43ca8b12ddf26d7546e29\"},\"headline\":\"\ud83d\udeb4\u200d\u2642\ufe0f Fahrradsaison in Gronau startet! \ud83d\udeb4\u200d\u2640\ufe0f Am Samstag, 18. April 2026, er\u00f6ff&#8230;\",\"datePublished\":\"2026-03-23T17:06:30+00:00\",\"mainEntityOfPage\":{\"@id\":\"https:\\\/\\\/gronau-inside.de\\\/nl\\\/%f0%9f%9a%b4%e2%99%82%ef%b8%8f-fahrradsaison-in-gronau-startet-%f0%9f%9a%b4%e2%99%80%ef%b8%8fam-samstag-18-april-2026-eroeff\"},\"wordCount\":119,\"publisher\":{\"@id\":\"https:\\\/\\\/gronau-inside.de\\\/nl#organization\"},\"image\":{\"@id\":\"https:\\\/\\\/gronau-inside.de\\\/nl\\\/%f0%9f%9a%b4%e2%99%82%ef%b8%8f-fahrradsaison-in-gronau-startet-%f0%9f%9a%b4%e2%99%80%ef%b8%8fam-samstag-18-april-2026-eroeff#primaryimage\"},\"thumbnailUrl\":\"https:\\\/\\\/gronau-inside.de\\\/wp-content\\\/uploads\\\/2026\\\/03\\\/657474269_1509173597880068_7408775764819224807_n.jpg\",\"articleSection\":[\"#ANGESAGT\"],\"inLanguage\":\"nl-NL\"},{\"@type\":\"WebPage\",\"@id\":\"https:\\\/\\\/gronau-inside.de\\\/nl\\\/%f0%9f%9a%b4%e2%99%82%ef%b8%8f-fahrradsaison-in-gronau-startet-%f0%9f%9a%b4%e2%99%80%ef%b8%8fam-samstag-18-april-2026-eroeff\",\"url\":\"https:\\\/\\\/gronau-inside.de\\\/nl\\\/%f0%9f%9a%b4%e2%99%82%ef%b8%8f-fahrradsaison-in-gronau-startet-%f0%9f%9a%b4%e2%99%80%ef%b8%8fam-samstag-18-april-2026-eroeff\",\"name\":\"\ud83d\udeb4\u200d\u2642\ufe0f Fahrradsaison in Gronau startet! \ud83d\udeb4\u200d\u2640\ufe0f Am Samstag, 18. April 2026, er\u00f6ff... - Gronau Inside\",\"isPartOf\":{\"@id\":\"https:\\\/\\\/gronau-inside.de\\\/nl#website\"},\"primaryImageOfPage\":{\"@id\":\"https:\\\/\\\/gronau-inside.de\\\/nl\\\/%f0%9f%9a%b4%e2%99%82%ef%b8%8f-fahrradsaison-in-gronau-startet-%f0%9f%9a%b4%e2%99%80%ef%b8%8fam-samstag-18-april-2026-eroeff#primaryimage\"},\"image\":{\"@id\":\"https:\\\/\\\/gronau-inside.de\\\/nl\\\/%f0%9f%9a%b4%e2%99%82%ef%b8%8f-fahrradsaison-in-gronau-startet-%f0%9f%9a%b4%e2%99%80%ef%b8%8fam-samstag-18-april-2026-eroeff#primaryimage\"},\"thumbnailUrl\":\"https:\\\/\\\/gronau-inside.de\\\/wp-content\\\/uploads\\\/2026\\\/03\\\/657474269_1509173597880068_7408775764819224807_n.jpg\",\"datePublished\":\"2026-03-23T17:06:30+00:00\",\"breadcrumb\":{\"@id\":\"https:\\\/\\\/gronau-inside.de\\\/nl\\\/%f0%9f%9a%b4%e2%99%82%ef%b8%8f-fahrradsaison-in-gronau-startet-%f0%9f%9a%b4%e2%99%80%ef%b8%8fam-samstag-18-april-2026-eroeff#breadcrumb\"},\"inLanguage\":\"nl-NL\",\"potentialAction\":[{\"@type\":\"ReadAction\",\"target\":[\"https:\\\/\\\/gronau-inside.de\\\/nl\\\/%f0%9f%9a%b4%e2%99%82%ef%b8%8f-fahrradsaison-in-gronau-startet-%f0%9f%9a%b4%e2%99%80%ef%b8%8fam-samstag-18-april-2026-eroeff\"]}]},{\"@type\":\"ImageObject\",\"inLanguage\":\"nl-NL\",\"@id\":\"https:\\\/\\\/gronau-inside.de\\\/nl\\\/%f0%9f%9a%b4%e2%99%82%ef%b8%8f-fahrradsaison-in-gronau-startet-%f0%9f%9a%b4%e2%99%80%ef%b8%8fam-samstag-18-april-2026-eroeff#primaryimage\",\"url\":\"https:\\\/\\\/gronau-inside.de\\\/wp-content\\\/uploads\\\/2026\\\/03\\\/657474269_1509173597880068_7408775764819224807_n.jpg\",\"contentUrl\":\"https:\\\/\\\/gronau-inside.de\\\/wp-content\\\/uploads\\\/2026\\\/03\\\/657474269_1509173597880068_7408775764819224807_n.jpg\",\"width\":1080,\"height\":720},{\"@type\":\"BreadcrumbList\",\"@id\":\"https:\\\/\\\/gronau-inside.de\\\/nl\\\/%f0%9f%9a%b4%e2%99%82%ef%b8%8f-fahrradsaison-in-gronau-startet-%f0%9f%9a%b4%e2%99%80%ef%b8%8fam-samstag-18-april-2026-eroeff#breadcrumb\",\"itemListElement\":[{\"@type\":\"ListItem\",\"position\":1,\"name\":\"Startseite\",\"item\":\"https:\\\/\\\/gronau-inside.de\\\/nl\\\/startseite\"},{\"@type\":\"ListItem\",\"position\":2,\"name\":\"\ud83d\udeb4\u200d\u2642\ufe0f Fahrradsaison in Gronau startet! \ud83d\udeb4\u200d\u2640\ufe0f Am Samstag, 18. April 2026, er\u00f6ff&#8230;\"}]},{\"@type\":\"WebSite\",\"@id\":\"https:\\\/\\\/gronau-inside.de\\\/nl#website\",\"url\":\"https:\\\/\\\/gronau-inside.de\\\/nl\",\"name\":\"Gronau Inside\",\"description\":\"Musikstadt im Gr\u00fcnen\",\"publisher\":{\"@id\":\"https:\\\/\\\/gronau-inside.de\\\/nl#organization\"},\"potentialAction\":[{\"@type\":\"SearchAction\",\"target\":{\"@type\":\"EntryPoint\",\"urlTemplate\":\"https:\\\/\\\/gronau-inside.de\\\/nl?s={search_term_string}\"},\"query-input\":{\"@type\":\"PropertyValueSpecification\",\"valueRequired\":true,\"valueName\":\"search_term_string\"}}],\"inLanguage\":\"nl-NL\"},{\"@type\":\"Organization\",\"@id\":\"https:\\\/\\\/gronau-inside.de\\\/nl#organization\",\"name\":\"Gronau Inside\",\"url\":\"https:\\\/\\\/gronau-inside.de\\\/nl\",\"logo\":{\"@type\":\"ImageObject\",\"inLanguage\":\"nl-NL\",\"@id\":\"https:\\\/\\\/gronau-inside.de\\\/nl#\\\/schema\\\/logo\\\/image\\\/\",\"url\":\"https:\\\/\\\/gronau-inside.de\\\/wp-content\\\/uploads\\\/2020\\\/10\\\/01_gronau-logo_weissaufweiss_Schriftzug-1.png\",\"contentUrl\":\"https:\\\/\\\/gronau-inside.de\\\/wp-content\\\/uploads\\\/2020\\\/10\\\/01_gronau-logo_weissaufweiss_Schriftzug-1.png\",\"width\":254,\"height\":246,\"caption\":\"Gronau Inside\"},\"image\":{\"@id\":\"https:\\\/\\\/gronau-inside.de\\\/nl#\\\/schema\\\/logo\\\/image\\\/\"}},{\"@type\":\"Person\",\"@id\":\"https:\\\/\\\/gronau-inside.de\\\/nl#\\\/schema\\\/person\\\/f2e1f5c91cd43ca8b12ddf26d7546e29\",\"name\":\"Gronau Inside\"}]}<\/script>\n<!-- \/ Yoast SEO plugin. -->","yoast_head_json":{"title":"\ud83d\udeb4\u200d\u2642\ufe0f Fahrradsaison in Gronau startet! \ud83d\udeb4\u200d\u2640\ufe0f Am Samstag, 18. April 2026, er\u00f6ff... - Gronau Inside","robots":{"index":"index","follow":"follow","max-snippet":"max-snippet:-1","max-image-preview":"max-image-preview:large","max-video-preview":"max-video-preview:-1"},"canonical":"https:\/\/gronau-inside.de\/nl\/%f0%9f%9a%b4%e2%99%82%ef%b8%8f-fahrradsaison-in-gronau-startet-%f0%9f%9a%b4%e2%99%80%ef%b8%8fam-samstag-18-april-2026-eroeff","og_locale":"nl_NL","og_type":"article","og_title":"\ud83d\udeb4\u200d\u2642\ufe0f Fahrradsaison in Gronau startet! \ud83d\udeb4\u200d\u2640\ufe0f Am Samstag, 18. April 2026, er\u00f6ff... - Gronau Inside","og_description":"\ud83d\udeb4\u200d\u2642\ufe0f Fahrradsaison in Gronau startet! \ud83d\udeb4\u200d\u2640\ufe0f Am Samstag, 18. April 2026, er\u00f6ffnet T\u00f6nne Speckmann mit seiner beliebten Tour \u201eMet T\u00f6nne Speckmann r\u00fcnd \u00fcm Ep\u2019\u201c die Fahrradsaison! Freut euch auf eine [&hellip;]","og_url":"https:\/\/gronau-inside.de\/nl\/%f0%9f%9a%b4%e2%99%82%ef%b8%8f-fahrradsaison-in-gronau-startet-%f0%9f%9a%b4%e2%99%80%ef%b8%8fam-samstag-18-april-2026-eroeff","og_site_name":"Gronau Inside","article_published_time":"2026-03-23T17:06:30+00:00","author":"Gronau Inside","twitter_card":"summary_large_image","twitter_misc":{"Geschreven door":"Gronau Inside","Geschatte leestijd":"1 minuut"},"schema":{"@context":"https:\/\/schema.org","@graph":[{"@type":"Article","@id":"https:\/\/gronau-inside.de\/nl\/%f0%9f%9a%b4%e2%99%82%ef%b8%8f-fahrradsaison-in-gronau-startet-%f0%9f%9a%b4%e2%99%80%ef%b8%8fam-samstag-18-april-2026-eroeff#article","isPartOf":{"@id":"https:\/\/gronau-inside.de\/nl\/%f0%9f%9a%b4%e2%99%82%ef%b8%8f-fahrradsaison-in-gronau-startet-%f0%9f%9a%b4%e2%99%80%ef%b8%8fam-samstag-18-april-2026-eroeff"},"author":{"name":"Gronau Inside","@id":"https:\/\/gronau-inside.de\/nl#\/schema\/person\/f2e1f5c91cd43ca8b12ddf26d7546e29"},"headline":"\ud83d\udeb4\u200d\u2642\ufe0f Fahrradsaison in Gronau startet! \ud83d\udeb4\u200d\u2640\ufe0f Am Samstag, 18. April 2026, er\u00f6ff&#8230;","datePublished":"2026-03-23T17:06:30+00:00","mainEntityOfPage":{"@id":"https:\/\/gronau-inside.de\/nl\/%f0%9f%9a%b4%e2%99%82%ef%b8%8f-fahrradsaison-in-gronau-startet-%f0%9f%9a%b4%e2%99%80%ef%b8%8fam-samstag-18-april-2026-eroeff"},"wordCount":119,"publisher":{"@id":"https:\/\/gronau-inside.de\/nl#organization"},"image":{"@id":"https:\/\/gronau-inside.de\/nl\/%f0%9f%9a%b4%e2%99%82%ef%b8%8f-fahrradsaison-in-gronau-startet-%f0%9f%9a%b4%e2%99%80%ef%b8%8fam-samstag-18-april-2026-eroeff#primaryimage"},"thumbnailUrl":"https:\/\/gronau-inside.de\/wp-content\/uploads\/2026\/03\/657474269_1509173597880068_7408775764819224807_n.jpg","articleSection":["#ANGESAGT"],"inLanguage":"nl-NL"},{"@type":"WebPage","@id":"https:\/\/gronau-inside.de\/nl\/%f0%9f%9a%b4%e2%99%82%ef%b8%8f-fahrradsaison-in-gronau-startet-%f0%9f%9a%b4%e2%99%80%ef%b8%8fam-samstag-18-april-2026-eroeff","url":"https:\/\/gronau-inside.de\/nl\/%f0%9f%9a%b4%e2%99%82%ef%b8%8f-fahrradsaison-in-gronau-startet-%f0%9f%9a%b4%e2%99%80%ef%b8%8fam-samstag-18-april-2026-eroeff","name":"\ud83d\udeb4\u200d\u2642\ufe0f Fahrradsaison in Gronau startet! \ud83d\udeb4\u200d\u2640\ufe0f Am Samstag, 18. April 2026, er\u00f6ff... - Gronau Inside","isPartOf":{"@id":"https:\/\/gronau-inside.de\/nl#website"},"primaryImageOfPage":{"@id":"https:\/\/gronau-inside.de\/nl\/%f0%9f%9a%b4%e2%99%82%ef%b8%8f-fahrradsaison-in-gronau-startet-%f0%9f%9a%b4%e2%99%80%ef%b8%8fam-samstag-18-april-2026-eroeff#primaryimage"},"image":{"@id":"https:\/\/gronau-inside.de\/nl\/%f0%9f%9a%b4%e2%99%82%ef%b8%8f-fahrradsaison-in-gronau-startet-%f0%9f%9a%b4%e2%99%80%ef%b8%8fam-samstag-18-april-2026-eroeff#primaryimage"},"thumbnailUrl":"https:\/\/gronau-inside.de\/wp-content\/uploads\/2026\/03\/657474269_1509173597880068_7408775764819224807_n.jpg","datePublished":"2026-03-23T17:06:30+00:00","breadcrumb":{"@id":"https:\/\/gronau-inside.de\/nl\/%f0%9f%9a%b4%e2%99%82%ef%b8%8f-fahrradsaison-in-gronau-startet-%f0%9f%9a%b4%e2%99%80%ef%b8%8fam-samstag-18-april-2026-eroeff#breadcrumb"},"inLanguage":"nl-NL","potentialAction":[{"@type":"ReadAction","target":["https:\/\/gronau-inside.de\/nl\/%f0%9f%9a%b4%e2%99%82%ef%b8%8f-fahrradsaison-in-gronau-startet-%f0%9f%9a%b4%e2%99%80%ef%b8%8fam-samstag-18-april-2026-eroeff"]}]},{"@type":"ImageObject","inLanguage":"nl-NL","@id":"https:\/\/gronau-inside.de\/nl\/%f0%9f%9a%b4%e2%99%82%ef%b8%8f-fahrradsaison-in-gronau-startet-%f0%9f%9a%b4%e2%99%80%ef%b8%8fam-samstag-18-april-2026-eroeff#primaryimage","url":"https:\/\/gronau-inside.de\/wp-content\/uploads\/2026\/03\/657474269_1509173597880068_7408775764819224807_n.jpg","contentUrl":"https:\/\/gronau-inside.de\/wp-content\/uploads\/2026\/03\/657474269_1509173597880068_7408775764819224807_n.jpg","width":1080,"height":720},{"@type":"BreadcrumbList","@id":"https:\/\/gronau-inside.de\/nl\/%f0%9f%9a%b4%e2%99%82%ef%b8%8f-fahrradsaison-in-gronau-startet-%f0%9f%9a%b4%e2%99%80%ef%b8%8fam-samstag-18-april-2026-eroeff#breadcrumb","itemListElement":[{"@type":"ListItem","position":1,"name":"Startseite","item":"https:\/\/gronau-inside.de\/nl\/startseite"},{"@type":"ListItem","position":2,"name":"\ud83d\udeb4\u200d\u2642\ufe0f Fahrradsaison in Gronau startet! \ud83d\udeb4\u200d\u2640\ufe0f Am Samstag, 18. April 2026, er\u00f6ff&#8230;"}]},{"@type":"WebSite","@id":"https:\/\/gronau-inside.de\/nl#website","url":"https:\/\/gronau-inside.de\/nl","name":"Gronau Inside","description":"Musikstadt im Gr\u00fcnen","publisher":{"@id":"https:\/\/gronau-inside.de\/nl#organization"},"potentialAction":[{"@type":"SearchAction","target":{"@type":"EntryPoint","urlTemplate":"https:\/\/gronau-inside.de\/nl?s={search_term_string}"},"query-input":{"@type":"PropertyValueSpecification","valueRequired":true,"valueName":"search_term_string"}}],"inLanguage":"nl-NL"},{"@type":"Organization","@id":"https:\/\/gronau-inside.de\/nl#organization","name":"Gronau Inside","url":"https:\/\/gronau-inside.de\/nl","logo":{"@type":"ImageObject","inLanguage":"nl-NL","@id":"https:\/\/gronau-inside.de\/nl#\/schema\/logo\/image\/","url":"https:\/\/gronau-inside.de\/wp-content\/uploads\/2020\/10\/01_gronau-logo_weissaufweiss_Schriftzug-1.png","contentUrl":"https:\/\/gronau-inside.de\/wp-content\/uploads\/2020\/10\/01_gronau-logo_weissaufweiss_Schriftzug-1.png","width":254,"height":246,"caption":"Gronau Inside"},"image":{"@id":"https:\/\/gronau-inside.de\/nl#\/schema\/logo\/image\/"}},{"@type":"Person","@id":"https:\/\/gronau-inside.de\/nl#\/schema\/person\/f2e1f5c91cd43ca8b12ddf26d7546e29","name":"Gronau Inside"}]}},"_links":{"self":[{"href":"https:\/\/gronau-inside.de\/nl\/wp-json\/wp\/v2\/posts\/93068","targetHints":{"allow":["GET"]}}],"collection":[{"href":"https:\/\/gronau-inside.de\/nl\/wp-json\/wp\/v2\/posts"}],"about":[{"href":"https:\/\/gronau-inside.de\/nl\/wp-json\/wp\/v2\/types\/post"}],"author":[{"embeddable":true,"href":"https:\/\/gronau-inside.de\/nl\/wp-json\/wp\/v2\/users\/2"}],"replies":[{"embeddable":true,"href":"https:\/\/gronau-inside.de\/nl\/wp-json\/wp\/v2\/comments?post=93068"}],"version-history":[{"count":0,"href":"https:\/\/gronau-inside.de\/nl\/wp-json\/wp\/v2\/posts\/93068\/revisions"}],"wp:featuredmedia":[{"embeddable":true,"href":"https:\/\/gronau-inside.de\/nl\/wp-json\/wp\/v2\/media\/93067"}],"wp:attachment":[{"href":"https:\/\/gronau-inside.de\/nl\/wp-json\/wp\/v2\/media?parent=93068"}],"wp:term":[{"taxonomy":"category","embeddable":true,"href":"https:\/\/gronau-inside.de\/nl\/wp-json\/wp\/v2\/categories?post=93068"},{"taxonomy":"post_tag","embeddable":true,"href":"https:\/\/gronau-inside.de\/nl\/wp-json\/wp\/v2\/tags?post=93068"}],"curies":[{"name":"wp","href":"https:\/\/api.w.org\/{rel}","templated":true}]}}